{"id":142125,"date":"2026-03-04T13:04:10","date_gmt":"2026-03-04T13:04:10","guid":{"rendered":"https:\/\/www.aib.media\/?p=142125"},"modified":"2026-03-04T13:04:10","modified_gmt":"2026-03-04T13:04:10","slug":"gourma-encadrement-patriotique-le-haut-commissaire-exhorte-les-eleves-a-traduire-les-enseignements-recus-en-comportements-exemplaires","status":"publish","type":"post","link":"https:\/\/www.aib.media\/?p=142125","title":{"rendered":"Gourma\/Encadrement patriotique : Le Haut-commissaire exhorte les \u00e9l\u00e8ves \u00e0 traduire les enseignements re\u00e7us en comportements exemplaires"},"content":{"rendered":"<p>BURKINA-GOURMA-ENCADREMENT-CIVIQUE<br \/>\n<strong>Gourma\/Encadrement patriotique : Le Haut-commissaire exhorte les \u00e9l\u00e8ves \u00e0 traduire les enseignements re\u00e7us en comportements exemplaires<\/strong><\/p>\n<p><strong>Fada N\u2019Gourma, 03 mars 2026 (AIB)-Le Haut-commissaire de la province du Gourma, Silas Nacanabo, a pr\u00e9sid\u00e9, ce mardi 3 mars 2026 \u00e0 Fada N\u2019Gourma, la cl\u00f4ture de la 1\u00e8re phase de l\u2019Encadrement civique et patriotique (ECP) des \u00e9l\u00e8ves dans les classes interm\u00e9diaires. Il a exhort\u00e9 les \u00e9l\u00e8ves \u00e0 traduire les enseignements re\u00e7us en comportements exemplaires. <\/strong><br \/>\n<strong>La cl\u00f4ture de la 1\u00e8re phase de l\u2019Encadrement civique et patriotique (ECP), le mardi 3 mars 2026 \u00e0 Fada N\u2019Gourma, a \u00e9t\u00e9 marqu\u00e9e par l\u2019engagement des \u00e9l\u00e8ves et la distinction des encadreurs civils et militaires.<\/strong><\/p>\n<p>Apr\u00e8s six semaines d\u2019immersion, les \u00e9l\u00e8ves b\u00e9n\u00e9ficiaires ont, \u00e0 travers leur repr\u00e9sentant, Th\u00e9ophile Thiombiano, exprim\u00e9 leur reconnaissance aux autorit\u00e9s administratives, aux Forces de d\u00e9fense et de s\u00e9curit\u00e9 (FDS) ainsi qu\u2019aux encadreurs.<br \/>\n\u00ab Durant ces six semaines d&rsquo;encouragement patriotique, nous avons appris que l&rsquo;encadrement civique et patriotique n&rsquo;est pas seulement une activit\u00e9 scolaire. C&rsquo;est une v\u00e9ritable \u00e9cole de vie. Il nous a appris la discipline, le respect de l&rsquo;autorit\u00e9, l&rsquo;amour de la patrie, le sens du devoir, la solidarit\u00e9 et le vivre-ensemble \u00bb, a-t-il d\u00e9clar\u00e9.<br \/>\nAu nom de ses camarades, M. Thiombiano, a pris l\u2019engagement d\u2019\u00eatre des ambassadeurs du civisme.<br \/>\n\u00ab Nous nous engageons \u00e0 respecter les r\u00e8gles de notre \u00e9tablissement et les lois du pays, cultiver la discipline et l&rsquo;excellence dans notre travail scolaire, promouvoir la paix, la tol\u00e9rance et la solidarit\u00e9 autour de nous, d\u00e9fendre les valeurs patriotiques et honorer les symboles de notre nation, \u00eatre des mod\u00e8les de civisme aussi bien dans l&rsquo;\u00e9cole que dans la soci\u00e9t\u00e9 \u00bb, a-t-il affirm\u00e9.<\/p>\n<p>Le Haut-commissaire de la province du Gourma, Silas Nacanabo, a rappel\u00e9 que l\u2019Encadrement civique et patriotique constitue un v\u00e9ritable contrat moral avec la Nation et non une simple parenth\u00e8se scolaire.<br \/>\nIl a exhort\u00e9 les \u00e9l\u00e8ves \u00e0 traduire les enseignements re\u00e7us en comportements exemplaires, notamment \u00e0 travers le respect de la hi\u00e9rarchie, l\u2019attachement aux symboles de l\u2019\u00c9tat et l\u2019ardeur au travail.<br \/>\nSelon les statistiques communiqu\u00e9es, 15 069 \u00e9l\u00e8ves des classes interm\u00e9diaires, dont 8 006 filles, ont pris part \u00e0 cette premi\u00e8re phase dans la province du Gourma.<br \/>\nLa c\u00e9r\u00e9monie a \u00e9galement \u00e9t\u00e9 marqu\u00e9e par la remise d\u2019attestations de reconnaissance aux encadreurs civils et militaires pour leur engagement et leur contribution d\u00e9terminante \u00e0 la r\u00e9ussite de cette immersion patriotique.<\/p>\n<p>Cette distinction traduit la reconnaissance des autorit\u00e9s provinciales \u00e0 l\u2019endroit de ces acteurs qui, malgr\u00e9 leurs multiples responsabilit\u00e9s, ont consenti des efforts pour inculquer aux \u00e9l\u00e8ves les valeurs de discipline, de civisme et d\u2019amour de la patrie.<br \/>\nLa cl\u00f4ture de cette session est intervenue dans une ambiance empreinte de fiert\u00e9 et d\u2019espoir, avec l\u2019engagement partag\u00e9 de faire rayonner les acquis de cette formation dans les \u00e9tablissements, les familles et la soci\u00e9t\u00e9.<\/p>\n<p><strong>Agence d\u2019information du Burkina<\/strong><br \/>\n<strong>KAC\/HB\/OO<\/strong><\/p>\n","protected":false},"excerpt":{"rendered":"<p>BURKINA-GOURMA-ENCADREMENT-CIVIQUE Gourma\/Encadrement patriotique : Le Haut-commissaire exhorte les \u00e9l\u00e8ves \u00e0 traduire les enseignements re\u00e7us en comportements exemplaires Fada N\u2019Gourma, 03 mars 2026 (AIB)-Le Haut-commissaire de la province du Gourma, Silas Nacanabo, a pr\u00e9sid\u00e9, ce mardi 3 mars 2026 \u00e0 Fada N\u2019Gourma, la cl\u00f4ture de la 1\u00e8re phase de l\u2019Encadrement civique et patriotique (ECP) des \u00e9l\u00e8ves [&hellip;]<\/p>\n","protected":false},"author":16,"featured_media":142126,"comment_status":"open","ping_status":"open","sticky":false,"template":"","format":"standard","meta":{"advanced_seo_description":"","jetpack_seo_html_title":"","jetpack_seo_noindex":false,"jetpack_post_was_ever_published":false,"footnotes":""},"categories":[173,80,49,93,117,203,38,40,36],"tags":[],"class_list":{"0":"post-142125","1":"post","2":"type-post","3":"status-publish","4":"format-standard","5":"has-post-thumbnail","7":"category-depeches","8":"category-dossiers","9":"category-est","10":"category-flashinfos","11":"category-gourma","12":"category-la-une-aib","13":"category-politique","14":"category-regions","15":"category-societe"},"jetpack_featured_media_url":"https:\/\/i0.wp.com\/www.aib.media\/wp-content\/uploads\/2026\/03\/3-6.jpeg?fit=1080%2C486&ssl=1","jetpack_shortlink":"https:\/\/wp.me\/pavbHe-AYl","_links":{"self":[{"href":"https:\/\/www.aib.media\/index.php?rest_route=\/wp\/v2\/posts\/142125","targetHints":{"allow":["GET"]}}],"collection":[{"href":"https:\/\/www.aib.media\/index.php?rest_route=\/wp\/v2\/posts"}],"about":[{"href":"https:\/\/www.aib.media\/index.php?rest_route=\/wp\/v2\/types\/post"}],"author":[{"embeddable":true,"href":"https:\/\/www.aib.media\/index.php?rest_route=\/wp\/v2\/users\/16"}],"replies":[{"embeddable":true,"href":"https:\/\/www.aib.media\/index.php?rest_route=%2Fwp%2Fv2%2Fcomments&post=142125"}],"version-history":[{"count":1,"href":"https:\/\/www.aib.media\/index.php?rest_route=\/wp\/v2\/posts\/142125\/revisions"}],"predecessor-version":[{"id":142127,"href":"https:\/\/www.aib.media\/index.php?rest_route=\/wp\/v2\/posts\/142125\/revisions\/142127"}],"wp:featuredmedia":[{"embeddable":true,"href":"https:\/\/www.aib.media\/index.php?rest_route=\/wp\/v2\/media\/142126"}],"wp:attachment":[{"href":"https:\/\/www.aib.media\/index.php?rest_route=%2Fwp%2Fv2%2Fmedia&parent=142125"}],"wp:term":[{"taxonomy":"category","embeddable":true,"href":"https:\/\/www.aib.media\/index.php?rest_route=%2Fwp%2Fv2%2Fcategories&post=142125"},{"taxonomy":"post_tag","embeddable":true,"href":"https:\/\/www.aib.media\/index.php?rest_route=%2Fwp%2Fv2%2Ftags&post=142125"}],"curies":[{"name":"wp","href":"https:\/\/api.w.org\/{rel}","templated":true}]}}