{"id":142105,"date":"2026-03-04T10:45:02","date_gmt":"2026-03-04T10:45:02","guid":{"rendered":"https:\/\/www.aib.media\/?p=142105"},"modified":"2026-03-04T10:45:02","modified_gmt":"2026-03-04T10:45:02","slug":"koulpelogo-sangha-la-paroisse-saint-antoine-de-padoue-de-cinkanse-en-pelerinage-sectoriel-a-taram-noaga","status":"publish","type":"post","link":"https:\/\/www.aib.media\/?p=142105","title":{"rendered":"Koulp\u00e9logo\/Sangha : La paroisse Saint Antoine de Padoue de Cinkans\u00e9 en p\u00e8lerinage sectoriel \u00e0 Taram-Noaga"},"content":{"rendered":"<p><strong>Koulp\u00e9logo\/Sangha : La paroisse Saint Antoine de Padoue de Cinkans\u00e9 en p\u00e8lerinage sectoriel \u00e0 Taram-Noaga<\/strong><\/p>\n<p><strong>Ouargaye, 3 mars 2026 (AIB)-Les fid\u00e8les catholiques de Sangha ont effectu\u00e9, dimanche 1er mars, leur p\u00e8lerinage sectoriel \u00e0 Taram-Noaga, village situ\u00e9 au nord-est de la ville, \u00e0 l\u2019initiative de la Paroisse Saint Antoine de Padoue de Cinkans\u00e9.<\/strong><\/p>\n<p>La c\u00e9l\u00e9bration eucharistique a \u00e9t\u00e9 pr\u00e9sid\u00e9e par le cur\u00e9 de la paroisse, l\u2019abb\u00e9 Constantin Kabor\u00e9, \u00e0 l\u2019\u00e9glise Saint Marcel de Sangha. Ce p\u00e8lerinage s\u2019inscrit dans le cadre de la Semaine nationale de mobilisation des ressources pour le Fonds catholique de solidarit\u00e9 Alfred Diban, plac\u00e9e sous le th\u00e8me : \u00ab Qui donnera \u00e0 boire, m\u00eame un simple verre d\u2019eau, ne perdra pas sa r\u00e9compense \u00bb.<\/p>\n<p>Dans son hom\u00e9lie, le c\u00e9l\u00e9brant a exhort\u00e9 les fid\u00e8les \u00e0 vivre pleinement leur foi en \u00e9tant des porteurs de joie, de paix et de pardon dans leur quotidien. Selon lui, partir en p\u00e8lerinage, c\u2019est avant tout accepter de quitter ses habitudes pour rechercher un sens plus profond \u00e0 sa vie et raffermir sa relation avec Dieu.<\/p>\n<p>Au cours de la c\u00e9l\u00e9bration, les cat\u00e9chum\u00e8nes ont franchi l\u2019avant-derni\u00e8re \u00e9tape de leur cheminement vers le bapt\u00eame, marquant ainsi un moment fort de leur engagement spirituel.<\/p>\n<p>La c\u00e9r\u00e9monie a mobilis\u00e9 l\u2019ensemble des fid\u00e8les catholiques du secteur, venus communier dans la pri\u00e8re et la fraternit\u00e9. Le temps de pri\u00e8re a pris fin aux environs de 11 heures, avant de laisser place \u00e0 une kermesse, offrant aux p\u00e8lerins un cadre de partage et de convivialit\u00e9.<\/p>\n<p><strong>Agence d&rsquo;information du Burkina<\/strong><\/p>\n<p><strong>TKK\/bp\/yos<\/strong><\/p>\n","protected":false},"excerpt":{"rendered":"<p>Koulp\u00e9logo\/Sangha : La paroisse Saint Antoine de Padoue de Cinkans\u00e9 en p\u00e8lerinage sectoriel \u00e0 Taram-Noaga Ouargaye, 3 mars 2026 (AIB)-Les fid\u00e8les catholiques de Sangha ont effectu\u00e9, dimanche 1er mars, leur p\u00e8lerinage sectoriel \u00e0 Taram-Noaga, village situ\u00e9 au nord-est de la ville, \u00e0 l\u2019initiative de la Paroisse Saint Antoine de Padoue de Cinkans\u00e9. La c\u00e9l\u00e9bration eucharistique [&hellip;]<\/p>\n","protected":false},"author":16,"featured_media":142106,"comment_status":"open","ping_status":"open","sticky":false,"template":"","format":"standard","meta":{"advanced_seo_description":"","jetpack_seo_html_title":"","jetpack_seo_noindex":false,"jetpack_post_was_ever_published":false,"footnotes":""},"categories":[45,173,80,93,104,203,38,40,36],"tags":[],"class_list":{"0":"post-142105","1":"post","2":"type-post","3":"status-publish","4":"format-standard","5":"has-post-thumbnail","7":"category-centre-est","8":"category-depeches","9":"category-dossiers","10":"category-flashinfos","11":"category-koulpelogo","12":"category-la-une-aib","13":"category-politique","14":"category-regions","15":"category-societe"},"jetpack_featured_media_url":"https:\/\/i0.wp.com\/www.aib.media\/wp-content\/uploads\/2026\/03\/3-5.jpeg?fit=1040%2C780&ssl=1","jetpack_shortlink":"https:\/\/wp.me\/pavbHe-AY1","_links":{"self":[{"href":"https:\/\/www.aib.media\/index.php?rest_route=\/wp\/v2\/posts\/142105","targetHints":{"allow":["GET"]}}],"collection":[{"href":"https:\/\/www.aib.media\/index.php?rest_route=\/wp\/v2\/posts"}],"about":[{"href":"https:\/\/www.aib.media\/index.php?rest_route=\/wp\/v2\/types\/post"}],"author":[{"embeddable":true,"href":"https:\/\/www.aib.media\/index.php?rest_route=\/wp\/v2\/users\/16"}],"replies":[{"embeddable":true,"href":"https:\/\/www.aib.media\/index.php?rest_route=%2Fwp%2Fv2%2Fcomments&post=142105"}],"version-history":[{"count":1,"href":"https:\/\/www.aib.media\/index.php?rest_route=\/wp\/v2\/posts\/142105\/revisions"}],"predecessor-version":[{"id":142107,"href":"https:\/\/www.aib.media\/index.php?rest_route=\/wp\/v2\/posts\/142105\/revisions\/142107"}],"wp:featuredmedia":[{"embeddable":true,"href":"https:\/\/www.aib.media\/index.php?rest_route=\/wp\/v2\/media\/142106"}],"wp:attachment":[{"href":"https:\/\/www.aib.media\/index.php?rest_route=%2Fwp%2Fv2%2Fmedia&parent=142105"}],"wp:term":[{"taxonomy":"category","embeddable":true,"href":"https:\/\/www.aib.media\/index.php?rest_route=%2Fwp%2Fv2%2Fcategories&post=142105"},{"taxonomy":"post_tag","embeddable":true,"href":"https:\/\/www.aib.media\/index.php?rest_route=%2Fwp%2Fv2%2Ftags&post=142105"}],"curies":[{"name":"wp","href":"https:\/\/api.w.org\/{rel}","templated":true}]}}