{"id":142017,"date":"2026-03-03T12:40:04","date_gmt":"2026-03-03T12:40:04","guid":{"rendered":"https:\/\/www.aib.media\/?p=142017"},"modified":"2026-03-03T15:08:17","modified_gmt":"2026-03-03T15:08:17","slug":"toece-don-de-vivres-la-delegation-speciale-de-la-commune-solidaire-des-personnes-vulnerables","status":"publish","type":"post","link":"https:\/\/www.aib.media\/?p=142017","title":{"rendered":"To\u00e9c\u00e9\/Don de vivres : La D\u00e9l\u00e9gation sp\u00e9ciale de la commune solidaire des personnes vuln\u00e9rables"},"content":{"rendered":"<p>Burkina-Baze\u0300ga-Solidarite\u0301-Don-Vivres<\/p>\n<p><strong>To\u00e9c\u00e9\/Don de vivres : La D\u00e9l\u00e9gation sp\u00e9ciale de la commune solidaire des personnes vuln\u00e9rables<\/strong><\/p>\n<p><strong>To\u00e9c\u00e9, le 2 mars 2026 (AIB) &#8211; Les membres de la D\u00e9l\u00e9gation sp\u00e9ciale de la commune de To\u00e9c\u00e9 ont fait un don de vivres aux personnes vuln\u00e9rables, le jeudi 26 f\u00e9vrier 2026. Ce geste de solidarit\u00e9 vise \u00e0 am\u00e9liorer le quotidien des b\u00e9n\u00e9ficiaires.<\/strong><\/p>\n<p>Les membres de la D\u00e9l\u00e9gation sp\u00e9ciale de la commune de To\u00e9c\u00e9 ont pos\u00e9 un acte de g\u00e9n\u00e9rosit\u00e9 \u00e0 l&rsquo;endroit des personnes en difficult\u00e9.<br \/>\nConscient de la situation de pr\u00e9carit\u00e9 que vit une partie de sa population, la D\u00e9l\u00e9gation sp\u00e9ciale a fait un don de vivres, notamment du ma\u00efs d&rsquo;une quantit\u00e9 de 200 sacs de 50 kg.<br \/>\nCe don de 10 tonnes a \u00e9t\u00e9 mis \u00e0 la disposition du service social de la commune.<\/p>\n<p>Cette action de solidarit\u00e9 vise \u00e0 am\u00e9liorer la ration alimentaire des personnes vuln\u00e9rables. Les b\u00e9n\u00e9ficiaires sont notamment les personnes vivant avec un handicap, les parents des VDP (Volontaires pour la d\u00e9fense de la patrie), tomb\u00e9s sur le champ de bataille pour la reconqu\u00eate du territoire et les personnes d\u00e9plac\u00e9es internes.<\/p>\n<p>Pour monsieur Issouf Ganam\u00e9, chef du service social de la mairie, ce don est un apport consid\u00e9rable dans l&rsquo;am\u00e9lioration des conditions de vie des b\u00e9n\u00e9ficiaires.<br \/>\n\u00c0 cette occasion, il a traduit ses remerciements aux autorit\u00e9s communales pour cet acte de solidarit\u00e9. Monsieur Ganam\u00e9 a \u00e9mis le souhait que cet \u00e9lan de solidarit\u00e9 se maintienne afin d&rsquo;accompagner les populations dans le besoin.<\/p>\n<p>Quant \u00e0 Mr Alidou Ouedraogo 2\u00e8me vice-pr\u00e9sident de la D\u00e9l\u00e9gation sp\u00e9ciale de To\u00e9c\u00e9, il a f\u00e9licit\u00e9 les b\u00e9n\u00e9ficiaires et a demand\u00e9\u0301 \u00e0 la population d&rsquo;\u00eatre solidaire envers leurs pairs et soutenir autant que possible les personnes qui sont dans le besoin.<\/p>\n<p>Monsieur Ou\u00e9draogo a pr\u00e9cis\u00e9 que les fonds utilis\u00e9s pour l&rsquo;achat des vivres, proviennent des ressources propres de la Commune. Il a invit\u00e9 les b\u00e9n\u00e9ficiaires \u00e0 en faire bon usage.<br \/>\nIl a \u00e9galement rassur\u00e9 que la D\u00e9l\u00e9gation sp\u00e9ciale continuera dans cette dynamique dans la mesure du possible.<\/p>\n<p style=\"text-align: right\"><strong>Agence d\u2019information du Burkina<\/strong><br \/>\n<strong>KSC-dnk<\/strong><\/p>\n","protected":false},"excerpt":{"rendered":"<p>Burkina-Baze\u0300ga-Solidarite\u0301-Don-Vivres To\u00e9c\u00e9\/Don de vivres : La D\u00e9l\u00e9gation sp\u00e9ciale de la commune solidaire des personnes vuln\u00e9rables To\u00e9c\u00e9, le 2 mars 2026 (AIB) &#8211; Les membres de la D\u00e9l\u00e9gation sp\u00e9ciale de la commune de To\u00e9c\u00e9 ont fait un don de vivres aux personnes vuln\u00e9rables, le jeudi 26 f\u00e9vrier 2026. Ce geste de solidarit\u00e9 vise \u00e0 am\u00e9liorer le [&hellip;]<\/p>\n","protected":false},"author":21,"featured_media":142045,"comment_status":"open","ping_status":"open","sticky":false,"template":"","format":"standard","meta":{"advanced_seo_description":"","jetpack_seo_html_title":"","jetpack_seo_noindex":false,"jetpack_post_was_ever_published":false,"footnotes":""},"categories":[113,48,173,93,203,36],"tags":[],"class_list":{"0":"post-142017","1":"post","2":"type-post","3":"status-publish","4":"format-standard","5":"has-post-thumbnail","7":"category-bazega","8":"category-centre-sud","9":"category-depeches","10":"category-flashinfos","11":"category-la-une-aib","12":"category-societe"},"jetpack_featured_media_url":"https:\/\/i0.wp.com\/www.aib.media\/wp-content\/uploads\/2026\/03\/IMG-20260303-WA0081.jpg?fit=1080%2C810&ssl=1","jetpack_shortlink":"https:\/\/wp.me\/pavbHe-AWB","_links":{"self":[{"href":"https:\/\/www.aib.media\/index.php?rest_route=\/wp\/v2\/posts\/142017","targetHints":{"allow":["GET"]}}],"collection":[{"href":"https:\/\/www.aib.media\/index.php?rest_route=\/wp\/v2\/posts"}],"about":[{"href":"https:\/\/www.aib.media\/index.php?rest_route=\/wp\/v2\/types\/post"}],"author":[{"embeddable":true,"href":"https:\/\/www.aib.media\/index.php?rest_route=\/wp\/v2\/users\/21"}],"replies":[{"embeddable":true,"href":"https:\/\/www.aib.media\/index.php?rest_route=%2Fwp%2Fv2%2Fcomments&post=142017"}],"version-history":[{"count":2,"href":"https:\/\/www.aib.media\/index.php?rest_route=\/wp\/v2\/posts\/142017\/revisions"}],"predecessor-version":[{"id":142020,"href":"https:\/\/www.aib.media\/index.php?rest_route=\/wp\/v2\/posts\/142017\/revisions\/142020"}],"wp:featuredmedia":[{"embeddable":true,"href":"https:\/\/www.aib.media\/index.php?rest_route=\/wp\/v2\/media\/142045"}],"wp:attachment":[{"href":"https:\/\/www.aib.media\/index.php?rest_route=%2Fwp%2Fv2%2Fmedia&parent=142017"}],"wp:term":[{"taxonomy":"category","embeddable":true,"href":"https:\/\/www.aib.media\/index.php?rest_route=%2Fwp%2Fv2%2Fcategories&post=142017"},{"taxonomy":"post_tag","embeddable":true,"href":"https:\/\/www.aib.media\/index.php?rest_route=%2Fwp%2Fv2%2Ftags&post=142017"}],"curies":[{"name":"wp","href":"https:\/\/api.w.org\/{rel}","templated":true}]}}