{"id":141997,"date":"2026-03-03T12:15:29","date_gmt":"2026-03-03T12:15:29","guid":{"rendered":"https:\/\/www.aib.media\/?p=141997"},"modified":"2026-03-03T12:15:29","modified_gmt":"2026-03-03T12:15:29","slug":"bougouriba-iolonioro-le-pds-plaide-pour-lextension-de-limmersion-patriotique-a-tous-les-etablissements-secondaires","status":"publish","type":"post","link":"https:\/\/www.aib.media\/?p=141997","title":{"rendered":"Bougouriba\/Iolonioro : le PDS plaide pour l\u2019extension de l\u2019immersion patriotique \u00e0 tous les \u00e9tablissements secondaires"},"content":{"rendered":"<p><strong>Bougouriba\/Iolonioro : le PDS plaide pour l\u2019extension de l\u2019immersion patriotique \u00e0 tous les \u00e9tablissements secondaires<\/strong><\/p>\n<p><strong>Iolonioro, 3 mars 2026 (AIB) \u2013 Le Coll\u00e8ge d\u2019enseignement g\u00e9n\u00e9ral (CEG) de Iolonioro, dans la commune de Iolonioro, a accueilli le lundi 2 mars, la traditionnelle c\u00e9r\u00e9monie mensuelle de mont\u00e9e des couleurs nationales, en pr\u00e9sence des autorit\u00e9s administratives, militaires et paramilitaires, des chefs de service, du personnel enseignant et administratif, des partenaires sociaux ainsi que des \u00e9l\u00e8ves.<\/strong><\/p>\n<p>Plac\u00e9e sous la conduite du pr\u00e9sident de la d\u00e9l\u00e9gation sp\u00e9ciale (PDS) de Iolonioro, Joachin Konkobo, la c\u00e9r\u00e9monie du mois de mars 2026 s\u2019est d\u00e9roul\u00e9e dans un esprit de discipline, de recueillement et de patriotisme. Rassembl\u00e9s dans la cour de l\u2019\u00e9tablissement, les participants ont proc\u00e9d\u00e9 \u00e0 la mont\u00e9e solennelle du drapeau national, symbole de l\u2019unit\u00e9, de l\u2019engagement citoyen et du service \u00e0 la Nation.<\/p>\n<p>\u00c0 l\u2019issue de la mont\u00e9e des couleurs, l\u2019adjudant-chef des Eaux et for\u00eats, Innocent Domombedioun Hien, par ailleurs formateur charg\u00e9 de l\u2019immersion patriotique des classes interm\u00e9diaires au sein du CEG, a pr\u00e9sent\u00e9 au PDS les \u00e9l\u00e8ves b\u00e9n\u00e9ficiaires de ladite formation. Au total, 122 \u00e9l\u00e8ves ont pris part \u00e0 cette immersion patriotique d\u2019une dur\u00e9e de six semaines.<\/p>\n<p>Selon le formateur, les participants ont \u00e9t\u00e9 outill\u00e9s sur des th\u00e9matiques li\u00e9es au civisme, au patriotisme, \u00e0 la discipline et aux valeurs r\u00e9publicaines, afin de les pr\u00e9parer \u00e0 devenir des citoyens responsables, engag\u00e9s pour un Burkina Faso plus solidaire et prosp\u00e8re.<\/p>\n<p>Dans son adresse, le pr\u00e9sident de la d\u00e9l\u00e9gation sp\u00e9ciale a exprim\u00e9 ses sinc\u00e8res remerciements \u00e0 l\u2019ensemble des formateurs pour les efforts consentis dans l\u2019encadrement et la formation patriotique des \u00e9l\u00e8ves du CEG de Iolonioro. Il a salu\u00e9 l\u2019initiative et souhait\u00e9 que ce programme d\u2019immersion patriotique puisse \u00eatre \u00e9tendu, dans les mois \u00e0 venir, aux autres \u00e9tablissements secondaires de la commune.<\/p>\n<p>Le PDS a \u00e9galement f\u00e9licit\u00e9 les diff\u00e9rents corps constitu\u00e9s et les \u00e9l\u00e8ves pour leur forte mobilisation et leur sens \u00e9lev\u00e9 de responsabilit\u00e9, traduisant leur attachement aux valeurs r\u00e9publicaines.<\/p>\n<p>La c\u00e9r\u00e9monie a pris fin par l\u2019interpr\u00e9tation d\u2019une chanson empreinte de patriotisme et d\u2019engagement, ex\u00e9cut\u00e9e par les \u00e9l\u00e8ves immerg\u00e9s, avant que le PDS ne souhaite \u00e0 l\u2019ensemble des participants un bon retour dans leurs services respectifs.<\/p>\n<p style=\"text-align: right\"><strong>Agence d&rsquo;Information du Burkina<\/strong><br \/>\n<strong>SK\/kmg\/ata<\/strong><\/p>\n","protected":false},"excerpt":{"rendered":"<p>Bougouriba\/Iolonioro : le PDS plaide pour l\u2019extension de l\u2019immersion patriotique \u00e0 tous les \u00e9tablissements secondaires Iolonioro, 3 mars 2026 (AIB) \u2013 Le Coll\u00e8ge d\u2019enseignement g\u00e9n\u00e9ral (CEG) de Iolonioro, dans la commune de Iolonioro, a accueilli le lundi 2 mars, la traditionnelle c\u00e9r\u00e9monie mensuelle de mont\u00e9e des couleurs nationales, en pr\u00e9sence des autorit\u00e9s administratives, militaires et [&hellip;]<\/p>\n","protected":false},"author":15,"featured_media":142003,"comment_status":"open","ping_status":"open","sticky":false,"template":"","format":"standard","meta":{"advanced_seo_description":"","jetpack_seo_html_title":"","jetpack_seo_noindex":false,"jetpack_post_was_ever_published":false,"footnotes":""},"categories":[135,173,93,203],"tags":[],"class_list":{"0":"post-141997","1":"post","2":"type-post","3":"status-publish","4":"format-standard","5":"has-post-thumbnail","7":"category-bougouriba","8":"category-depeches","9":"category-flashinfos","10":"category-la-une-aib"},"jetpack_featured_media_url":"https:\/\/i0.wp.com\/www.aib.media\/wp-content\/uploads\/2026\/03\/IMG-20260303-WA0025.jpg?fit=1080%2C511&ssl=1","jetpack_shortlink":"https:\/\/wp.me\/pavbHe-AWh","_links":{"self":[{"href":"https:\/\/www.aib.media\/index.php?rest_route=\/wp\/v2\/posts\/141997","targetHints":{"allow":["GET"]}}],"collection":[{"href":"https:\/\/www.aib.media\/index.php?rest_route=\/wp\/v2\/posts"}],"about":[{"href":"https:\/\/www.aib.media\/index.php?rest_route=\/wp\/v2\/types\/post"}],"author":[{"embeddable":true,"href":"https:\/\/www.aib.media\/index.php?rest_route=\/wp\/v2\/users\/15"}],"replies":[{"embeddable":true,"href":"https:\/\/www.aib.media\/index.php?rest_route=%2Fwp%2Fv2%2Fcomments&post=141997"}],"version-history":[{"count":1,"href":"https:\/\/www.aib.media\/index.php?rest_route=\/wp\/v2\/posts\/141997\/revisions"}],"predecessor-version":[{"id":142004,"href":"https:\/\/www.aib.media\/index.php?rest_route=\/wp\/v2\/posts\/141997\/revisions\/142004"}],"wp:featuredmedia":[{"embeddable":true,"href":"https:\/\/www.aib.media\/index.php?rest_route=\/wp\/v2\/media\/142003"}],"wp:attachment":[{"href":"https:\/\/www.aib.media\/index.php?rest_route=%2Fwp%2Fv2%2Fmedia&parent=141997"}],"wp:term":[{"taxonomy":"category","embeddable":true,"href":"https:\/\/www.aib.media\/index.php?rest_route=%2Fwp%2Fv2%2Fcategories&post=141997"},{"taxonomy":"post_tag","embeddable":true,"href":"https:\/\/www.aib.media\/index.php?rest_route=%2Fwp%2Fv2%2Ftags&post=141997"}],"curies":[{"name":"wp","href":"https:\/\/api.w.org\/{rel}","templated":true}]}}