{"id":141981,"date":"2026-03-03T11:43:06","date_gmt":"2026-03-03T11:43:06","guid":{"rendered":"https:\/\/www.aib.media\/?p=141981"},"modified":"2026-03-03T11:43:06","modified_gmt":"2026-03-03T11:43:06","slug":"komondjari-sport-et-culture-le-chef-de-la-ceb-de-gayeri-lance-officiellement-les-activites-de-loscep-2026","status":"publish","type":"post","link":"https:\/\/www.aib.media\/?p=141981","title":{"rendered":"Komondjari\/Sport et culture : le chef de la CEB de Gay\u00e9ri lance officiellement les activit\u00e9s de l\u2019OSCEP 2026"},"content":{"rendered":"<p><strong>Komondjari\/Sport et culture : le chef de la CEB de Gay\u00e9ri lance officiellement les activit\u00e9s de l\u2019OSCEP 2026<\/strong><\/p>\n<p><strong>Gay\u00e9ri, 2 mars 2026 (AIB)-Le chef de la Circonscription d\u2019\u00e9ducation de base (CEB) de Gay\u00e9ri, M. Raogo Darankoum, a proc\u00e9d\u00e9, le samedi 28 f\u00e9vrier 2026, au lancement officiel des activit\u00e9s de l\u2019Organisation du sport et de la culture \u00e0 l\u2019\u00e9cole primaire (OSCEP), \u00e9dition 2026, sous le th\u00e8me : \u00ab Sport et culture pour une \u00e9cole citoyenne et patriotique \u00bb.<\/strong><\/p>\n<p>La c\u00e9r\u00e9monie d\u2019ouverture, riche en couleurs, a \u00e9t\u00e9 marqu\u00e9e par le d\u00e9fil\u00e9 des diff\u00e9rentes \u00e9coles de la CEB, venues t\u00e9moigner de leur engagement en faveur de la promotion des valeurs civiques \u00e0 travers le sport et la culture. \u00c9l\u00e8ves, encadreurs et responsables \u00e9ducatifs ont r\u00e9pondu massivement \u00e0 l\u2019appel, traduisant ainsi leur attachement \u00e0 cette initiative annuelle.<\/p>\n<p>Le coup d\u2019envoi des comp\u00e9titions a \u00e9t\u00e9 donn\u00e9 \u00e0 travers un match de football inaugural opposant l\u2019\u00e9quipe de l\u2019\u00e9cole primaire de Gay\u00e9ri \u00ab A \u00bb \u00e0 celle de Gay\u00e9ri \u00ab B \u00bb, dans une ambiance conviviale et fraternelle.<\/p>\n<p>Dans son allocution, M. Raogo Darankoum a salu\u00e9 la forte mobilisation des acteurs du monde \u00e9ducatif et des partenaires pour la r\u00e9ussite de l\u2019\u00e9v\u00e9nement. Il a exhort\u00e9 les participants \u00e0 cultiver l\u2019esprit de fair-play, de solidarit\u00e9 et de respect mutuel tout au long des comp\u00e9titions.<\/p>\n<p>Pour cette \u00e9dition 2026, douze \u00e9coles de la CEB de Gay\u00e9ri prennent part aux diff\u00e9rentes \u00e9preuves sportives et culturelles. \u00c0 travers ces activit\u00e9s, les organisateurs entendent renforcer la coh\u00e9sion entre les \u00e9l\u00e8ves et promouvoir les valeurs de patriotisme et de citoyennet\u00e9 en milieu scolaire.<\/p>\n<p style=\"text-align: right\"><strong>Agence d\u2019information du Burkina <\/strong><br \/>\n<strong>LNY\/ata<\/strong><\/p>\n","protected":false},"excerpt":{"rendered":"<p>Komondjari\/Sport et culture : le chef de la CEB de Gay\u00e9ri lance officiellement les activit\u00e9s de l\u2019OSCEP 2026 Gay\u00e9ri, 2 mars 2026 (AIB)-Le chef de la Circonscription d\u2019\u00e9ducation de base (CEB) de Gay\u00e9ri, M. Raogo Darankoum, a proc\u00e9d\u00e9, le samedi 28 f\u00e9vrier 2026, au lancement officiel des activit\u00e9s de l\u2019Organisation du sport et de la [&hellip;]<\/p>\n","protected":false},"author":15,"featured_media":141986,"comment_status":"open","ping_status":"open","sticky":false,"template":"","format":"standard","meta":{"advanced_seo_description":"","jetpack_seo_html_title":"","jetpack_seo_noindex":false,"jetpack_post_was_ever_published":false,"footnotes":""},"categories":[173,93,118,203],"tags":[],"class_list":{"0":"post-141981","1":"post","2":"type-post","3":"status-publish","4":"format-standard","5":"has-post-thumbnail","7":"category-depeches","8":"category-flashinfos","9":"category-komandjari","10":"category-la-une-aib"},"jetpack_featured_media_url":"https:\/\/i0.wp.com\/www.aib.media\/wp-content\/uploads\/2026\/03\/IMG-20260302-WA02212.jpg?fit=1280%2C960&ssl=1","jetpack_shortlink":"https:\/\/wp.me\/pavbHe-AW1","_links":{"self":[{"href":"https:\/\/www.aib.media\/index.php?rest_route=\/wp\/v2\/posts\/141981","targetHints":{"allow":["GET"]}}],"collection":[{"href":"https:\/\/www.aib.media\/index.php?rest_route=\/wp\/v2\/posts"}],"about":[{"href":"https:\/\/www.aib.media\/index.php?rest_route=\/wp\/v2\/types\/post"}],"author":[{"embeddable":true,"href":"https:\/\/www.aib.media\/index.php?rest_route=\/wp\/v2\/users\/15"}],"replies":[{"embeddable":true,"href":"https:\/\/www.aib.media\/index.php?rest_route=%2Fwp%2Fv2%2Fcomments&post=141981"}],"version-history":[{"count":1,"href":"https:\/\/www.aib.media\/index.php?rest_route=\/wp\/v2\/posts\/141981\/revisions"}],"predecessor-version":[{"id":141987,"href":"https:\/\/www.aib.media\/index.php?rest_route=\/wp\/v2\/posts\/141981\/revisions\/141987"}],"wp:featuredmedia":[{"embeddable":true,"href":"https:\/\/www.aib.media\/index.php?rest_route=\/wp\/v2\/media\/141986"}],"wp:attachment":[{"href":"https:\/\/www.aib.media\/index.php?rest_route=%2Fwp%2Fv2%2Fmedia&parent=141981"}],"wp:term":[{"taxonomy":"category","embeddable":true,"href":"https:\/\/www.aib.media\/index.php?rest_route=%2Fwp%2Fv2%2Fcategories&post=141981"},{"taxonomy":"post_tag","embeddable":true,"href":"https:\/\/www.aib.media\/index.php?rest_route=%2Fwp%2Fv2%2Ftags&post=141981"}],"curies":[{"name":"wp","href":"https:\/\/api.w.org\/{rel}","templated":true}]}}