{"id":141940,"date":"2026-03-03T08:09:36","date_gmt":"2026-03-03T08:09:36","guid":{"rendered":"https:\/\/www.aib.media\/?p=141940"},"modified":"2026-03-03T08:09:36","modified_gmt":"2026-03-03T08:09:36","slug":"proces-ye-camille-et-autres-jai-recu-lordre-de-retirer-le-contrat-de-115-millions-qui-navait-pas-de-piece-justificative-tiegnan","status":"publish","type":"post","link":"https:\/\/www.aib.media\/?p=141940","title":{"rendered":"Proc\u00e8s Y\u00e9 Camille et autres : \u00ab J\u2019ai re\u00e7u l\u2019ordre de retirer le contrat de 115 millions qui n\u2019avait pas de pi\u00e8ce justificative \u00bb, Ti\u00e9gnan"},"content":{"rendered":"<p><strong>Proc\u00e8s Y\u00e9 Camille et autres : \u00ab J\u2019ai re\u00e7u l\u2019ordre de retirer le contrat de 115 millions qui n\u2019avait pas de pi\u00e8ce justificative \u00bb, Ti\u00e9gnan <\/strong><\/p>\n<p>Ouagadougou, 2 mars 2026 (AIB) \u2013 Au 7e jour du proc\u00e8s opposant le minist\u00e8re public \u00e0 Y\u00e9 Camille, Laure\/Zongo Hein et autres pour des faits de d\u00e9tournement de deniers publics, le t\u00e9moin Hamidou Ti\u00e9gnan a d\u00e9clar\u00e9 avoir re\u00e7u l\u2019ordre de retirer d\u2019un dossier un contrat de fourniture de carburant d\u2019un montant de 115 millions de FCFA, au motif que celui-ci ne comportait pas de pi\u00e8ces justificatives.<\/p>\n<p>\u00ab J\u2019ai re\u00e7u un coup de fil me demandant de retirer le contrat de fourniture de carburant de 115 millions du dossier qui devait \u00eatre soumis au contr\u00f4leur de l\u2019ASCE-LC \u00bb, a indiqu\u00e9 Hamidou Ti\u00e9gnan, appel\u00e9 \u00e0 la barre comme t\u00e9moin dans l\u2019affaire Y\u00e9 Camille.<\/p>\n<p>Selon lui, cette demande \u00e9manait de son sup\u00e9rieur hi\u00e9rarchique, en l\u2019occurrence le gestionnaire du compte d\u00e9di\u00e9 \u00e0 la protection sociale des personnes vuln\u00e9rables, Billa Pacso, \u00e9galement pr\u00e9venu dans cette affaire. D\u2019apr\u00e8s le t\u00e9moin, il s\u2019agissait de dissimuler une d\u00e9pense d\u00e9j\u00e0 effectu\u00e9e, mais qui ne disposait d\u2019aucune pi\u00e8ce justificative.<\/p>\n<p>M. Ti\u00e9gnan a ajout\u00e9 que le retrait du contrat aurait \u00e9t\u00e9 effectu\u00e9 par Hamidou Sor\u00e9 et Bouakar\u00e9 Ou\u00e9draogo.<\/p>\n<p>Estimant que ce t\u00e9moignage visait \u00e0 nuire \u00e0 son client, l\u2019avocat de Paco Bila a interrog\u00e9 M. Ti\u00e9gnan pour savoir s\u2019il \u00e9tait \u00e0 la barre pour l\u2019accabler.<\/p>\n<p>Face \u00e0 cette situation, le pr\u00e9sident du tribunal a recadr\u00e9 les \u00e9changes en d\u00e9clarant : \u00ab Nous attendons de Hamidou Ti\u00e9gnan qu\u2019il relate les faits et non qu\u2019il t\u00e9moigne contre qui que ce soit.<\/p>\n<p>Appel\u00e9 \u00e0 la barre, le pr\u00e9venu Billa Pasco a rejet\u00e9 les propos du t\u00e9moin mais a d\u00e9clar\u00e9 toutefois ne pas se souvenir avoir demand\u00e9 \u00e0 M. Ti\u00e9gnan de soustraire le dossier relatif au contrat de 115 millions de F CFA.<\/p>\n<p><strong>Agence d\u2019information du Burkina<\/strong><\/p>\n<p>&nbsp;<\/p>\n<p>&nbsp;<\/p>\n<p>&nbsp;<\/p>\n<p>&nbsp;<\/p>\n<p>&nbsp;<\/p>\n<p>&nbsp;<\/p>\n","protected":false},"excerpt":{"rendered":"<p>Proc\u00e8s Y\u00e9 Camille et autres : \u00ab J\u2019ai re\u00e7u l\u2019ordre de retirer le contrat de 115 millions qui n\u2019avait pas de pi\u00e8ce justificative \u00bb, Ti\u00e9gnan Ouagadougou, 2 mars 2026 (AIB) \u2013 Au 7e jour du proc\u00e8s opposant le minist\u00e8re public \u00e0 Y\u00e9 Camille, Laure\/Zongo Hein et autres pour des faits de d\u00e9tournement de deniers publics, [&hellip;]<\/p>\n","protected":false},"author":16,"featured_media":141941,"comment_status":"open","ping_status":"open","sticky":false,"template":"","format":"standard","meta":{"advanced_seo_description":"","jetpack_seo_html_title":"","jetpack_seo_noindex":false,"jetpack_post_was_ever_published":false,"footnotes":""},"categories":[42,173,80,93,203,38],"tags":[],"class_list":{"0":"post-141940","1":"post","2":"type-post","3":"status-publish","4":"format-standard","5":"has-post-thumbnail","7":"category-centre","8":"category-depeches","9":"category-dossiers","10":"category-flashinfos","11":"category-la-une-aib","12":"category-politique"},"jetpack_featured_media_url":"https:\/\/i0.wp.com\/www.aib.media\/wp-content\/uploads\/2026\/03\/IMG-20260303-WA0003.jpg?fit=1280%2C1145&ssl=1","jetpack_shortlink":"https:\/\/wp.me\/pavbHe-AVm","_links":{"self":[{"href":"https:\/\/www.aib.media\/index.php?rest_route=\/wp\/v2\/posts\/141940","targetHints":{"allow":["GET"]}}],"collection":[{"href":"https:\/\/www.aib.media\/index.php?rest_route=\/wp\/v2\/posts"}],"about":[{"href":"https:\/\/www.aib.media\/index.php?rest_route=\/wp\/v2\/types\/post"}],"author":[{"embeddable":true,"href":"https:\/\/www.aib.media\/index.php?rest_route=\/wp\/v2\/users\/16"}],"replies":[{"embeddable":true,"href":"https:\/\/www.aib.media\/index.php?rest_route=%2Fwp%2Fv2%2Fcomments&post=141940"}],"version-history":[{"count":1,"href":"https:\/\/www.aib.media\/index.php?rest_route=\/wp\/v2\/posts\/141940\/revisions"}],"predecessor-version":[{"id":141942,"href":"https:\/\/www.aib.media\/index.php?rest_route=\/wp\/v2\/posts\/141940\/revisions\/141942"}],"wp:featuredmedia":[{"embeddable":true,"href":"https:\/\/www.aib.media\/index.php?rest_route=\/wp\/v2\/media\/141941"}],"wp:attachment":[{"href":"https:\/\/www.aib.media\/index.php?rest_route=%2Fwp%2Fv2%2Fmedia&parent=141940"}],"wp:term":[{"taxonomy":"category","embeddable":true,"href":"https:\/\/www.aib.media\/index.php?rest_route=%2Fwp%2Fv2%2Fcategories&post=141940"},{"taxonomy":"post_tag","embeddable":true,"href":"https:\/\/www.aib.media\/index.php?rest_route=%2Fwp%2Fv2%2Ftags&post=141940"}],"curies":[{"name":"wp","href":"https:\/\/api.w.org\/{rel}","templated":true}]}}