{"id":141917,"date":"2026-03-02T18:16:46","date_gmt":"2026-03-02T18:16:46","guid":{"rendered":"https:\/\/www.aib.media\/?p=141917"},"modified":"2026-03-02T18:16:46","modified_gmt":"2026-03-02T18:16:46","slug":"banwa-montee-des-couleurs-le-secretaire-general-de-la-province-exhorte-la-population-a-la-cohesion-sociale","status":"publish","type":"post","link":"https:\/\/www.aib.media\/?p=141917","title":{"rendered":"Banwa\/mont\u00e9e des couleurs : le secr\u00e9taire g\u00e9n\u00e9ral de la province exhorte la population \u00e0 la coh\u00e9sion sociale"},"content":{"rendered":"<p>Burkina\/Banwa-Mont\u00e9e-Couleurs<\/p>\n<p><strong>Banwa\/mont\u00e9e des couleurs : le secr\u00e9taire g\u00e9n\u00e9ral de la province exhorte la population \u00e0 la coh\u00e9sion sociale<\/strong><\/p>\n<p><strong>Solenzo, 2 mars 2026 (AIB) &#8211; Le secr\u00e9taire g\u00e9n\u00e9ral de la province des Banwa, Abdoul Kader KongZabr\u00e9 a exhort\u00e9, le lundi 2 mars 2026, lors de la traditionnelle mont\u00e9e des couleurs, la population \u00e0 bannir les rancunes, les diff\u00e9rends et surtout les \u00e9motions qui divisent et mettent en mal le vivre ensemble.<\/strong><\/p>\n<p>La mont\u00e9e des couleurs tournante du premier lundi du mois de mars s&rsquo;est d\u00e9roul\u00e9e \u00e0 la direction provinciale de la famille et de la solidarit\u00e9 en pr\u00e9sence des autorit\u00e9s administratives, coutumi\u00e8res et religieuses, les FDS et la population civile.<br \/>\n\u00c0 la fin de la mont\u00e9e des couleurs nationales, Abdoul Kader KongZabr\u00e9, repr\u00e9sentant le haut-commissaire a invit\u00e9 l&rsquo;ensemble de la population \u00e0 rester debout et soud\u00e9e et \u00e0 b\u00e2tir dans la discipline un Burkina Faso de demain.<\/p>\n<p>M. KongZabr\u00e9 a t\u00e9moign\u00e9 sa gratitude \u00e0 l&rsquo;endroit de toutes les Forces de d\u00e9fense et de s\u00e9curit\u00e9, les VDP pour leur sacrifice sur le terrain.<br \/>\nLors de la mont\u00e9e des couleurs, des villages ont fait un don de 5 tonnes de ciment, 2 brouettes et 5 pelles pour le compte de Faso M\u00eabo.<\/p>\n<p style=\"text-align: right\"><strong>Agence d&rsquo;Information du Burkina<\/strong><\/p>\n<p style=\"text-align: right\"><strong>SO\/Bpb-dnk<\/strong><\/p>\n","protected":false},"excerpt":{"rendered":"<p>Burkina\/Banwa-Mont\u00e9e-Couleurs Banwa\/mont\u00e9e des couleurs : le secr\u00e9taire g\u00e9n\u00e9ral de la province exhorte la population \u00e0 la coh\u00e9sion sociale Solenzo, 2 mars 2026 (AIB) &#8211; Le secr\u00e9taire g\u00e9n\u00e9ral de la province des Banwa, Abdoul Kader KongZabr\u00e9 a exhort\u00e9, le lundi 2 mars 2026, lors de la traditionnelle mont\u00e9e des couleurs, la population \u00e0 bannir les rancunes, [&hellip;]<\/p>\n","protected":false},"author":21,"featured_media":141918,"comment_status":"open","ping_status":"open","sticky":false,"template":"","format":"standard","meta":{"advanced_seo_description":"","jetpack_seo_html_title":"","jetpack_seo_noindex":false,"jetpack_post_was_ever_published":false,"footnotes":""},"categories":[43,173,93,203,95],"tags":[],"class_list":{"0":"post-141917","1":"post","2":"type-post","3":"status-publish","4":"format-standard","5":"has-post-thumbnail","7":"category-boucle-du-mouhoun","8":"category-depeches","9":"category-flashinfos","10":"category-la-une-aib","11":"category-les-banwa"},"jetpack_featured_media_url":"https:\/\/i0.wp.com\/www.aib.media\/wp-content\/uploads\/2026\/03\/8-1.jpeg?fit=1080%2C810&ssl=1","jetpack_shortlink":"https:\/\/wp.me\/pavbHe-AUZ","_links":{"self":[{"href":"https:\/\/www.aib.media\/index.php?rest_route=\/wp\/v2\/posts\/141917","targetHints":{"allow":["GET"]}}],"collection":[{"href":"https:\/\/www.aib.media\/index.php?rest_route=\/wp\/v2\/posts"}],"about":[{"href":"https:\/\/www.aib.media\/index.php?rest_route=\/wp\/v2\/types\/post"}],"author":[{"embeddable":true,"href":"https:\/\/www.aib.media\/index.php?rest_route=\/wp\/v2\/users\/21"}],"replies":[{"embeddable":true,"href":"https:\/\/www.aib.media\/index.php?rest_route=%2Fwp%2Fv2%2Fcomments&post=141917"}],"version-history":[{"count":1,"href":"https:\/\/www.aib.media\/index.php?rest_route=\/wp\/v2\/posts\/141917\/revisions"}],"predecessor-version":[{"id":141919,"href":"https:\/\/www.aib.media\/index.php?rest_route=\/wp\/v2\/posts\/141917\/revisions\/141919"}],"wp:featuredmedia":[{"embeddable":true,"href":"https:\/\/www.aib.media\/index.php?rest_route=\/wp\/v2\/media\/141918"}],"wp:attachment":[{"href":"https:\/\/www.aib.media\/index.php?rest_route=%2Fwp%2Fv2%2Fmedia&parent=141917"}],"wp:term":[{"taxonomy":"category","embeddable":true,"href":"https:\/\/www.aib.media\/index.php?rest_route=%2Fwp%2Fv2%2Fcategories&post=141917"},{"taxonomy":"post_tag","embeddable":true,"href":"https:\/\/www.aib.media\/index.php?rest_route=%2Fwp%2Fv2%2Ftags&post=141917"}],"curies":[{"name":"wp","href":"https:\/\/api.w.org\/{rel}","templated":true}]}}