{"id":141908,"date":"2026-03-02T18:03:44","date_gmt":"2026-03-02T18:03:44","guid":{"rendered":"https:\/\/www.aib.media\/?p=141908"},"modified":"2026-03-02T18:03:44","modified_gmt":"2026-03-02T18:03:44","slug":"sissili-education-le-lycee-de-beun-magnifie-son-identite-culturelle-a-travers-le-port-du-koko-dunda","status":"publish","type":"post","link":"https:\/\/www.aib.media\/?p=141908","title":{"rendered":"Sissili \/ \u00c9ducation : Le lyc\u00e9e de Beun magnifie son identit\u00e9 culturelle \u00e0 travers le port du Koko Dunda"},"content":{"rendered":"<p>BURKINA-SISSILI-EDUCATION-VALORISATION-KOKO-DUNDA<br \/>\n<strong>Sissili \/ \u00c9ducation : Le lyc\u00e9e de Beun magnifie son identit\u00e9 culturelle \u00e0 travers le port du Koko Dunda<\/strong><\/p>\n<p><strong>Beun, 2 mars 2026 (AIB) \u2013 Les \u00e9l\u00e8ves et le corps professoral du lyc\u00e9e de Beun, village situ\u00e9 \u00e0 25 km de To, dans la province de la Sissili, ont officiellement marqu\u00e9, ce lundi 2 mars 2026, leur adh\u00e9sion \u00e0 la valorisation du patrimoine local. Sous l\u2019impulsion des autorit\u00e9s \u00e9ducatives, l\u2019\u00e9tablissement a adopt\u00e9 le Koko Dunda comme symbole de patriotisme.<\/strong><\/p>\n<p>Dans la cour du lyc\u00e9e de Beun, l\u2019effervescence \u00e9tait inhabituelle dans la matin\u00e9e du lundi 2 mars 2026. La majorit\u00e9 des 521 \u00e9l\u00e8ves de l\u2019\u00e9tablissement ont d\u00e9laiss\u00e9 l\u2019uniforme classique kaki au profit du Koko Dunda. La journ\u00e9e a d\u00e9but\u00e9 par la mont\u00e9e des couleurs au rythme du Ditany\u00e8, entonn\u00e9 avec ferveur par une jeunesse par\u00e9e de vert, blanc et noir.<br \/>\nPour le d\u00e9l\u00e9gu\u00e9 du personnel, Pierre Kiemd\u00e9, cette initiative d\u00e9passe le simple cadre vestimentaire. \u00ab C\u2019est un engagement patriotique qui s\u2019inscrit en droite ligne avec les id\u00e9aux de la R\u00e9volution progressiste et populaire port\u00e9s par le chef de l\u2019\u00c9tat, le capitaine Ibrahim Traor\u00e9 \u00bb, a-t-il affirm\u00e9.<br \/>\nSelon lui, le choix du Koko Dunda n\u2019est pas fortuit et refl\u00e8te l\u2019environnement bois\u00e9 de la localit\u00e9.<br \/>\nLe proviseur de l\u2019\u00e9tablissement, Nicod\u00e8me Yam\u00e9ogo, a pr\u00e9cis\u00e9 que cette mise en \u0153uvre r\u00e9pond \u00e0 la vision et \u00e0 la politique du gouvernement ainsi qu\u2019aux instructions du directeur provincial de l\u2019Enseignement secondaire, de la Formation professionnelle et technique de la Sissili.<\/p>\n<p>\u00ab Apr\u00e8s concertation avec l\u2019administration, les d\u00e9l\u00e9gu\u00e9s et le conseil d\u2019\u00e9cole, notre choix s\u2019est port\u00e9 sur le Koko Dunda pour son harmonie avec notre v\u00e9g\u00e9tation abondante \u00bb, a-t-il expliqu\u00e9, se r\u00e9jouissant de l\u2019adh\u00e9sion massive des parents malgr\u00e9 un lancement diff\u00e9r\u00e9, li\u00e9 aux r\u00e9alit\u00e9s socio-\u00e9conomiques des populations.<br \/>\nDu c\u00f4t\u00e9 des apprenants, l\u2019enthousiasme \u00e9tait palpable. L\u2019\u00e9l\u00e8ve en classe de Terminale A, Pauline Zizien, a salu\u00e9 cette r\u00e9forme qui constitue une mani\u00e8re d\u2019adapter le syst\u00e8me scolaire aux r\u00e9alit\u00e9s locales. \u00ab En int\u00e9grant nos racines au c\u0153ur de l\u2019\u00e9cole, nous favorisons l\u2019essor de la nation \u00bb, a-t-elle soutenu.<br \/>\nSon camarade de la classe de 3e, Fadoul Kadio, a indiqu\u00e9 que le port de cette tenue lui procure un \u00ab sentiment de distinction \u00bb et participe au d\u00e9veloppement \u00e9conomique par la promotion de la production locale.<\/p>\n<p>Toutefois, derri\u00e8re cette c\u00e9l\u00e9bration culturelle, le lyc\u00e9e de Beun, fond\u00e9 en 2010 en tant que CEG avant d\u2019\u00eatre \u00e9rig\u00e9 en lyc\u00e9e en 2022, fait face \u00e0 des r\u00e9alit\u00e9s pr\u00e9caires.<br \/>\nLe proviseur, Nicod\u00e8me Yam\u00e9ogo, a profit\u00e9 de l\u2019occasion pour \u00e9num\u00e9rer les d\u00e9fis majeurs, notamment l\u2019absence de cl\u00f4ture s\u00e9curis\u00e9e, l\u2019acc\u00e8s tr\u00e8s limit\u00e9 \u00e0 l\u2019\u00e9lectricit\u00e9 et surtout l\u2019inexistence de b\u00e2timents administratifs.<br \/>\n\u00ab Les enseignants sont contraints de corriger les copies sous les arbres, expos\u00e9s aux intemp\u00e9ries \u00bb, a-t-il d\u00e9plor\u00e9, \u00e9voquant \u00e9galement des tensions budg\u00e9taires li\u00e9es au paiement des vacations.<\/p>\n<p>Selon lui, malgr\u00e9 ces obstacles, le climat de travail reste serein. Le censeur de l\u2019\u00e9tablissement, Issaka Kouraogo, a dress\u00e9 un bilan positif du premier trimestre, saluant l\u2019assiduit\u00e9 exemplaire du personnel.<br \/>\nLes ambitions pour la fin de l\u2019ann\u00e9e sont claires : atteindre 90 % de r\u00e9ussite pour les classes de passage, 80 % au BEPC et viser 100 % au Baccalaur\u00e9at, a pr\u00e9cis\u00e9 M. Kouraogo.<br \/>\n\u00c0 travers l\u2019initiative du port du Koko Dunda, le lyc\u00e9e de Beun entend susciter chez les \u00e9l\u00e8ves un retour \u00e0 leurs origines.<br \/>\nPour rappel, le lyc\u00e9e de Beun, situ\u00e9 dans la province de la Sissili, a \u00e9t\u00e9 fond\u00e9 en 2010 pour contribuer \u00e0 l\u2019\u00e9ducation des enfants.<\/p>\n<p><strong>Agence d\u2019information du Burkina<\/strong><br \/>\n<strong>BAN\/NO\/ATA<\/strong><\/p>\n","protected":false},"excerpt":{"rendered":"<p>BURKINA-SISSILI-EDUCATION-VALORISATION-KOKO-DUNDA Sissili \/ \u00c9ducation : Le lyc\u00e9e de Beun magnifie son identit\u00e9 culturelle \u00e0 travers le port du Koko Dunda Beun, 2 mars 2026 (AIB) \u2013 Les \u00e9l\u00e8ves et le corps professoral du lyc\u00e9e de Beun, village situ\u00e9 \u00e0 25 km de To, dans la province de la Sissili, ont officiellement marqu\u00e9, ce lundi 2 [&hellip;]<\/p>\n","protected":false},"author":16,"featured_media":141911,"comment_status":"open","ping_status":"open","sticky":false,"template":"","format":"standard","meta":{"advanced_seo_description":"","jetpack_seo_html_title":"","jetpack_seo_noindex":false,"jetpack_post_was_ever_published":false,"footnotes":""},"categories":[47,60,173,80,93,203,40,111,36],"tags":[],"class_list":{"0":"post-141908","1":"post","2":"type-post","3":"status-publish","4":"format-standard","5":"has-post-thumbnail","7":"category-centre-ouest","8":"category-culture","9":"category-depeches","10":"category-dossiers","11":"category-flashinfos","12":"category-la-une-aib","13":"category-regions","14":"category-sissili","15":"category-societe"},"jetpack_featured_media_url":"https:\/\/i0.wp.com\/www.aib.media\/wp-content\/uploads\/2026\/03\/1-3.jpeg?fit=1280%2C576&ssl=1","jetpack_shortlink":"https:\/\/wp.me\/pavbHe-AUQ","_links":{"self":[{"href":"https:\/\/www.aib.media\/index.php?rest_route=\/wp\/v2\/posts\/141908","targetHints":{"allow":["GET"]}}],"collection":[{"href":"https:\/\/www.aib.media\/index.php?rest_route=\/wp\/v2\/posts"}],"about":[{"href":"https:\/\/www.aib.media\/index.php?rest_route=\/wp\/v2\/types\/post"}],"author":[{"embeddable":true,"href":"https:\/\/www.aib.media\/index.php?rest_route=\/wp\/v2\/users\/16"}],"replies":[{"embeddable":true,"href":"https:\/\/www.aib.media\/index.php?rest_route=%2Fwp%2Fv2%2Fcomments&post=141908"}],"version-history":[{"count":1,"href":"https:\/\/www.aib.media\/index.php?rest_route=\/wp\/v2\/posts\/141908\/revisions"}],"predecessor-version":[{"id":141912,"href":"https:\/\/www.aib.media\/index.php?rest_route=\/wp\/v2\/posts\/141908\/revisions\/141912"}],"wp:featuredmedia":[{"embeddable":true,"href":"https:\/\/www.aib.media\/index.php?rest_route=\/wp\/v2\/media\/141911"}],"wp:attachment":[{"href":"https:\/\/www.aib.media\/index.php?rest_route=%2Fwp%2Fv2%2Fmedia&parent=141908"}],"wp:term":[{"taxonomy":"category","embeddable":true,"href":"https:\/\/www.aib.media\/index.php?rest_route=%2Fwp%2Fv2%2Fcategories&post=141908"},{"taxonomy":"post_tag","embeddable":true,"href":"https:\/\/www.aib.media\/index.php?rest_route=%2Fwp%2Fv2%2Ftags&post=141908"}],"curies":[{"name":"wp","href":"https:\/\/api.w.org\/{rel}","templated":true}]}}