{"id":141906,"date":"2026-03-02T18:02:26","date_gmt":"2026-03-02T18:02:26","guid":{"rendered":"https:\/\/www.aib.media\/?p=141906"},"modified":"2026-03-02T18:02:26","modified_gmt":"2026-03-02T18:02:26","slug":"ioba-montee-des-couleurs-le-haut-commissaire-affirme-que-le-payement-des-impots-personnels-renforce-lindependance-economique","status":"publish","type":"post","link":"https:\/\/www.aib.media\/?p=141906","title":{"rendered":"Ioba\/Mont\u00e9e des couleurs : Le haut-commissaire affirme que le payement des imp\u00f4ts personnels renforce l\u2019ind\u00e9pendance \u00e9conomique"},"content":{"rendered":"<p>Burkina-Ioba-Civisme-Fiscal<\/p>\n<p><strong>Ioba\/Mont\u00e9e des couleurs : Le haut-commissaire affirme que le payement des imp\u00f4ts personnels renforce l\u2019ind\u00e9pendance \u00e9conomique<\/strong><\/p>\n<p><strong>Dano, 2 mars 2026 (AIB) &#8211; Le haut-commissaire de la province du Ioba, Innocents Ouattara a affirm\u00e9 que le payement des imp\u00f4ts personnels contribue au renforcement de notre ind\u00e9pendance \u00e9conomique de notre souverainet\u00e9, le lundi 2 mars 2026, lors de la mont\u00e9e des couleurs nationales \u00e0 Dano.<\/strong><\/p>\n<p>La direction provinciale des imp\u00f4ts du Ioba a abrit\u00e9 la c\u00e9r\u00e9monie provinciale de la mont\u00e9e mensuelle des couleurs nationales. Cette c\u00e9r\u00e9monie a \u00e9t\u00e9 coupl\u00e9e avec la journ\u00e9e de l\u2019exemplarit\u00e9 fiscale. En effet, une op\u00e9ration de recouvrement des imp\u00f4ts personnels a \u00e9t\u00e9 organis\u00e9e en marge de la c\u00e9r\u00e9monie traditionnelle de mont\u00e9e des couleurs. Cette activit\u00e9 entre dans le cadre de la promotion du civisme fiscal.<\/p>\n<p>Le haut-commissaire du Ioba, Innocents Ouattara a saisi cette opportunit\u00e9 pour sensibiliser les corps constitu\u00e9s de la province \u00e0 se mettre \u00e0 jour de leurs obligations fiscales. \u00ab Payer ses taxes et imp\u00f4ts, c\u2019est contribu\u00e9 concr\u00e8tement au renforcement de notre ind\u00e9pendance \u00e9conomique, de notre souverainet\u00e9, \u00e0 la construction d\u2019infrastructures et \u00e0 la r\u00e9silience de notre pays \u00bb, a-t-il affirm\u00e9.<\/p>\n<p>Il a soulign\u00e9 que l\u2019exemplarit\u00e9 fiscale est une noble initiative port\u00e9e par les plus hautes autorit\u00e9s du pays \u00e0 travers la Direction g\u00e9n\u00e9rale des imp\u00f4ts (DGI). Son lancement officiel aura lieu le mercredi 4 mars prochain, a-t-il poursuivi. Le premier responsable de la province s\u2019est acquitt\u00e9 de ses obligations fiscales par le payement de ses imp\u00f4ts personnels. Les participants \u00e0 la c\u00e9r\u00e9monie ont fait de m\u00eame.<\/p>\n<p>Selon le directeur provincial des imp\u00f4ts du Ioba, Jo\u00ebl Dinaba, les imp\u00f4ts personnels sont entre autres la taxe de r\u00e9sidence, la taxe sur les v\u00e9hicules \u00e0 moteur, la taxe sur les armes \u00e0 feu et la taxe de jouissance. Pour M. Dinaba, toutes les contributions contribuent \u00e0 l\u2019atteinte de la politique nationale.<\/p>\n<p>Il a port\u00e9 \u00e0 la connaissance des populations que la DGI est engag\u00e9e dans la digitalisation de ces proc\u00e9dures. \u00ab Presque tous les actes de service que nous d\u00e9livrons se font en ligne par le biais du lien e document. Mais il faut que les usagers aient d\u00e9j\u00e0 pay\u00e9 leurs imp\u00f4ts personnels \u00bb, a-t-il pr\u00e9cis\u00e9.<\/p>\n<p>Le directeur provincial de l\u2019enseignement secondaire et de la formation professionnelle et technique (DPESFPT) du Ioba, Tigdw\u00e9d\u00e9 Joseph Kima s\u2019est r\u00e9joui d\u2019avoir pay\u00e9 ses imp\u00f4ts personnels. \u00ab C\u2019est un devoir citoyen et chacun devrait venir volontairement s\u2019acquitter de cette obligation fiscale. J\u2019invite chaque citoyen \u00e0 venir payer ses imp\u00f4ts pour le bon fonctionnement de notre pays \u00bb, a-t-il indiqu\u00e9.<\/p>\n<p>Le haut-commissaire du Ioba a r\u00e9it\u00e9r\u00e9 sa reconnaissance aux populations pour leur contribution \u00e0 la campagne D\u00e8m\u00e8 Sira ou la voie de la solidarit\u00e9. Innocents Ouattara a remerci\u00e9 les corps constitu\u00e9s pour leur mobilisation remarquable signe de l\u2019attachement aux valeurs de coh\u00e9sion sociale, de civisme et de patriotisme. Au cours de cette c\u00e9r\u00e9monie, la compagnie r\u00e9publicaine de s\u00e9curit\u00e9 (CRS), le m\u00e9decin chef du district sanitaire par int\u00e9rim de Dano et la directrice du Coll\u00e8ge d\u2019enseignement g\u00e9n\u00e9ral (CEG) de Djikologo ont \u00e9t\u00e9 pr\u00e9sent\u00e9s au public.<\/p>\n<p style=\"text-align: right\">\n<strong>Agence d\u2019information du Burkina <\/strong><br \/>\n<strong>SZ-dnk<\/strong><\/p>\n","protected":false},"excerpt":{"rendered":"<p>Burkina-Ioba-Civisme-Fiscal Ioba\/Mont\u00e9e des couleurs : Le haut-commissaire affirme que le payement des imp\u00f4ts personnels renforce l\u2019ind\u00e9pendance \u00e9conomique Dano, 2 mars 2026 (AIB) &#8211; Le haut-commissaire de la province du Ioba, Innocents Ouattara a affirm\u00e9 que le payement des imp\u00f4ts personnels contribue au renforcement de notre ind\u00e9pendance \u00e9conomique de notre souverainet\u00e9, le lundi 2 mars 2026, [&hellip;]<\/p>\n","protected":false},"author":21,"featured_media":141909,"comment_status":"open","ping_status":"open","sticky":false,"template":"","format":"standard","meta":{"advanced_seo_description":"","jetpack_seo_html_title":"","jetpack_seo_noindex":false,"jetpack_post_was_ever_published":false,"footnotes":""},"categories":[173,93,136,203,54],"tags":[],"class_list":{"0":"post-141906","1":"post","2":"type-post","3":"status-publish","4":"format-standard","5":"has-post-thumbnail","7":"category-depeches","8":"category-flashinfos","9":"category-ioba","10":"category-la-une-aib","11":"category-sud-ouest"},"jetpack_featured_media_url":"https:\/\/i0.wp.com\/www.aib.media\/wp-content\/uploads\/2026\/03\/3.jpeg?fit=1080%2C810&ssl=1","jetpack_shortlink":"https:\/\/wp.me\/pavbHe-AUO","_links":{"self":[{"href":"https:\/\/www.aib.media\/index.php?rest_route=\/wp\/v2\/posts\/141906","targetHints":{"allow":["GET"]}}],"collection":[{"href":"https:\/\/www.aib.media\/index.php?rest_route=\/wp\/v2\/posts"}],"about":[{"href":"https:\/\/www.aib.media\/index.php?rest_route=\/wp\/v2\/types\/post"}],"author":[{"embeddable":true,"href":"https:\/\/www.aib.media\/index.php?rest_route=\/wp\/v2\/users\/21"}],"replies":[{"embeddable":true,"href":"https:\/\/www.aib.media\/index.php?rest_route=%2Fwp%2Fv2%2Fcomments&post=141906"}],"version-history":[{"count":1,"href":"https:\/\/www.aib.media\/index.php?rest_route=\/wp\/v2\/posts\/141906\/revisions"}],"predecessor-version":[{"id":141910,"href":"https:\/\/www.aib.media\/index.php?rest_route=\/wp\/v2\/posts\/141906\/revisions\/141910"}],"wp:featuredmedia":[{"embeddable":true,"href":"https:\/\/www.aib.media\/index.php?rest_route=\/wp\/v2\/media\/141909"}],"wp:attachment":[{"href":"https:\/\/www.aib.media\/index.php?rest_route=%2Fwp%2Fv2%2Fmedia&parent=141906"}],"wp:term":[{"taxonomy":"category","embeddable":true,"href":"https:\/\/www.aib.media\/index.php?rest_route=%2Fwp%2Fv2%2Fcategories&post=141906"},{"taxonomy":"post_tag","embeddable":true,"href":"https:\/\/www.aib.media\/index.php?rest_route=%2Fwp%2Fv2%2Ftags&post=141906"}],"curies":[{"name":"wp","href":"https:\/\/api.w.org\/{rel}","templated":true}]}}