{"id":141897,"date":"2026-03-02T16:47:32","date_gmt":"2026-03-02T16:47:32","guid":{"rendered":"https:\/\/www.aib.media\/?p=141897"},"modified":"2026-03-02T16:47:32","modified_gmt":"2026-03-02T16:47:32","slug":"banwa-montee-des-couleurs-le-secretaire-general-de-la-province-invite-la-population-a-bannir-les-rancunes-et-les-differends","status":"publish","type":"post","link":"https:\/\/www.aib.media\/?p=141897","title":{"rendered":"Banwa\/mont\u00e9e des couleurs : le Secr\u00e9taire G\u00e9n\u00e9ral de la province invite la population \u00e0 bannir les rancunes et les diff\u00e9rends"},"content":{"rendered":"<p><strong>Banwa\/mont\u00e9e des couleurs : le Secr\u00e9taire G\u00e9n\u00e9ral de la province invite la population \u00e0 bannir les rancunes et les diff\u00e9rends<\/strong><\/p>\n<p><strong>Solenzo,2 mars 2026(AIB)-Le Secr\u00e9taire G\u00e9n\u00e9ral de la province des Banwa Abdoul Kader KongZabr\u00e9 a invit\u00e9, le lundi 2 mars matin lors de la traditionnelle mont\u00e9e des couleurs, la population \u00e0 bannir les rancunes,les diff\u00e9rends et surtout les \u00e9motions qui divisent et mettent en mal le vivre ensemble.<\/strong><\/p>\n<p>La mont\u00e9e des couleurs tournante du premier lundi du mois de mars s&rsquo;est d\u00e9roul\u00e9e \u00e0 la direction provinciale de la famille et de la solidarit\u00e9 en pr\u00e9sence des autorit\u00e9s administratives, coutumi\u00e8res et religieuses,les FDS et la population civile.<\/p>\n<p>\u00c0 la fin de la mont\u00e9e des couleurs nationales Abdoul Kader KongZabr\u00e9, repr\u00e9sentant le Haut Commissaire a invit\u00e9 l&rsquo;ensemble de la population \u00e0 rester debout et soud\u00e9e et \u00e0 b\u00e2tir dans la discipline un Burkina Faso de demain.<br \/>\nM. KongZabr\u00e9 a t\u00e9moign\u00e9 sa gratitude \u00e0 l&rsquo;endroit de toutes les forces de d\u00e9fense et de s\u00e9curit\u00e9,les VDP et les suppl\u00e9tifs d&rsquo;autod\u00e9fense pour leur sacrifice sur le terrain.<\/p>\n<p>Lors de la mont\u00e9e des couleurs, des villages ont fait un don de 5 tonnes de ciment,2 brouettes et 5 pelles pour le compte de Faso M\u00eabo.<\/p>\n<p style=\"text-align: right\"><strong>Agence d&rsquo;Information du Burkina<\/strong><\/p>\n<p style=\"text-align: right\"><strong>SO\/Bpb<\/strong><\/p>\n","protected":false},"excerpt":{"rendered":"<p>Banwa\/mont\u00e9e des couleurs : le Secr\u00e9taire G\u00e9n\u00e9ral de la province invite la population \u00e0 bannir les rancunes et les diff\u00e9rends Solenzo,2 mars 2026(AIB)-Le Secr\u00e9taire G\u00e9n\u00e9ral de la province des Banwa Abdoul Kader KongZabr\u00e9 a invit\u00e9, le lundi 2 mars matin lors de la traditionnelle mont\u00e9e des couleurs, la population \u00e0 bannir les rancunes,les diff\u00e9rends et [&hellip;]<\/p>\n","protected":false},"author":15,"featured_media":141898,"comment_status":"open","ping_status":"open","sticky":false,"template":"","format":"standard","meta":{"advanced_seo_description":"","jetpack_seo_html_title":"","jetpack_seo_noindex":false,"jetpack_post_was_ever_published":false,"footnotes":""},"categories":[173,93,203,95],"tags":[],"class_list":{"0":"post-141897","1":"post","2":"type-post","3":"status-publish","4":"format-standard","5":"has-post-thumbnail","7":"category-depeches","8":"category-flashinfos","9":"category-la-une-aib","10":"category-les-banwa"},"jetpack_featured_media_url":"https:\/\/i0.wp.com\/www.aib.media\/wp-content\/uploads\/2026\/03\/IMG-20260302-WA01641.jpg?fit=1280%2C960&ssl=1","jetpack_shortlink":"https:\/\/wp.me\/pavbHe-AUF","_links":{"self":[{"href":"https:\/\/www.aib.media\/index.php?rest_route=\/wp\/v2\/posts\/141897","targetHints":{"allow":["GET"]}}],"collection":[{"href":"https:\/\/www.aib.media\/index.php?rest_route=\/wp\/v2\/posts"}],"about":[{"href":"https:\/\/www.aib.media\/index.php?rest_route=\/wp\/v2\/types\/post"}],"author":[{"embeddable":true,"href":"https:\/\/www.aib.media\/index.php?rest_route=\/wp\/v2\/users\/15"}],"replies":[{"embeddable":true,"href":"https:\/\/www.aib.media\/index.php?rest_route=%2Fwp%2Fv2%2Fcomments&post=141897"}],"version-history":[{"count":1,"href":"https:\/\/www.aib.media\/index.php?rest_route=\/wp\/v2\/posts\/141897\/revisions"}],"predecessor-version":[{"id":141899,"href":"https:\/\/www.aib.media\/index.php?rest_route=\/wp\/v2\/posts\/141897\/revisions\/141899"}],"wp:featuredmedia":[{"embeddable":true,"href":"https:\/\/www.aib.media\/index.php?rest_route=\/wp\/v2\/media\/141898"}],"wp:attachment":[{"href":"https:\/\/www.aib.media\/index.php?rest_route=%2Fwp%2Fv2%2Fmedia&parent=141897"}],"wp:term":[{"taxonomy":"category","embeddable":true,"href":"https:\/\/www.aib.media\/index.php?rest_route=%2Fwp%2Fv2%2Fcategories&post=141897"},{"taxonomy":"post_tag","embeddable":true,"href":"https:\/\/www.aib.media\/index.php?rest_route=%2Fwp%2Fv2%2Ftags&post=141897"}],"curies":[{"name":"wp","href":"https:\/\/api.w.org\/{rel}","templated":true}]}}