{"id":141890,"date":"2026-03-02T16:17:52","date_gmt":"2026-03-02T16:17:52","guid":{"rendered":"https:\/\/www.aib.media\/?p=141890"},"modified":"2026-03-02T16:17:52","modified_gmt":"2026-03-02T16:17:52","slug":"sebba-une-rupture-collective-du-jeune-placee-sous-le-signe-de-la-cohesion-sociale","status":"publish","type":"post","link":"https:\/\/www.aib.media\/?p=141890","title":{"rendered":"Sebba : une rupture collective du je\u00fbne plac\u00e9e sous le signe de la coh\u00e9sion sociale"},"content":{"rendered":"<p>Burkina-Liotako-Yagha-Sebba-Religion-Rupture-Je\u00fbne<\/p>\n<p><strong>Sebba : une rupture collective du je\u00fbne plac\u00e9e sous le signe de la coh\u00e9sion sociale<\/strong><\/p>\n<p><strong>Sebba, 2 mars 2026 (AIB) &#8211; La communaut\u00e9 religieuse de la ville de Sebba a c\u00e9l\u00e9br\u00e9 le 28 f\u00e9vrier 2026 une rupture collective du je\u00fbne r\u00e9unissant musulmans, chr\u00e9tiens, autorit\u00e9s coutumi\u00e8res et administratives, sous le signe de la coh\u00e9sion sociale, a constat\u00e9 l\u2019AIB.<\/strong><\/p>\n<p>Une initiative qui entend renforcer la solidarit\u00e9 et le vivre-ensemble dans un contexte marqu\u00e9 par la recherche permanente de paix.<\/p>\n<p>\u00c0 l\u2019appel des trois mosqu\u00e9es de Sebba en ce dixi\u00e8me jour de je\u00fbne, fid\u00e8les musulmans, repr\u00e9sentants des communaut\u00e9s chr\u00e9tiennes, chefs coutumiers et autorit\u00e9s locales se sont retrouv\u00e9s dans l\u2019enceinte de la grande mosqu\u00e9e Tijania pour rompre le je\u00fbne et partager un repas. Cette mobilisation interconfessionnelle, devenue un symbole local de fraternit\u00e9, a offert un cadre d\u2019\u00e9changes et de rapprochement entre les diff\u00e9rentes composantes sociales de la ville. Autour d\u2019un m\u00eame plat, les participants ont tenu \u00e0 affirmer leur volont\u00e9 commune de pr\u00e9server la coh\u00e9sion et d\u2019encourager les valeurs de solidarit\u00e9.<\/p>\n<p>Lors de la c\u00e9r\u00e9monie, le repr\u00e9sentant de la communaut\u00e9 musulmane monsieur Ciss\u00e9 Yaya a rappel\u00e9 que la rencontre s\u2019inscrit dans la tradition de l\u2019islam, qui pr\u00f4ne l\u2019unit\u00e9 et le soutien mutuel, surtout en p\u00e9riode de je\u00fbne. Il a insist\u00e9 sur l\u2019importance de consolider les liens entre les habitants, estimant que la fraternit\u00e9 est l\u2019un des fondements essentiels du vivre-ensemble.<\/p>\n<p>Son message, largement entendu, a mis en lumi\u00e8re la n\u00e9cessit\u00e9 d\u2019entretenir des espaces de dialogue et de partage dans un contexte o\u00f9 l\u2019harmonie sociale demeure un enjeu majeur.<\/p>\n<p>Le 2\u1d49 vice-pr\u00e9sident de la d\u00e9l\u00e9gation sp\u00e9ciale de la ville, M. Bali Bako a rench\u00e9ri en invitant la population \u00e0 cultiver l\u2019amour du prochain, valeur commune \u00e0 l\u2019ensemble des religions. Selon lui, une soci\u00e9t\u00e9 unie repose d\u2019abord sur la bienveillance entre citoyens.<\/p>\n<p>Il a encourag\u00e9 la poursuite de cette initiative afin d\u2019en faire un rendez-vous durable au service de la coh\u00e9sion sociale, avant de formuler un appel en faveur d\u2019un retour rapide de la paix dans tout le pays.<\/p>\n<p>Le prochain rendez-vous est pris pour le vingti\u00e8me jour de je\u00fbne dans l&rsquo;enceinte de la mosqu\u00e9e Sunnite de Sebba.<\/p>\n<p style=\"text-align: right\">\n<strong>Agence d\u2019information du Burkina<\/strong><br \/>\n<strong>MAM\/AS\/ATA<\/strong><\/p>\n","protected":false},"excerpt":{"rendered":"<p>Burkina-Liotako-Yagha-Sebba-Religion-Rupture-Je\u00fbne Sebba : une rupture collective du je\u00fbne plac\u00e9e sous le signe de la coh\u00e9sion sociale Sebba, 2 mars 2026 (AIB) &#8211; La communaut\u00e9 religieuse de la ville de Sebba a c\u00e9l\u00e9br\u00e9 le 28 f\u00e9vrier 2026 une rupture collective du je\u00fbne r\u00e9unissant musulmans, chr\u00e9tiens, autorit\u00e9s coutumi\u00e8res et administratives, sous le signe de la coh\u00e9sion sociale, [&hellip;]<\/p>\n","protected":false},"author":21,"featured_media":141891,"comment_status":"open","ping_status":"open","sticky":false,"template":"","format":"standard","meta":{"advanced_seo_description":"","jetpack_seo_html_title":"","jetpack_seo_noindex":false,"jetpack_post_was_ever_published":false,"footnotes":""},"categories":[173,93,203,53,36,134],"tags":[],"class_list":{"0":"post-141890","1":"post","2":"type-post","3":"status-publish","4":"format-standard","5":"has-post-thumbnail","7":"category-depeches","8":"category-flashinfos","9":"category-la-une-aib","10":"category-sahel","11":"category-societe","12":"category-yagha"},"jetpack_featured_media_url":"https:\/\/i0.wp.com\/www.aib.media\/wp-content\/uploads\/2026\/03\/14-1.jpeg?fit=1080%2C806&ssl=1","jetpack_shortlink":"https:\/\/wp.me\/pavbHe-AUy","_links":{"self":[{"href":"https:\/\/www.aib.media\/index.php?rest_route=\/wp\/v2\/posts\/141890","targetHints":{"allow":["GET"]}}],"collection":[{"href":"https:\/\/www.aib.media\/index.php?rest_route=\/wp\/v2\/posts"}],"about":[{"href":"https:\/\/www.aib.media\/index.php?rest_route=\/wp\/v2\/types\/post"}],"author":[{"embeddable":true,"href":"https:\/\/www.aib.media\/index.php?rest_route=\/wp\/v2\/users\/21"}],"replies":[{"embeddable":true,"href":"https:\/\/www.aib.media\/index.php?rest_route=%2Fwp%2Fv2%2Fcomments&post=141890"}],"version-history":[{"count":1,"href":"https:\/\/www.aib.media\/index.php?rest_route=\/wp\/v2\/posts\/141890\/revisions"}],"predecessor-version":[{"id":141892,"href":"https:\/\/www.aib.media\/index.php?rest_route=\/wp\/v2\/posts\/141890\/revisions\/141892"}],"wp:featuredmedia":[{"embeddable":true,"href":"https:\/\/www.aib.media\/index.php?rest_route=\/wp\/v2\/media\/141891"}],"wp:attachment":[{"href":"https:\/\/www.aib.media\/index.php?rest_route=%2Fwp%2Fv2%2Fmedia&parent=141890"}],"wp:term":[{"taxonomy":"category","embeddable":true,"href":"https:\/\/www.aib.media\/index.php?rest_route=%2Fwp%2Fv2%2Fcategories&post=141890"},{"taxonomy":"post_tag","embeddable":true,"href":"https:\/\/www.aib.media\/index.php?rest_route=%2Fwp%2Fv2%2Ftags&post=141890"}],"curies":[{"name":"wp","href":"https:\/\/api.w.org\/{rel}","templated":true}]}}