{"id":141887,"date":"2026-03-02T16:10:22","date_gmt":"2026-03-02T16:10:22","guid":{"rendered":"https:\/\/www.aib.media\/?p=141887"},"modified":"2026-03-02T16:10:22","modified_gmt":"2026-03-02T16:10:22","slug":"boulkiemde-sante-une-caravane-litteraire-mobilise-la-jeunesse-de-sabou-contre-la-drepanocytose","status":"publish","type":"post","link":"https:\/\/www.aib.media\/?p=141887","title":{"rendered":"Boulkiemd\u00e9\/Sant\u00e9 : Une caravane litt\u00e9raire mobilise la jeunesse de Sabou contre la dr\u00e9panocytose"},"content":{"rendered":"<p>BURKINA-BOULKIEMDE-SABOU-DREPANOCYTOSE-SENSIBILISATION<\/p>\n<p><strong>Boulkiemd\u00e9\/Sant\u00e9 : Une caravane litt\u00e9raire mobilise la jeunesse de Sabou contre la dr\u00e9panocytose<\/strong><\/p>\n<p><strong>Sabou, 2 mars 2026 (AIB) \u2013 Le lyc\u00e9e d\u00e9partemental de Sabou a abrit\u00e9, le samedi 28 f\u00e9vrier, le lancement d\u2019une caravane litt\u00e9raire et artistique de sensibilisation sur la dr\u00e9panocytose, a constat\u00e9 l\u2019AIB.<\/strong><\/p>\n<p>Plac\u00e9e sous le th\u00e8me \u00ab Dr\u00e9panocytose, et si on en parlait \u00e0 l\u2019\u00e9cole ? \u00bb, cette initiative port\u00e9e par Dr Val\u00e9rie Pouan vise \u00e0 briser le silence autour de cette maladie g\u00e9n\u00e9tique en milieu scolaire et \u00e0 promouvoir le d\u00e9pistage pr\u00e9coce comme levier de pr\u00e9vention.<\/p>\n<p>La cour du lyc\u00e9e d\u00e9partemental de Sabou a refus\u00e9 du monde ce samedi. Entre deux prestations artistiques et des d\u00e9clamations de textes engag\u00e9s, le message \u00e9tait sans \u00e9quivoque : la lutte contre la dr\u00e9panocytose commence sur les bancs de l\u2019\u00e9cole.<\/p>\n<p>Cette caravane qui allie culture et sant\u00e9, entend transformer les \u00e9l\u00e8ves en ambassadeurs de la lutte contre cette pathologie qui affecte de nombreuses familles au Burkina Faso.<\/p>\n<p>La c\u00e9r\u00e9monie a \u00e9t\u00e9 plac\u00e9e sous le patronage du Pr\u00e9sident de la d\u00e9l\u00e9gation sp\u00e9ciale (PDS) de Sabou, Abdoul Aziz Koara, et a b\u00e9n\u00e9fici\u00e9 de la caution morale de Sa Majest\u00e9 Naaba Yemd\u00e9 II, chef de canton de Sabou.<\/p>\n<p>Pour le PDS, le choix de sa commune pour lancer ce plaidoyer est un honneur qui appelle \u00e0 une responsabilit\u00e9 collective. \u00ab Nous remercions le comit\u00e9 d\u2019organisation pour cette opportunit\u00e9 offerte \u00e0 notre jeunesse. Nous invitons avec insistance la population et les \u00e9l\u00e8ves \u00e0 se faire d\u00e9pister afin de bouter la maladie hors de nos foyers \u00bb, a-t-il exhort\u00e9 devant une assembl\u00e9e compos\u00e9e d&rsquo;autorit\u00e9s administratives, coutumi\u00e8res et religieuses.<\/p>\n<p>Au c\u0153ur de cette mobilisation, la question de l\u2019accessibilit\u00e9 financi\u00e8re aux tests de diagnostic a \u00e9t\u00e9 centrale. La promotrice de l\u2019\u00e9v\u00e9nement, Dr Val\u00e9rie Pouan, m\u00e9decin h\u00e9matologue clinicienne \u00e0 l\u2019Universit\u00e9 Joseph Ki-Zerbo, a annonc\u00e9 le maintien de la subvention du test d\u2019\u00e9lectrophor\u00e8se de l\u2019h\u00e9moglobine et du groupage sanguin au prix promotionnel de 1 000 F CFA.<\/p>\n<p>\u00ab L&rsquo;un de nos acquis majeurs est de rendre ce test accessible au plus grand nombre. Mais la science seule ne suffit pas ; il faut l&rsquo;implication des fils et filles de chaque localit\u00e9 pour porter l&rsquo;information au sein des familles \u00bb, a-t-elle plaid\u00e9. Pour joindre l&rsquo;acte \u00e0 la parole, la commune de Sabou a manifest\u00e9 sa solidarit\u00e9 en finan\u00e7ant directement 200 kits de d\u00e9pistage au profit des couches les plus vuln\u00e9rables.<\/p>\n<p>Le corps social et les partenaires locaux n&rsquo;ont pas manqu\u00e9 \u00e0 l&rsquo;appel. Moussa Konombo, s&rsquo;exprimant au nom des parrains et co-parrains, a justifi\u00e9 leur accompagnement par la pertinence du sujet. \u00ab Notre engagement repose sur l&rsquo;importance du bien-\u00eatre de nos populations. Voir une telle mobilisation scolaire nous conforte dans l&rsquo;id\u00e9e que l&rsquo;\u00e9ducation est le meilleur rempart contre les maladies h\u00e9r\u00e9ditaires \u00bb, a-t-il soulign\u00e9.<\/p>\n<p>La caravane, apr\u00e8s l&rsquo;\u00e9tape de Sabou, entend poursuivre son p\u00e9riple dans d&rsquo;autres \u00e9tablissements du pays. L&rsquo;objectif final reste de faire \u00e9merger une g\u00e9n\u00e9ration consciente, o\u00f9 chaque futur couple aura le r\u00e9flexe de conna\u00eetre son statut \u00e9lectro phor\u00e9tique avant toute union. \u00c0 Sabou, l\u2019alliance entre la plume, l&rsquo;art et la blouse blanche semble avoir port\u00e9 ses fruits : le d\u00e9bat sur la dr\u00e9panocytose est d\u00e9sormais ouvert, et il ne compte pas s&rsquo;arr\u00eater de sit\u00f4t.<\/p>\n<p style=\"text-align: right\">\n<strong>Agence d\u2019Information du Burkina<\/strong><br \/>\n<strong>JPK\/PB\/AS\/ATA<\/strong><\/p>\n","protected":false},"excerpt":{"rendered":"<p>BURKINA-BOULKIEMDE-SABOU-DREPANOCYTOSE-SENSIBILISATION Boulkiemd\u00e9\/Sant\u00e9 : Une caravane litt\u00e9raire mobilise la jeunesse de Sabou contre la dr\u00e9panocytose Sabou, 2 mars 2026 (AIB) \u2013 Le lyc\u00e9e d\u00e9partemental de Sabou a abrit\u00e9, le samedi 28 f\u00e9vrier, le lancement d\u2019une caravane litt\u00e9raire et artistique de sensibilisation sur la dr\u00e9panocytose, a constat\u00e9 l\u2019AIB. Plac\u00e9e sous le th\u00e8me \u00ab Dr\u00e9panocytose, et si on [&hellip;]<\/p>\n","protected":false},"author":21,"featured_media":141888,"comment_status":"open","ping_status":"open","sticky":false,"template":"","format":"standard","meta":{"advanced_seo_description":"","jetpack_seo_html_title":"","jetpack_seo_noindex":false,"jetpack_post_was_ever_published":false,"footnotes":""},"categories":[109,47,173,93,203,36],"tags":[],"class_list":{"0":"post-141887","1":"post","2":"type-post","3":"status-publish","4":"format-standard","5":"has-post-thumbnail","7":"category-boulkiemde","8":"category-centre-ouest","9":"category-depeches","10":"category-flashinfos","11":"category-la-une-aib","12":"category-societe"},"jetpack_featured_media_url":"https:\/\/i0.wp.com\/www.aib.media\/wp-content\/uploads\/2026\/03\/8.jpeg?fit=960%2C462&ssl=1","jetpack_shortlink":"https:\/\/wp.me\/pavbHe-AUv","_links":{"self":[{"href":"https:\/\/www.aib.media\/index.php?rest_route=\/wp\/v2\/posts\/141887","targetHints":{"allow":["GET"]}}],"collection":[{"href":"https:\/\/www.aib.media\/index.php?rest_route=\/wp\/v2\/posts"}],"about":[{"href":"https:\/\/www.aib.media\/index.php?rest_route=\/wp\/v2\/types\/post"}],"author":[{"embeddable":true,"href":"https:\/\/www.aib.media\/index.php?rest_route=\/wp\/v2\/users\/21"}],"replies":[{"embeddable":true,"href":"https:\/\/www.aib.media\/index.php?rest_route=%2Fwp%2Fv2%2Fcomments&post=141887"}],"version-history":[{"count":1,"href":"https:\/\/www.aib.media\/index.php?rest_route=\/wp\/v2\/posts\/141887\/revisions"}],"predecessor-version":[{"id":141889,"href":"https:\/\/www.aib.media\/index.php?rest_route=\/wp\/v2\/posts\/141887\/revisions\/141889"}],"wp:featuredmedia":[{"embeddable":true,"href":"https:\/\/www.aib.media\/index.php?rest_route=\/wp\/v2\/media\/141888"}],"wp:attachment":[{"href":"https:\/\/www.aib.media\/index.php?rest_route=%2Fwp%2Fv2%2Fmedia&parent=141887"}],"wp:term":[{"taxonomy":"category","embeddable":true,"href":"https:\/\/www.aib.media\/index.php?rest_route=%2Fwp%2Fv2%2Fcategories&post=141887"},{"taxonomy":"post_tag","embeddable":true,"href":"https:\/\/www.aib.media\/index.php?rest_route=%2Fwp%2Fv2%2Ftags&post=141887"}],"curies":[{"name":"wp","href":"https:\/\/api.w.org\/{rel}","templated":true}]}}