{"id":141874,"date":"2026-03-02T15:35:19","date_gmt":"2026-03-02T15:35:19","guid":{"rendered":"https:\/\/www.aib.media\/?p=141874"},"modified":"2026-03-02T15:35:19","modified_gmt":"2026-03-02T15:35:19","slug":"koudougou-le-gouverneur-de-la-region-de-nando-simpregne-des-realites-du-faso-yaar","status":"publish","type":"post","link":"https:\/\/www.aib.media\/?p=141874","title":{"rendered":"Koudougou : Le gouverneur de la r\u00e9gion de Nando s\u2019impr\u00e8gne des r\u00e9alit\u00e9s du \u00ab Faso Yaar \u00bb"},"content":{"rendered":"<p>BURKINA-NANDO-FASO-YAAR-AUTORITES-VISITE<\/p>\n<p><strong>Koudougou : Le gouverneur de la r\u00e9gion de Nando s\u2019impr\u00e8gne des r\u00e9alit\u00e9s du \u00ab Faso Yaar \u00bb<\/strong><\/p>\n<p><strong>Koudougou, 2 mars 2026 (AIB) &#8211; Le gouverneur de la r\u00e9gion de Nando , Adama Jean Yves B\u00e9r\u00e9, entour\u00e9 des corps constitu\u00e9s de sa circonscription, a effectu\u00e9 une visite de terrain sur le site du \u00ab Faso Yaar \u00bb de Koudougou pour s\u2019impr\u00e9gner des r\u00e9alit\u00e9s.<\/strong><\/p>\n<p>Cette sortie visait \u00e0 toucher du doigt l&rsquo;effectivit\u00e9 de cette op\u00e9ration de vente de produits de grande consommation \u00e0 prix sociaux dans la province du Boulkiemd\u00e9. Situ\u00e9 \u00e0 un jet de pierre de la direction de l\u2019\u00e9tat civil de la mairie de Koudougou, le site du \u00ab Faso Yaar \u00bb a re\u00e7u, ce jour, la visite des premi\u00e8res autorit\u00e9s r\u00e9gionales.<\/p>\n<p>Le gouverneur, qui avait \u00e0 ses c\u00f4t\u00e9s le secr\u00e9taire g\u00e9n\u00e9ral de la r\u00e9gion, les hauts-commissaires, les pr\u00e9fets ainsi que le directeur r\u00e9gional en charge du Commerce, est all\u00e9 constater le bon d\u00e9roulement de cette initiative gouvernementale.<\/p>\n<p>Sur les lieux, l&rsquo;autorit\u00e9 r\u00e9gionale a pass\u00e9 en revue le dispositif organisationnel mis en place pour faciliter l&rsquo;approvisionnement des populations. Le gouverneur s&rsquo;est dit particuli\u00e8rement satisfait de la rigueur et du professionnalisme des acteurs d\u00e9ploy\u00e9s sur le site, notant une gestion fluide de la client\u00e8le.<\/p>\n<p>\u00ab Nous sommes venus encourager les \u00e9quipes et nous rassurer que les populations acc\u00e8dent aux produits dans les meilleures conditions \u00bb, a confi\u00e9 l&rsquo;autorit\u00e9 \u00e0 l&rsquo;issue de sa visite. Il a par ailleurs invit\u00e9 les gestionnaires du site \u00e0 maintenir cette rigueur afin de r\u00e9pondre durablement aux attentes des citoyens, pour qui ces boutiques repr\u00e9sentent un soulagement face au co\u00fbt de la vie.<\/p>\n<p>Pour le premier responsable de la r\u00e9gion, la r\u00e9ussite de cette op\u00e9ration est un imp\u00e9ratif, car elle constitue un levier majeur de la politique sociale du gouvernement en faveur des m\u00e9nages les plus vuln\u00e9rables.<\/p>\n<p style=\"text-align: right\">\n<strong>Agence d&rsquo;information du Burkina <\/strong><br \/>\n<strong>PB\/AS\/ATA<\/strong><\/p>\n","protected":false},"excerpt":{"rendered":"<p>BURKINA-NANDO-FASO-YAAR-AUTORITES-VISITE Koudougou : Le gouverneur de la r\u00e9gion de Nando s\u2019impr\u00e8gne des r\u00e9alit\u00e9s du \u00ab Faso Yaar \u00bb Koudougou, 2 mars 2026 (AIB) &#8211; Le gouverneur de la r\u00e9gion de Nando , Adama Jean Yves B\u00e9r\u00e9, entour\u00e9 des corps constitu\u00e9s de sa circonscription, a effectu\u00e9 une visite de terrain sur le site du \u00ab Faso [&hellip;]<\/p>\n","protected":false},"author":21,"featured_media":141876,"comment_status":"open","ping_status":"open","sticky":false,"template":"","format":"standard","meta":{"advanced_seo_description":"","jetpack_seo_html_title":"","jetpack_seo_noindex":false,"jetpack_post_was_ever_published":false,"footnotes":""},"categories":[109,47,173,93,203,36],"tags":[],"class_list":{"0":"post-141874","1":"post","2":"type-post","3":"status-publish","4":"format-standard","5":"has-post-thumbnail","7":"category-boulkiemde","8":"category-centre-ouest","9":"category-depeches","10":"category-flashinfos","11":"category-la-une-aib","12":"category-societe"},"jetpack_featured_media_url":"https:\/\/i0.wp.com\/www.aib.media\/wp-content\/uploads\/2026\/03\/18.jpeg?fit=567%2C1063&ssl=1","jetpack_shortlink":"https:\/\/wp.me\/pavbHe-AUi","_links":{"self":[{"href":"https:\/\/www.aib.media\/index.php?rest_route=\/wp\/v2\/posts\/141874","targetHints":{"allow":["GET"]}}],"collection":[{"href":"https:\/\/www.aib.media\/index.php?rest_route=\/wp\/v2\/posts"}],"about":[{"href":"https:\/\/www.aib.media\/index.php?rest_route=\/wp\/v2\/types\/post"}],"author":[{"embeddable":true,"href":"https:\/\/www.aib.media\/index.php?rest_route=\/wp\/v2\/users\/21"}],"replies":[{"embeddable":true,"href":"https:\/\/www.aib.media\/index.php?rest_route=%2Fwp%2Fv2%2Fcomments&post=141874"}],"version-history":[{"count":1,"href":"https:\/\/www.aib.media\/index.php?rest_route=\/wp\/v2\/posts\/141874\/revisions"}],"predecessor-version":[{"id":141877,"href":"https:\/\/www.aib.media\/index.php?rest_route=\/wp\/v2\/posts\/141874\/revisions\/141877"}],"wp:featuredmedia":[{"embeddable":true,"href":"https:\/\/www.aib.media\/index.php?rest_route=\/wp\/v2\/media\/141876"}],"wp:attachment":[{"href":"https:\/\/www.aib.media\/index.php?rest_route=%2Fwp%2Fv2%2Fmedia&parent=141874"}],"wp:term":[{"taxonomy":"category","embeddable":true,"href":"https:\/\/www.aib.media\/index.php?rest_route=%2Fwp%2Fv2%2Fcategories&post=141874"},{"taxonomy":"post_tag","embeddable":true,"href":"https:\/\/www.aib.media\/index.php?rest_route=%2Fwp%2Fv2%2Ftags&post=141874"}],"curies":[{"name":"wp","href":"https:\/\/api.w.org\/{rel}","templated":true}]}}