{"id":141849,"date":"2026-03-02T13:30:02","date_gmt":"2026-03-02T13:30:02","guid":{"rendered":"https:\/\/www.aib.media\/?p=141849"},"modified":"2026-03-02T13:30:02","modified_gmt":"2026-03-02T13:30:02","slug":"kourittenga-journee-du-merite-et-de-la-solidarite-une-association-magnifie-lengagement-citoyen-et-la-memoire","status":"publish","type":"post","link":"https:\/\/www.aib.media\/?p=141849","title":{"rendered":"Kourittenga\/Journ\u00e9e du m\u00e9rite et de la solidarit\u00e9 : Une association magnifie l\u2019engagement citoyen et la m\u00e9moire"},"content":{"rendered":"<p>BURKINA-KOURITTENGA-CEREMONIE-MERITE-SOLIDARITE<\/p>\n<p><strong>Kourittenga\/Journ\u00e9e du m\u00e9rite et de la solidarit\u00e9 : Une association magnifie l\u2019engagement citoyen et la m\u00e9moire<\/strong><\/p>\n<p><strong>Yargo, 28 f\u00e9v. 2026 (AIB)- L\u2019Association burkinab\u00e8 d\u2019appui \u00e0 la jeunesse pour un d\u00e9veloppement solidaire (ABAJDS), a organis\u00e9, ce samedi 28 f\u00e9vrier 2026 \u00e0 l\u2019\u00e9cole primaire de Kanougou, dans la commune de Yargo, la 5e \u00e9dition de la journ\u00e9e du m\u00e9rite et de la solidarit\u00e9, plac\u00e9e sous le signe de l&rsquo;engagement citoyen et de la m\u00e9moire.<\/strong><\/p>\n<p>La c\u00e9r\u00e9monie a \u00e9t\u00e9 pr\u00e9sid\u00e9e par le Haut-commissaire de la province du Kourittenga, Moctar Ilboudo, repr\u00e9sentant le ministre en charge de l&rsquo;Enseignement de base sous le th\u00e8me : \u00ab Contribution de la communaut\u00e9 \u00e9ducative \u00e0 la mise en \u0153uvre de l\u2019initiative pr\u00e9sidentielle pour une \u00e9ducation de qualit\u00e9 pour tous \u00bb.<\/p>\n<p>L\u2019un des moments forts de cette c\u00e9l\u00e9bration ce samedi 28 f\u00e9vrier 2026 \u00e0 l\u2019\u00e9cole primaire de Kanougou dans la commune de Yargo, fut l\u2019inauguration du jardin scolaire de l\u2019\u00e9cole de Kanougou qui porte d\u00e9sormais le nom de feu Joachim Kyelem, premier directeur de l&rsquo;\u00e9tablissement (1949-1952) et p\u00e8re de l\u2019ancien Premier ministre, Apollinaire Joachimson Kyelem de Tamb\u00e8la.<\/p>\n<p>R\u00e9alis\u00e9 gr\u00e2ce au soutien de l\u2019ONG Smiling World, ce jardin se veut un outil p\u00e9dagogique et un symbole de souverainet\u00e9 alimentaire au sein de l&rsquo;\u00e9cole.<\/p>\n<p>Un hommage a \u00e9galement \u00e9t\u00e9 rendu \u00e0 Joseph Belemsigri, figure historique du corps enseignant de la localit\u00e9.<\/p>\n<p>Pour le pr\u00e9sident de l\u2019Association, Vincent de Paul Belemsigri, cette initiative s&rsquo;inscrit en droite ligne avec les priorit\u00e9s du Chef de l&rsquo;\u00c9tat, le Capitaine Ibrahim Traor\u00e9 :<\/p>\n<p>\u00ab La soci\u00e9t\u00e9 civile doit accompagner le gouvernement dans ses politiques sectorielles. Nous avons organis\u00e9 cette journ\u00e9e pour soutenir la vision de la R\u00e9volution Progressiste et Populaire, car chaque Burkinab\u00e8 doit se mobiliser pour une \u00e9ducation souveraine et de qualit\u00e9\u00bb, a-t-il dit.<\/p>\n<p>L&rsquo;association a remis des dons significatifs au profit de 07 \u00e9tablissements primaires et du lyc\u00e9e de Kanougou.<\/p>\n<p>Au total, pr\u00e8s de 80 personnes \u00e9l\u00e8ves et enseignants ont re\u00e7u des kits scolaires complets, des v\u00e9los et du mat\u00e9riel p\u00e9dagogique et attestations de reconnaissance pour les enseignants.<\/p>\n<p>La marraine de l&rsquo;\u00e9dition, Virginie Kyelem\/Kabor\u00e9, Chef de service de la recette de l\u2019ONASER, a exprim\u00e9 sa fiert\u00e9 et a indiqu\u00e9 que le motif est noble car contribue \u00e0 am\u00e9liorer les conditions de vie de ceux qui font l&rsquo;\u00e9cole est une priorit\u00e9.<\/p>\n<p>Depuis sa cr\u00e9ation, l&rsquo;ABAJDS a affich\u00e9 des actions dont 400 Kits scolaires, 250 lampes solaires 250 60 v\u00e9los, 13 tonnes des vivres et des \u00e9quipements sportifs dont 20 jeux de maillots et 58 ballons.<\/p>\n<p>Le Haut-commissaire de la province du Kourittenga, Moctar Ilboudo, a r\u00e9it\u00e9r\u00e9 le soutien des autorit\u00e9s \u00e0 cette association qui, par son action, transforme l&rsquo;\u00e9ducation en un levier de solidarit\u00e9 nationale.<\/p>\n<p style=\"text-align: right\"><strong>Agence d\u2019information du Burkina<\/strong><\/p>\n<p style=\"text-align: right\"><strong>AWS\/PPY\/HB\/OO<\/strong><\/p>\n","protected":false},"excerpt":{"rendered":"<p>BURKINA-KOURITTENGA-CEREMONIE-MERITE-SOLIDARITE Kourittenga\/Journ\u00e9e du m\u00e9rite et de la solidarit\u00e9 : Une association magnifie l\u2019engagement citoyen et la m\u00e9moire Yargo, 28 f\u00e9v. 2026 (AIB)- L\u2019Association burkinab\u00e8 d\u2019appui \u00e0 la jeunesse pour un d\u00e9veloppement solidaire (ABAJDS), a organis\u00e9, ce samedi 28 f\u00e9vrier 2026 \u00e0 l\u2019\u00e9cole primaire de Kanougou, dans la commune de Yargo, la 5e \u00e9dition de la [&hellip;]<\/p>\n","protected":false},"author":21,"featured_media":141850,"comment_status":"open","ping_status":"open","sticky":false,"template":"","format":"standard","meta":{"advanced_seo_description":"","jetpack_seo_html_title":"","jetpack_seo_noindex":false,"jetpack_post_was_ever_published":false,"footnotes":""},"categories":[45,173,93,105,203,36],"tags":[],"class_list":{"0":"post-141849","1":"post","2":"type-post","3":"status-publish","4":"format-standard","5":"has-post-thumbnail","7":"category-centre-est","8":"category-depeches","9":"category-flashinfos","10":"category-kouritenga","11":"category-la-une-aib","12":"category-societe"},"jetpack_featured_media_url":"https:\/\/i0.wp.com\/www.aib.media\/wp-content\/uploads\/2026\/03\/48.jpeg?fit=1016%2C762&ssl=1","jetpack_shortlink":"https:\/\/wp.me\/pavbHe-ATT","_links":{"self":[{"href":"https:\/\/www.aib.media\/index.php?rest_route=\/wp\/v2\/posts\/141849","targetHints":{"allow":["GET"]}}],"collection":[{"href":"https:\/\/www.aib.media\/index.php?rest_route=\/wp\/v2\/posts"}],"about":[{"href":"https:\/\/www.aib.media\/index.php?rest_route=\/wp\/v2\/types\/post"}],"author":[{"embeddable":true,"href":"https:\/\/www.aib.media\/index.php?rest_route=\/wp\/v2\/users\/21"}],"replies":[{"embeddable":true,"href":"https:\/\/www.aib.media\/index.php?rest_route=%2Fwp%2Fv2%2Fcomments&post=141849"}],"version-history":[{"count":1,"href":"https:\/\/www.aib.media\/index.php?rest_route=\/wp\/v2\/posts\/141849\/revisions"}],"predecessor-version":[{"id":141851,"href":"https:\/\/www.aib.media\/index.php?rest_route=\/wp\/v2\/posts\/141849\/revisions\/141851"}],"wp:featuredmedia":[{"embeddable":true,"href":"https:\/\/www.aib.media\/index.php?rest_route=\/wp\/v2\/media\/141850"}],"wp:attachment":[{"href":"https:\/\/www.aib.media\/index.php?rest_route=%2Fwp%2Fv2%2Fmedia&parent=141849"}],"wp:term":[{"taxonomy":"category","embeddable":true,"href":"https:\/\/www.aib.media\/index.php?rest_route=%2Fwp%2Fv2%2Fcategories&post=141849"},{"taxonomy":"post_tag","embeddable":true,"href":"https:\/\/www.aib.media\/index.php?rest_route=%2Fwp%2Fv2%2Ftags&post=141849"}],"curies":[{"name":"wp","href":"https:\/\/api.w.org\/{rel}","templated":true}]}}