{"id":141822,"date":"2026-03-02T13:07:15","date_gmt":"2026-03-02T13:07:15","guid":{"rendered":"https:\/\/www.aib.media\/?p=141822"},"modified":"2026-03-02T13:07:15","modified_gmt":"2026-03-02T13:07:15","slug":"koosin-lassociation-des-eleves-des-etablissements-catholiques-assainit-le-secteur-3","status":"publish","type":"post","link":"https:\/\/www.aib.media\/?p=141822","title":{"rendered":"Koosin : L&rsquo;association des \u00e9l\u00e8ves des \u00e9tablissements catholiques assainit le secteur 3"},"content":{"rendered":"<p>BURKINA-KOOSIN-ASSAINISSEMENT<\/p>\n<p><strong>Koosin : L&rsquo;association des \u00e9l\u00e8ves des \u00e9tablissements catholiques assainit le secteur 3<\/strong><\/p>\n<p><strong>Nouna, 28 f\u00e9v. 2026 (AIB)-L&rsquo;Association des \u00e9l\u00e8ves des \u00e9tablissements catholiques (AEEC) \u00e0 travers l&rsquo;op\u00e9ration \u00ab\u00a0Ma ville propre\u00a0\u00bb s&rsquo;est associ\u00e9e, ce samedi 28 f\u00e9vrier 2026, \u00e0 la population du secteur 3, pour les travaux d&rsquo;int\u00e9r\u00eat commun.<\/strong><\/p>\n<p>Le lyc\u00e9e priv\u00e9 saint M&rsquo;baga Tuzind\u00e9, du coll\u00e8ge Charles Lwanga, du centre de formation professionnel, qui composent l\u2019Association des \u00e9l\u00e8ves des \u00e9tablissements catholiques (AEEC), ont pour objectif de d\u00e9fendre leurs int\u00e9r\u00eats et contribuer au bien-\u00eatre de ses membres.<\/p>\n<p>Pour \u00eatre en harmonie avec les id\u00e9aux de la R\u00e9volution progressiste et populaire (RPP), l&rsquo;AEEC a initi\u00e9, en partenariat avec la population du secteur 3, une activit\u00e9 d\u00e9nomm\u00e9e Op\u00e9ration \u2018\u2019Ma ville propre\u00a0\u00bb, pour l&rsquo;assainissement de la ville de Nouna.<\/p>\n<p>Selon le pr\u00e9sident de l&rsquo;association, Maximillien Yadia, \u00e9l\u00e8ve du centre de formation professionnel, c&rsquo;est \u00e9galement \u00eatre utile \u00e0 la communaut\u00e9 avec laquelle nous vivons.<\/p>\n<p>L&rsquo;activit\u00e9 de ce jour a consist\u00e9 \u00e0 remplir les nids de poules se trouvant sur l&rsquo;axe compris du rond-point Ouezzin Coulibaly au mur du CFP et de la grande porte du CCL \u00e0 la cath\u00e9drale et pour finir l&rsquo;axe allant du mur de l&rsquo;OCADES \u00e0 la voie passant devant le stade Jean Lessourd.<br \/>\nLe ramassage des d\u00e9chets plastiques sont autant d&rsquo;activit\u00e9s que les \u00e9l\u00e8ves ont men\u00e9es ce samedi matin.<\/p>\n<p>\u00ab Nous voulons apporter notre contribution aux travaux d&rsquo;int\u00e9r\u00eats communs men\u00e9s par la jeunesse du secteur 3 chaque samedi matin \u00bb, a indiqu\u00e9 M. Yadia.<\/p>\n<p>Pour lui, la jeunesse ne doit pas \u00eatre en marge des initiatives pr\u00e9sidentielles, nous devons accompagner les autorit\u00e9s du pays en contribuant \u00e0 l&rsquo;\u00e9veil de conscience de nos membres en particulier et des \u00e9l\u00e8ves de mani\u00e8re g\u00e9n\u00e9rale.<\/p>\n<p>Un \u00e9l\u00e8ve qui a gard\u00e9 l&rsquo;anonymat a souhait\u00e9 plus d&rsquo;accompagnement des professeurs pour la prochaine \u00e9dition.<\/p>\n<p>L&rsquo;op\u00e9ration \u2018\u2019Ma ville propre\u2019\u2019 est \u00e0 sa premi\u00e8re \u00e9dition et doit se poursuivre avec la participation effective de tous les \u00e9l\u00e8ves de la ville de Nouna tr\u00e8s bient\u00f4t.<\/p>\n<p style=\"text-align: right\">\n<strong>Agence d\u2019information du Burkina<\/strong><br \/>\n<strong>AC\/HB\/OO<\/strong><\/p>\n","protected":false},"excerpt":{"rendered":"<p>BURKINA-KOOSIN-ASSAINISSEMENT Koosin : L&rsquo;association des \u00e9l\u00e8ves des \u00e9tablissements catholiques assainit le secteur 3 Nouna, 28 f\u00e9v. 2026 (AIB)-L&rsquo;Association des \u00e9l\u00e8ves des \u00e9tablissements catholiques (AEEC) \u00e0 travers l&rsquo;op\u00e9ration \u00ab\u00a0Ma ville propre\u00a0\u00bb s&rsquo;est associ\u00e9e, ce samedi 28 f\u00e9vrier 2026, \u00e0 la population du secteur 3, pour les travaux d&rsquo;int\u00e9r\u00eat commun. Le lyc\u00e9e priv\u00e9 saint M&rsquo;baga Tuzind\u00e9, du [&hellip;]<\/p>\n","protected":false},"author":21,"featured_media":141823,"comment_status":"open","ping_status":"open","sticky":false,"template":"","format":"standard","meta":{"advanced_seo_description":"","jetpack_seo_html_title":"","jetpack_seo_noindex":false,"jetpack_post_was_ever_published":false,"footnotes":""},"categories":[43,173,93,96,203,36],"tags":[],"class_list":{"0":"post-141822","1":"post","2":"type-post","3":"status-publish","4":"format-standard","5":"has-post-thumbnail","7":"category-boucle-du-mouhoun","8":"category-depeches","9":"category-flashinfos","10":"category-kossi","11":"category-la-une-aib","12":"category-societe"},"jetpack_featured_media_url":"https:\/\/i0.wp.com\/www.aib.media\/wp-content\/uploads\/2026\/03\/39.jpeg?fit=1040%2C468&ssl=1","jetpack_shortlink":"https:\/\/wp.me\/pavbHe-ATs","_links":{"self":[{"href":"https:\/\/www.aib.media\/index.php?rest_route=\/wp\/v2\/posts\/141822","targetHints":{"allow":["GET"]}}],"collection":[{"href":"https:\/\/www.aib.media\/index.php?rest_route=\/wp\/v2\/posts"}],"about":[{"href":"https:\/\/www.aib.media\/index.php?rest_route=\/wp\/v2\/types\/post"}],"author":[{"embeddable":true,"href":"https:\/\/www.aib.media\/index.php?rest_route=\/wp\/v2\/users\/21"}],"replies":[{"embeddable":true,"href":"https:\/\/www.aib.media\/index.php?rest_route=%2Fwp%2Fv2%2Fcomments&post=141822"}],"version-history":[{"count":1,"href":"https:\/\/www.aib.media\/index.php?rest_route=\/wp\/v2\/posts\/141822\/revisions"}],"predecessor-version":[{"id":141824,"href":"https:\/\/www.aib.media\/index.php?rest_route=\/wp\/v2\/posts\/141822\/revisions\/141824"}],"wp:featuredmedia":[{"embeddable":true,"href":"https:\/\/www.aib.media\/index.php?rest_route=\/wp\/v2\/media\/141823"}],"wp:attachment":[{"href":"https:\/\/www.aib.media\/index.php?rest_route=%2Fwp%2Fv2%2Fmedia&parent=141822"}],"wp:term":[{"taxonomy":"category","embeddable":true,"href":"https:\/\/www.aib.media\/index.php?rest_route=%2Fwp%2Fv2%2Fcategories&post=141822"},{"taxonomy":"post_tag","embeddable":true,"href":"https:\/\/www.aib.media\/index.php?rest_route=%2Fwp%2Fv2%2Ftags&post=141822"}],"curies":[{"name":"wp","href":"https:\/\/api.w.org\/{rel}","templated":true}]}}