{"id":141812,"date":"2026-03-02T12:24:19","date_gmt":"2026-03-02T12:24:19","guid":{"rendered":"https:\/\/www.aib.media\/?p=141812"},"modified":"2026-03-02T12:24:19","modified_gmt":"2026-03-02T12:24:19","slug":"banwa-le-charge-de-mission-soumaila-pare-visite-des-jardins-a-solenzo","status":"publish","type":"post","link":"https:\/\/www.aib.media\/?p=141812","title":{"rendered":"Banwa : le charg\u00e9 de mission Souma\u00efla Par\u00e9 visite des jardins \u00e0 Solenzo"},"content":{"rendered":"<p><strong>Banwa : le charg\u00e9 de mission Souma\u00efla Par\u00e9 visite des jardins \u00e0 Solenzo<\/strong><\/p>\n<p><strong>Solenzo,1er mars 2026 (AIB)- Le Charg\u00e9 de mission des r\u00e9gions de Bankui et Sourou aupr\u00e8s de la Pr\u00e9sidence du Faso, Souma\u00efla Par\u00e9, a visit\u00e9 quelques jardins maraichers dans l&rsquo;apr\u00e8s-midi d&rsquo;hier samedi 28 f\u00e9vrier 2026 pour constater les r\u00e9alit\u00e9s de la production de ces cultures dans la province.<\/strong><\/p>\n<p>Venus pour pr\u00e9senter les initiatives pr\u00e9sidentielles \u00e0 la population, Souma\u00efla Par\u00e9 accompagn\u00e9 de ses deux points focaux pour le d\u00e9veloppement et la s\u00e9curit\u00e9 ainsi que le coordonnateur provincial de la veille citoyenne ont visit\u00e9 des champs d&rsquo;oignons et de bl\u00e9 pr\u00e8s de la ville de Solenzo.<\/p>\n<p>Selon lui, cette visite dans les champs est de toucher du doigt les r\u00e9alit\u00e9s de la population et aussi rendre compte de tout ce qui se passe dans la province.<\/p>\n<p>Au cours de cette visite les difficult\u00e9s majeures rencontr\u00e9es par les producteurs sont le manque d&rsquo;eau \u00e0 cause de l&rsquo;inexistence de points de retenue d&rsquo;eau ou de barrage.<\/p>\n<p>Le charg\u00e9 de mission a rassur\u00e9 les populations que les pr\u00e9occupations soulev\u00e9es seront r\u00e9solues dans la province pour le bonheur des populations.<\/p>\n<p style=\"text-align: right\"><strong>Agence d&rsquo;Information du Burkina <\/strong><br \/>\n<strong>SO\/bbp<\/strong><\/p>\n","protected":false},"excerpt":{"rendered":"<p>Banwa : le charg\u00e9 de mission Souma\u00efla Par\u00e9 visite des jardins \u00e0 Solenzo Solenzo,1er mars 2026 (AIB)- Le Charg\u00e9 de mission des r\u00e9gions de Bankui et Sourou aupr\u00e8s de la Pr\u00e9sidence du Faso, Souma\u00efla Par\u00e9, a visit\u00e9 quelques jardins maraichers dans l&rsquo;apr\u00e8s-midi d&rsquo;hier samedi 28 f\u00e9vrier 2026 pour constater les r\u00e9alit\u00e9s de la production de [&hellip;]<\/p>\n","protected":false},"author":21,"featured_media":141814,"comment_status":"open","ping_status":"open","sticky":false,"template":"","format":"standard","meta":{"advanced_seo_description":"","jetpack_seo_html_title":"","jetpack_seo_noindex":false,"jetpack_post_was_ever_published":false,"footnotes":""},"categories":[43,173,93,203,95,36],"tags":[],"class_list":{"0":"post-141812","1":"post","2":"type-post","3":"status-publish","4":"format-standard","5":"has-post-thumbnail","7":"category-boucle-du-mouhoun","8":"category-depeches","9":"category-flashinfos","10":"category-la-une-aib","11":"category-les-banwa","12":"category-societe"},"jetpack_featured_media_url":"https:\/\/i0.wp.com\/www.aib.media\/wp-content\/uploads\/2026\/03\/24.jpeg?fit=1280%2C960&ssl=1","jetpack_shortlink":"https:\/\/wp.me\/pavbHe-ATi","_links":{"self":[{"href":"https:\/\/www.aib.media\/index.php?rest_route=\/wp\/v2\/posts\/141812","targetHints":{"allow":["GET"]}}],"collection":[{"href":"https:\/\/www.aib.media\/index.php?rest_route=\/wp\/v2\/posts"}],"about":[{"href":"https:\/\/www.aib.media\/index.php?rest_route=\/wp\/v2\/types\/post"}],"author":[{"embeddable":true,"href":"https:\/\/www.aib.media\/index.php?rest_route=\/wp\/v2\/users\/21"}],"replies":[{"embeddable":true,"href":"https:\/\/www.aib.media\/index.php?rest_route=%2Fwp%2Fv2%2Fcomments&post=141812"}],"version-history":[{"count":1,"href":"https:\/\/www.aib.media\/index.php?rest_route=\/wp\/v2\/posts\/141812\/revisions"}],"predecessor-version":[{"id":141815,"href":"https:\/\/www.aib.media\/index.php?rest_route=\/wp\/v2\/posts\/141812\/revisions\/141815"}],"wp:featuredmedia":[{"embeddable":true,"href":"https:\/\/www.aib.media\/index.php?rest_route=\/wp\/v2\/media\/141814"}],"wp:attachment":[{"href":"https:\/\/www.aib.media\/index.php?rest_route=%2Fwp%2Fv2%2Fmedia&parent=141812"}],"wp:term":[{"taxonomy":"category","embeddable":true,"href":"https:\/\/www.aib.media\/index.php?rest_route=%2Fwp%2Fv2%2Fcategories&post=141812"},{"taxonomy":"post_tag","embeddable":true,"href":"https:\/\/www.aib.media\/index.php?rest_route=%2Fwp%2Fv2%2Ftags&post=141812"}],"curies":[{"name":"wp","href":"https:\/\/api.w.org\/{rel}","templated":true}]}}