{"id":141809,"date":"2026-03-02T12:13:34","date_gmt":"2026-03-02T12:13:34","guid":{"rendered":"https:\/\/www.aib.media\/?p=141809"},"modified":"2026-03-02T12:13:34","modified_gmt":"2026-03-02T12:13:34","slug":"banwa-le-charge-de-mission-presente-les-initiatives-presidentielles-aux-couches-sociales","status":"publish","type":"post","link":"https:\/\/www.aib.media\/?p=141809","title":{"rendered":"Banwa : le Charg\u00e9 de mission pr\u00e9sente les initiatives pr\u00e9sidentielles aux couches sociales"},"content":{"rendered":"<p><strong>Banwa : le Charg\u00e9 de mission pr\u00e9sente les initiatives pr\u00e9sidentielles aux couches sociales<\/strong><\/p>\n<p><strong>Solenzo,1er mars 2026 (AIB)- Le Charg\u00e9 de mission des r\u00e9gions de Bankui et Sourou aupr\u00e8s de la Pr\u00e9sidence du Faso, Souma\u00efla Par\u00e9, a anim\u00e9 une conf\u00e9rence \u00e0 Solenzo samedi, dans la salle de r\u00e9union de la Sofitex avec toutes les composantes des couches sociales de la province.<\/strong><br \/>\n<strong>Selon Souma\u00efla Par\u00e9, Solenzo est le symbole de la r\u00e9silience, de la reconqu\u00eate du territoire national. Les initiatives pr\u00e9sidentielles sont en cours de r\u00e9alisation dans la province.<\/strong><\/p>\n<p>Les participants ont plaid\u00e9 pour la relance sp\u00e9ciale d&rsquo;un projet de construction des voiries et infrastructures publiques dans la province des Banwa car selon eux, beaucoup est \u00e0 reconstruire.<\/p>\n<p>Souma\u00efla Par\u00e9 a rassur\u00e9 les participants que l\u2019installation de l\u2019Agence Faso M\u00eabo \u00e0 Dedougou trouvera des solutions aux pr\u00e9occupations pos\u00e9es.<\/p>\n<p>Le Secr\u00e9taire G\u00e9n\u00e9ral de la province des Banwa, Abdoul Kader KongZabr\u00e9, qui a pr\u00e9sid\u00e9 la conf\u00e9rence a appel\u00e9 l&rsquo;ensemble des populations de la province \u00e0 faire des initiatives pr\u00e9sidentielles une priorit\u00e9 pour la reconstruction dans la province.<\/p>\n<p>Les participants ont demand\u00e9 au charg\u00e9 de mission d&rsquo;\u00eatre leur porte-voix aupr\u00e8s de la Pr\u00e9sidence du Faso pour le d\u00e9veloppement de la province \u00e0 l&rsquo;image des grandes villes du pays.<\/p>\n<p style=\"text-align: right\"><strong>Agence d&rsquo;Information du Burkina <\/strong><br \/>\n<strong>SO\/Bpb<\/strong><\/p>\n","protected":false},"excerpt":{"rendered":"<p>Banwa : le Charg\u00e9 de mission pr\u00e9sente les initiatives pr\u00e9sidentielles aux couches sociales Solenzo,1er mars 2026 (AIB)- Le Charg\u00e9 de mission des r\u00e9gions de Bankui et Sourou aupr\u00e8s de la Pr\u00e9sidence du Faso, Souma\u00efla Par\u00e9, a anim\u00e9 une conf\u00e9rence \u00e0 Solenzo samedi, dans la salle de r\u00e9union de la Sofitex avec toutes les composantes des [&hellip;]<\/p>\n","protected":false},"author":21,"featured_media":141810,"comment_status":"open","ping_status":"open","sticky":false,"template":"","format":"standard","meta":{"advanced_seo_description":"","jetpack_seo_html_title":"","jetpack_seo_noindex":false,"jetpack_post_was_ever_published":false,"footnotes":""},"categories":[43,173,93,203,95,36],"tags":[],"class_list":{"0":"post-141809","1":"post","2":"type-post","3":"status-publish","4":"format-standard","5":"has-post-thumbnail","7":"category-boucle-du-mouhoun","8":"category-depeches","9":"category-flashinfos","10":"category-la-une-aib","11":"category-les-banwa","12":"category-societe"},"jetpack_featured_media_url":"https:\/\/i0.wp.com\/www.aib.media\/wp-content\/uploads\/2026\/03\/22.jpeg?fit=1280%2C960&ssl=1","jetpack_shortlink":"https:\/\/wp.me\/pavbHe-ATf","_links":{"self":[{"href":"https:\/\/www.aib.media\/index.php?rest_route=\/wp\/v2\/posts\/141809","targetHints":{"allow":["GET"]}}],"collection":[{"href":"https:\/\/www.aib.media\/index.php?rest_route=\/wp\/v2\/posts"}],"about":[{"href":"https:\/\/www.aib.media\/index.php?rest_route=\/wp\/v2\/types\/post"}],"author":[{"embeddable":true,"href":"https:\/\/www.aib.media\/index.php?rest_route=\/wp\/v2\/users\/21"}],"replies":[{"embeddable":true,"href":"https:\/\/www.aib.media\/index.php?rest_route=%2Fwp%2Fv2%2Fcomments&post=141809"}],"version-history":[{"count":1,"href":"https:\/\/www.aib.media\/index.php?rest_route=\/wp\/v2\/posts\/141809\/revisions"}],"predecessor-version":[{"id":141811,"href":"https:\/\/www.aib.media\/index.php?rest_route=\/wp\/v2\/posts\/141809\/revisions\/141811"}],"wp:featuredmedia":[{"embeddable":true,"href":"https:\/\/www.aib.media\/index.php?rest_route=\/wp\/v2\/media\/141810"}],"wp:attachment":[{"href":"https:\/\/www.aib.media\/index.php?rest_route=%2Fwp%2Fv2%2Fmedia&parent=141809"}],"wp:term":[{"taxonomy":"category","embeddable":true,"href":"https:\/\/www.aib.media\/index.php?rest_route=%2Fwp%2Fv2%2Fcategories&post=141809"},{"taxonomy":"post_tag","embeddable":true,"href":"https:\/\/www.aib.media\/index.php?rest_route=%2Fwp%2Fv2%2Ftags&post=141809"}],"curies":[{"name":"wp","href":"https:\/\/api.w.org\/{rel}","templated":true}]}}