{"id":141198,"date":"2026-02-23T15:55:23","date_gmt":"2026-02-23T15:55:23","guid":{"rendered":"https:\/\/www.aib.media\/?p=141198"},"modified":"2026-02-23T15:55:23","modified_gmt":"2026-02-23T15:55:23","slug":"seno-fin-de-la-premiere-phase-de-lencadrement-civique-et-patriotique-au-profit-de-3-085-eleves-des-classes","status":"publish","type":"post","link":"https:\/\/www.aib.media\/?p=141198","title":{"rendered":"S\u00e9no: Fin de la premi\u00e8re phase de l\u2019encadrement civique et patriotique au profit de 3 085 \u00e9l\u00e8ves des classes"},"content":{"rendered":"<p>Burkina-S\u00e9no-Immersion-Classes-Interm\u00e9diaires<\/p>\n<p><strong>S\u00e9no: Fin de la premi\u00e8re phase de l\u2019encadrement civique et patriotique au profit de 3 085 \u00e9l\u00e8ves des classes<\/strong><\/p>\n<p><strong>Dori, 21 f\u00e9vr. 2026 (AIB) \u2013 Le Haut-commissaire de la province du S\u00e9no, Yaya Kon\u00e9, a pr\u00e9sid\u00e9, le samedi \u00e0 Dori, la c\u00e9r\u00e9monie de cl\u00f4ture de la premi\u00e8re phase de l\u2019encadrement civique et patriotique au profit de 3 085 \u00e9l\u00e8ves des classes interm\u00e9diaires, dont 1 535 filles, issus de cinq \u00e9tablissements de la province.<\/strong><\/p>\n<p>Selon le directeur provincial de l\u2019Enseignement secondaire, de la Formation professionnelle et technique du S\u00e9no, Damien Tiendr\u00e9b\u00e9ogo, cette initiative vise \u00e0 fa\u00e7onner \u00ab un nouveau Burkinab\u00e8 int\u00e8gre, disciplin\u00e9, patriote et civique, capable d\u2019impulser l\u2019\u00e9mergence d\u2019un \u00c9tat prosp\u00e8re et souverain \u00bb.<\/p>\n<p>Il a pr\u00e9cis\u00e9 que cette premi\u00e8re phase a d\u00e9but\u00e9 le 15 janvier 2026 et s\u2019inscrit dans la dynamique nationale de renforcement des valeurs civiques et citoyennes en milieu scolaire.<\/p>\n<p>L\u2019encadrement a concern\u00e9 cinq \u00e9tablissements de la province du S\u00e9no, \u00e0 savoir le lyc\u00e9e provincial de Dori, le lyc\u00e9e municipal de Dori, le Lyc\u00e9e municipal Dr Salifou Diallo, le lyc\u00e9e de Wendou et le CEG de Falagountou.<\/p>\n<p>Au total, 3 085 \u00e9l\u00e8ves des classes interm\u00e9diaires ont b\u00e9n\u00e9fici\u00e9 de la formation, dont 1 550 gar\u00e7ons et 1 535 filles, traduisant une forte mobilisation des acteurs \u00e9ducatifs autour de cette initiative.<\/p>\n<p>Faisant le bilan de la session, M. Tiendr\u00e9b\u00e9ogo a exprim\u00e9 sa reconnaissance aux autorit\u00e9s administratives, aux agents de sant\u00e9, aux responsables d\u2019\u00e9tablissements, aux encadreurs civils et aux Forces de d\u00e9fense et de s\u00e9curit\u00e9 (FDS), ainsi qu\u2019aux parents d\u2019\u00e9l\u00e8ves et aux bureaux des conseils d\u2019\u00e9cole pour leur contribution \u00e0 la r\u00e9ussite de la formation.<\/p>\n<p>Il a salu\u00e9 l\u2019engagement collectif qui a permis le bon d\u00e9roulement des activit\u00e9s sur l\u2019ensemble des sites concern\u00e9s.<\/p>\n<p>S\u2019adressant aux \u00e9l\u00e8ves immerg\u00e9s, le Haut-commissaire a rappel\u00e9 que le patriotisme \u00ab n\u2019est ni un vain mot ni une simple \u00e9motion passag\u00e8re lors de la mont\u00e9e des couleurs \u00bb, mais une discipline de chaque instant.<\/p>\n<p>Il les a exhort\u00e9s \u00e0 mettre en pratique les connaissances acquises \u00e0 travers l\u2019assiduit\u00e9, le respect des enseignants et des animateurs de la vie scolaire, ainsi que la protection de leur cadre de travail qu\u2019est l\u2019\u00e9cole.<\/p>\n<p>Fiers d\u2019avoir pris part \u00e0 cette formation, les \u00e9l\u00e8ves b\u00e9n\u00e9ficiaires se sont engag\u00e9s \u00e0 traduire dans les faits les enseignements re\u00e7us. Cette premi\u00e8re phase d\u2019encadrement civique et patriotique marque ainsi une \u00e9tape importante dans la promotion des valeurs citoyennes au sein des \u00e9tablissements secondaires de la province du S\u00e9no.<\/p>\n<p style=\"text-align: right\"><strong>Agence d&rsquo;information du Burkina <\/strong><br \/>\n<strong>AMM \/bak<\/strong><\/p>\n","protected":false},"excerpt":{"rendered":"<p>Burkina-S\u00e9no-Immersion-Classes-Interm\u00e9diaires S\u00e9no: Fin de la premi\u00e8re phase de l\u2019encadrement civique et patriotique au profit de 3 085 \u00e9l\u00e8ves des classes Dori, 21 f\u00e9vr. 2026 (AIB) \u2013 Le Haut-commissaire de la province du S\u00e9no, Yaya Kon\u00e9, a pr\u00e9sid\u00e9, le samedi \u00e0 Dori, la c\u00e9r\u00e9monie de cl\u00f4ture de la premi\u00e8re phase de l\u2019encadrement civique et patriotique au [&hellip;]<\/p>\n","protected":false},"author":15,"featured_media":141199,"comment_status":"open","ping_status":"open","sticky":false,"template":"","format":"standard","meta":{"advanced_seo_description":"","jetpack_seo_html_title":"","jetpack_seo_noindex":false,"jetpack_post_was_ever_published":false,"footnotes":""},"categories":[173,93,203,132],"tags":[],"class_list":{"0":"post-141198","1":"post","2":"type-post","3":"status-publish","4":"format-standard","5":"has-post-thumbnail","7":"category-depeches","8":"category-flashinfos","9":"category-la-une-aib","10":"category-seno"},"jetpack_featured_media_url":"https:\/\/i0.wp.com\/www.aib.media\/wp-content\/uploads\/2026\/02\/IMG-20260223-WA00241.jpg?fit=717%2C468&ssl=1","jetpack_shortlink":"https:\/\/wp.me\/pavbHe-AJo","_links":{"self":[{"href":"https:\/\/www.aib.media\/index.php?rest_route=\/wp\/v2\/posts\/141198","targetHints":{"allow":["GET"]}}],"collection":[{"href":"https:\/\/www.aib.media\/index.php?rest_route=\/wp\/v2\/posts"}],"about":[{"href":"https:\/\/www.aib.media\/index.php?rest_route=\/wp\/v2\/types\/post"}],"author":[{"embeddable":true,"href":"https:\/\/www.aib.media\/index.php?rest_route=\/wp\/v2\/users\/15"}],"replies":[{"embeddable":true,"href":"https:\/\/www.aib.media\/index.php?rest_route=%2Fwp%2Fv2%2Fcomments&post=141198"}],"version-history":[{"count":1,"href":"https:\/\/www.aib.media\/index.php?rest_route=\/wp\/v2\/posts\/141198\/revisions"}],"predecessor-version":[{"id":141200,"href":"https:\/\/www.aib.media\/index.php?rest_route=\/wp\/v2\/posts\/141198\/revisions\/141200"}],"wp:featuredmedia":[{"embeddable":true,"href":"https:\/\/www.aib.media\/index.php?rest_route=\/wp\/v2\/media\/141199"}],"wp:attachment":[{"href":"https:\/\/www.aib.media\/index.php?rest_route=%2Fwp%2Fv2%2Fmedia&parent=141198"}],"wp:term":[{"taxonomy":"category","embeddable":true,"href":"https:\/\/www.aib.media\/index.php?rest_route=%2Fwp%2Fv2%2Fcategories&post=141198"},{"taxonomy":"post_tag","embeddable":true,"href":"https:\/\/www.aib.media\/index.php?rest_route=%2Fwp%2Fv2%2Ftags&post=141198"}],"curies":[{"name":"wp","href":"https:\/\/api.w.org\/{rel}","templated":true}]}}