{"id":140598,"date":"2026-02-17T15:18:06","date_gmt":"2026-02-17T15:18:06","guid":{"rendered":"https:\/\/www.aib.media\/?p=140598"},"modified":"2026-02-17T15:18:06","modified_gmt":"2026-02-17T15:18:06","slug":"banfora-lartiste-musicienne-thaliane-presente-son-nouveau-single-intitule-sain-et-sauf","status":"publish","type":"post","link":"https:\/\/www.aib.media\/?p=140598","title":{"rendered":"Banfora : L\u2019artiste musicienne Thaliane pr\u00e9sente son nouveau single intitul\u00e9 \u00ab Sain et Sauf \u00bb"},"content":{"rendered":"<p>Burkina-Tannounyan-Banfora-Artiste-Conf\u00e9rence-Presse<\/p>\n<p><strong>Banfora : L\u2019artiste musicienne Thaliane pr\u00e9sente son nouveau single intitul\u00e9 \u00ab Sain et Sauf \u00bb<\/strong><\/p>\n<p><strong>Banfora, 15 f\u00e9vrier 2026 (AIB) &#8211; L\u2019artiste chanteuse burkinab\u00e8 Thaliane a officiellement pr\u00e9sent\u00e9 son nouveau single intitul\u00e9 \u00ab Sain et Sauf \u00bb au cours d\u2019une conf\u00e9rence de presse organis\u00e9e, le 13 f\u00e9vrier 2026 \u00e0 Banfora.<\/strong><\/p>\n<p>Plac\u00e9e sous le parrainage de Adama Soulama, cette rencontre avec les m\u00e9dias, les acteurs culturels et les m\u00e9lomanes a constitu\u00e9 un cadre d\u2019\u00e9change autour de ce projet musical qui marque le retour de l\u2019artiste sur la sc\u00e8ne musicale.<\/p>\n<p>Face \u00e0 la presse, Thaliane, de son vrai nom Traor\u00e9 Ouo Nathalie, a exprim\u00e9 sa joie de renouer avec son public \u00e0 travers cette \u0153uvre porteuse d\u2019un message d\u2019espoir, de r\u00e9silience et de d\u00e9passement des \u00e9preuves. Elle a invit\u00e9 les m\u00e9lomanes \u00e0 r\u00e9server un accueil chaleureux au single et \u00e0 l\u2019accompagner dans la poursuite de sa carri\u00e8re musicale.<\/p>\n<p>L\u2019artiste a confi\u00e9 disposer d\u2019un riche r\u00e9pertoire encore m\u00e9connu du public, r\u00e9v\u00e9lant qu\u2019elle travaille activement \u00e0 la sortie d\u2019un nouvel album pr\u00e9vue au cours de l\u2019ann\u00e9e 2026. Un projet qu\u2019elle souhaite m\u00fbrement pr\u00e9parer afin d\u2019offrir une production \u00e0 la hauteur des attentes de ses fans.<\/p>\n<p>Consciente des d\u00e9fis li\u00e9s \u00e0 la diffusion artistique, Thaliane a \u00e9galement lanc\u00e9 un appel aux bonnes volont\u00e9s, partenaires culturels et m\u00e9c\u00e8nes \u00e0 l\u2019accompagner, notamment dans la promotion de ses \u0153uvres, qu\u2019elle reconna\u00eet \u00eatre une \u00e9tape particuli\u00e8rement exigeante mais essentielle pour la visibilit\u00e9 des artistes.<br \/>\nLe parrain de cette conf\u00e9rence de presse a, pour sa part, salu\u00e9 l\u2019engagement et la d\u00e9termination de l\u2019artiste, soulignant que sa musique v\u00e9hicule des valeurs de paix, de solidarit\u00e9 et de coh\u00e9sion sociale.<br \/>\nA travers cette conf\u00e9rence de presse, Thaliane ouvre ainsi une nouvelle page de son parcours artistique, avec l\u2019ambition de renforcer sa pr\u00e9sence sur la sc\u00e8ne musicale tout en poursuivant son engagement en faveur des causes sociales.<\/p>\n<p style=\"text-align: right\"><strong>Agence d\u2019information du Burkina<\/strong><br \/>\n<strong>JPY-dnk<\/strong><\/p>\n","protected":false},"excerpt":{"rendered":"<p>Burkina-Tannounyan-Banfora-Artiste-Conf\u00e9rence-Presse Banfora : L\u2019artiste musicienne Thaliane pr\u00e9sente son nouveau single intitul\u00e9 \u00ab Sain et Sauf \u00bb Banfora, 15 f\u00e9vrier 2026 (AIB) &#8211; L\u2019artiste chanteuse burkinab\u00e8 Thaliane a officiellement pr\u00e9sent\u00e9 son nouveau single intitul\u00e9 \u00ab Sain et Sauf \u00bb au cours d\u2019une conf\u00e9rence de presse organis\u00e9e, le 13 f\u00e9vrier 2026 \u00e0 Banfora. Plac\u00e9e sous le parrainage [&hellip;]<\/p>\n","protected":false},"author":15,"featured_media":140599,"comment_status":"open","ping_status":"open","sticky":false,"template":"","format":"standard","meta":{"advanced_seo_description":"","jetpack_seo_html_title":"","jetpack_seo_noindex":false,"jetpack_post_was_ever_published":false,"footnotes":""},"categories":[100,173,93,203],"tags":[],"class_list":{"0":"post-140598","1":"post","2":"type-post","3":"status-publish","4":"format-standard","5":"has-post-thumbnail","7":"category-comoe","8":"category-depeches","9":"category-flashinfos","10":"category-la-une-aib"},"jetpack_featured_media_url":"https:\/\/i0.wp.com\/www.aib.media\/wp-content\/uploads\/2026\/02\/IMG-20260217-WA00401.jpg?fit=1280%2C960&ssl=1","jetpack_shortlink":"https:\/\/wp.me\/pavbHe-AzI","_links":{"self":[{"href":"https:\/\/www.aib.media\/index.php?rest_route=\/wp\/v2\/posts\/140598","targetHints":{"allow":["GET"]}}],"collection":[{"href":"https:\/\/www.aib.media\/index.php?rest_route=\/wp\/v2\/posts"}],"about":[{"href":"https:\/\/www.aib.media\/index.php?rest_route=\/wp\/v2\/types\/post"}],"author":[{"embeddable":true,"href":"https:\/\/www.aib.media\/index.php?rest_route=\/wp\/v2\/users\/15"}],"replies":[{"embeddable":true,"href":"https:\/\/www.aib.media\/index.php?rest_route=%2Fwp%2Fv2%2Fcomments&post=140598"}],"version-history":[{"count":1,"href":"https:\/\/www.aib.media\/index.php?rest_route=\/wp\/v2\/posts\/140598\/revisions"}],"predecessor-version":[{"id":140600,"href":"https:\/\/www.aib.media\/index.php?rest_route=\/wp\/v2\/posts\/140598\/revisions\/140600"}],"wp:featuredmedia":[{"embeddable":true,"href":"https:\/\/www.aib.media\/index.php?rest_route=\/wp\/v2\/media\/140599"}],"wp:attachment":[{"href":"https:\/\/www.aib.media\/index.php?rest_route=%2Fwp%2Fv2%2Fmedia&parent=140598"}],"wp:term":[{"taxonomy":"category","embeddable":true,"href":"https:\/\/www.aib.media\/index.php?rest_route=%2Fwp%2Fv2%2Fcategories&post=140598"},{"taxonomy":"post_tag","embeddable":true,"href":"https:\/\/www.aib.media\/index.php?rest_route=%2Fwp%2Fv2%2Ftags&post=140598"}],"curies":[{"name":"wp","href":"https:\/\/api.w.org\/{rel}","templated":true}]}}