{"id":138968,"date":"2026-01-29T16:04:30","date_gmt":"2026-01-29T16:04:30","guid":{"rendered":"https:\/\/www.aib.media\/?p=138968"},"modified":"2026-01-29T16:04:30","modified_gmt":"2026-01-29T16:04:30","slug":"burkina-initiative-presidentielle-pour-la-production-agricole-et-lautosuffisance-ali-mentaire-700-vdp-agricoles-en-formation-a-lenafa-de-matroukou","status":"publish","type":"post","link":"https:\/\/www.aib.media\/?p=138968","title":{"rendered":"Burkina \/ Initiative pr\u00e9sidentielle pour la production agricole et l\u2019autosuffisance ali-mentaire : 700 VDP agricoles en formation \u00e0 l\u2019ENAFA de Matroukou"},"content":{"rendered":"<p><strong>Burkina \/ Initiative pr\u00e9sidentielle pour la production agricole et l\u2019autosuffisance ali-mentaire : 700 VDP agricoles en formation \u00e0 l\u2019ENAFA de Matroukou<\/strong><\/p>\n<p><strong>Bobo-Dioulasso, 28 janv. 2026 (AIB)-La coordination de l\u2019Initiative pr\u00e9sidentielle pour la production agricole et l\u2019autosuffisance alimentaire (IP-P3A), log\u00e9e au Bureau national des grands projets, a effectu\u00e9, le mercredi 28 janvier 2026, une visite de terrain \u00e0 l\u2019\u00c9cole natio-nale de formation agricole (ENAFA) de Matroukou, \u00e0 Bobo-Dioulasso.<\/strong><\/p>\n<p>Cette sortie avait pour objectif d\u2019appr\u00e9cier l\u2019\u00e9tat d\u2019avancement de la formation de 700 Vo-lontaires pour la d\u00e9fense de la patrie (VDP) agricoles, actuellement en apprentissage dans le domaine de l\u2019entrepreneuriat agricole au sein de ce centre.<\/p>\n<p>Apr\u00e8s un mois de formation militaire au camp de Badnogo, ces VDP agricoles sont d\u00e9sor-mais engag\u00e9s dans une phase de formation pratique ax\u00e9e sur l\u2019entrepreneuriat agricole. De-puis le 5 janvier 2025, l\u2019ENAFA de Matroukou constitue leur principal cadre d\u2019apprentissage, o\u00f9 ils b\u00e9n\u00e9ficient de diff\u00e9rents modules visant \u00e0 faire d\u2019eux de v\u00e9ritables entrepreneurs agricoles.<\/p>\n<p>La formation porte notamment sur la production des cultures c\u00e9r\u00e9ali\u00e8res, mara\u00eech\u00e8res et fruiti\u00e8res, les techniques de fabrication des bio-intrants, la gestion \u00e9cologique des espaces agricoles, la production animale, l\u2019entrepreneuriat agricole, ainsi que les m\u00e9thodes de con-servation et de transformation des produits agricoles.<\/p>\n<p>\u00c0 travers cette initiative, le Pr\u00e9sident du Faso, le Capitaine Ibrahim Traor\u00e9, ambitionne de doter la jeunesse de comp\u00e9tences solides afin de moderniser le secteur agricole et de contri-buer significativement \u00e0 l\u2019atteinte de l\u2019autosuffisance alimentaire au Burkina Faso.<\/p>\n<p>Trois semaines apr\u00e8s le d\u00e9but de cette phase pratique, la coordination de l\u2019IP-P3A a marqu\u00e9 une halte \u00e0 Matroukou afin de constater de visu l\u2019\u00e9volution des activit\u00e9s. \u00c0 l\u2019issue des \u00e9changes avec les stagiaires et de la visite des sites de production, le constat a \u00e9t\u00e9 jug\u00e9 satis-faisant.<\/p>\n<p>\u00ab Nous avons constat\u00e9 que la formation se d\u00e9roule bien. Les stagiaires ont d\u00e9j\u00e0 acquis de nombreuses connaissances en c\u00e9r\u00e9aliculture et en mara\u00eecherculture, et ils apprendront \u00e9ga-lement la transformation des produits agricoles \u00bb, a indiqu\u00e9 Inoussa Ou\u00e9draogo, coordonna-teur technique de l\u2019Initiative pr\u00e9sidentielle pour la production agricole et l\u2019autosuffisance alimentaire.<\/p>\n<p>Du c\u00f4t\u00e9 des b\u00e9n\u00e9ficiaires, l\u2019enthousiasme est perceptible. Pour Moussa Sangar\u00e9, d\u00e9l\u00e9gu\u00e9 de la deuxi\u00e8me cohorte des VDP agricoles, cette formation permettra d\u2019abandonner les pra-tiques agricoles archa\u00efques au profit de techniques modernes, simples et plus productives en termes de rendement. Il a par ailleurs salu\u00e9 la vision du Capitaine Ibrahim Traor\u00e9, estimant qu\u2019\u00e0 travers cette initiative, \u00ab les Burkinab\u00e8 mangeront \u00e0 leur faim et boiront \u00e0 leur soif \u00bb.<\/p>\n<p>L\u2019ENAFA de Matroukou s\u2019est \u00e9galement r\u00e9jouie de la visite de la coordination de l\u2019IP-P3A, qu\u2019elle consid\u00e8re comme un facteur de motivation suppl\u00e9mentaire pour les apprenants et les formateurs engag\u00e9s dans la r\u00e9ussite de ce programme.<\/p>\n<p>Dans le cadre de l\u2019Initiative pr\u00e9sidentielle pour la production agricole et l\u2019autosuffisance alimentaire, il est pr\u00e9vu la formation de 8 000 jeunes, hommes et femmes, issus des diff\u00e9-rentes communes du pays. Apr\u00e8s une premi\u00e8re cohorte de 2 000 jeunes form\u00e9e en 2025, la deuxi\u00e8me cohorte regroupe 3 000 jeunes actuellement en formation intensive de deux mois dans 17 centres \u00e0 travers le pays, dont 700 \u00e0 l\u2019ENAFA de Matroukou, \u00e0 Bobo-Dioulasso.<\/p>\n<p style=\"text-align: center\"><strong>Agence d\u2019Information du Burkina<\/strong><br \/>\n<strong>AB\/ata<\/strong><\/p>\n","protected":false},"excerpt":{"rendered":"<p>Burkina \/ Initiative pr\u00e9sidentielle pour la production agricole et l\u2019autosuffisance ali-mentaire : 700 VDP agricoles en formation \u00e0 l\u2019ENAFA de Matroukou Bobo-Dioulasso, 28 janv. 2026 (AIB)-La coordination de l\u2019Initiative pr\u00e9sidentielle pour la production agricole et l\u2019autosuffisance alimentaire (IP-P3A), log\u00e9e au Bureau national des grands projets, a effectu\u00e9, le mercredi 28 janvier 2026, une visite de [&hellip;]<\/p>\n","protected":false},"author":15,"featured_media":138969,"comment_status":"open","ping_status":"open","sticky":false,"template":"","format":"standard","meta":{"advanced_seo_description":"","jetpack_seo_html_title":"","jetpack_seo_noindex":false,"jetpack_post_was_ever_published":false,"footnotes":""},"categories":[173,93,121,203],"tags":[],"class_list":{"0":"post-138968","1":"post","2":"type-post","3":"status-publish","4":"format-standard","5":"has-post-thumbnail","7":"category-depeches","8":"category-flashinfos","9":"category-houet","10":"category-la-une-aib"},"jetpack_featured_media_url":"https:\/\/i0.wp.com\/www.aib.media\/wp-content\/uploads\/2026\/01\/IMG-20260129-WA01691.jpg?fit=1063%2C1080&ssl=1","jetpack_shortlink":"https:\/\/wp.me\/pavbHe-A9q","_links":{"self":[{"href":"https:\/\/www.aib.media\/index.php?rest_route=\/wp\/v2\/posts\/138968","targetHints":{"allow":["GET"]}}],"collection":[{"href":"https:\/\/www.aib.media\/index.php?rest_route=\/wp\/v2\/posts"}],"about":[{"href":"https:\/\/www.aib.media\/index.php?rest_route=\/wp\/v2\/types\/post"}],"author":[{"embeddable":true,"href":"https:\/\/www.aib.media\/index.php?rest_route=\/wp\/v2\/users\/15"}],"replies":[{"embeddable":true,"href":"https:\/\/www.aib.media\/index.php?rest_route=%2Fwp%2Fv2%2Fcomments&post=138968"}],"version-history":[{"count":0,"href":"https:\/\/www.aib.media\/index.php?rest_route=\/wp\/v2\/posts\/138968\/revisions"}],"wp:featuredmedia":[{"embeddable":true,"href":"https:\/\/www.aib.media\/index.php?rest_route=\/wp\/v2\/media\/138969"}],"wp:attachment":[{"href":"https:\/\/www.aib.media\/index.php?rest_route=%2Fwp%2Fv2%2Fmedia&parent=138968"}],"wp:term":[{"taxonomy":"category","embeddable":true,"href":"https:\/\/www.aib.media\/index.php?rest_route=%2Fwp%2Fv2%2Fcategories&post=138968"},{"taxonomy":"post_tag","embeddable":true,"href":"https:\/\/www.aib.media\/index.php?rest_route=%2Fwp%2Fv2%2Ftags&post=138968"}],"curies":[{"name":"wp","href":"https:\/\/api.w.org\/{rel}","templated":true}]}}