{"id":138488,"date":"2026-01-23T15:20:39","date_gmt":"2026-01-23T15:20:39","guid":{"rendered":"https:\/\/www.aib.media\/?p=138488"},"modified":"2026-01-23T15:20:39","modified_gmt":"2026-01-23T15:20:39","slug":"poni-education-la-commune-de-gaoua-met-en-place-son-conseil-communal-de-lecole","status":"publish","type":"post","link":"https:\/\/www.aib.media\/?p=138488","title":{"rendered":"Poni\/\u00c9ducation : La commune de Gaoua met en place son Conseil communal de l\u2019\u00e9cole"},"content":{"rendered":"<p>Burkina\u2013Poni\u2013\u00c9ducation\u2013Conseil\u2013Communal\u2013Ecole<\/p>\n<p><strong>Poni\/\u00c9ducation : La commune de Gaoua met en place son Conseil communal de l\u2019\u00e9cole<\/strong><\/p>\n<p><strong>Gaoua, 21 janv. 2026 (AIB) \u2013 La commune de Gaoua a proc\u00e9d\u00e9, le mardi 20 janvier 2026 \u00e0 Gaoua, \u00e0 la mise en place de son Conseil communal de l\u2019\u00e9cole, \u00e0 l\u2019issue d\u2019une assembl\u00e9e g\u00e9n\u00e9rale tenue \u00e0 cet effet.<\/strong><\/p>\n<p>La c\u00e9r\u00e9monie a \u00e9t\u00e9 pr\u00e9sid\u00e9e par le pr\u00e9sident de la d\u00e9l\u00e9gation sp\u00e9ciale (PDS) de la commune de Gaoua, Siaka Ouattara, en pr\u00e9sence des pr\u00e9sidents des bureaux ex\u00e9cutifs des conseils d\u2019\u00e9cole de la commune, des repr\u00e9sentants des communaut\u00e9s coutumi\u00e8res et religieuses, ainsi que des acteurs du d\u00e9veloppement du monde rural issus des services techniques d\u00e9concentr\u00e9s.<\/p>\n<p>\u00c0 l\u2019issue des \u00e9lections, le bureau ex\u00e9cutif du Conseil communal de l\u2019\u00e9cole a \u00e9t\u00e9 constitu\u00e9 de cinq membres. Il s\u2019agit de Si\u00e9 Marcelin Kambou, \u00e9lu pr\u00e9sident, de Banign\u00e8 Youl, secr\u00e9taire g\u00e9n\u00e9ral, de Gninlimine Kambir\u00e9, tr\u00e9sorier, de Dimitri L\u00e8wa, secr\u00e9taire \u00e0 l\u2019organisation et \u00e0 l\u2019information, et de Sansan Urbain Kambou, coordonnateur.<\/p>\n<p>Le PDS Siaka Ouattara a salu\u00e9 la vision du gouvernement burkinab\u00e8 visant \u00e0 am\u00e9liorer le syst\u00e8me \u00e9ducatif national \u00e0 travers la mise en place des conseils d\u2019\u00e9cole. Il a rappel\u00e9 que ces instances sont institu\u00e9es par l\u2019arr\u00eat\u00e9 interminist\u00e9riel du 30 octobre 2025.<\/p>\n<p>\u00ab La mise en place des conseils communaux de l\u2019\u00e9cole est strat\u00e9gique dans le renouveau \u00e9ducatif, fond\u00e9 sur l\u2019efficacit\u00e9, l\u2019inclusion et l\u2019excellence \u00bb, a-t-il d\u00e9clar\u00e9.<\/p>\n<p>Le PDS a \u00e9galement f\u00e9licit\u00e9 les participants pour la qualit\u00e9 des contributions ainsi que pour l\u2019esprit de responsabilit\u00e9 et de s\u00e9r\u00e9nit\u00e9 qui a pr\u00e9valu tout au long du processus \u00e9lectoral. Il a, par ailleurs, rassur\u00e9 le bureau ex\u00e9cutif de l\u2019accompagnement constant de la commune et de l\u2019ensemble des conseils d\u2019\u00e9cole.<\/p>\n<p>M. Ouattara a aussi exprim\u00e9 sa reconnaissance aux autorit\u00e9s administratives, aux \u00e9ducateurs, aux partenaires techniques et financiers, ainsi qu\u2019aux communaut\u00e9s pour leur engagement en faveur de l\u2019\u00e9ducation. Il a conclu en souhaitant une excellente suite d\u2019ann\u00e9e \u00e0 tous, tout en invoquant la b\u00e9n\u00e9diction divine pour le succ\u00e8s des activit\u00e9s \u00e9ducatives dans la commune.<\/p>\n<p>Prenant la parole au nom du bureau ex\u00e9cutif, le pr\u00e9sident du Conseil communal de l\u2019\u00e9cole, Si\u00e9 Marcelin Kambou, a traduit sa gratitude aux participants pour la confiance plac\u00e9e en son \u00e9quipe. Il a sollicit\u00e9 leur accompagnement et leurs conseils dans l\u2019ex\u00e9cution de leur mission au b\u00e9n\u00e9fice des \u00e9l\u00e8ves de la commune.<\/p>\n<p>\u00ab Nous vous demandons de nous soutenir et \u00e9galement d\u2019attirer notre attention afin que nous restions sur la bonne direction \u00bb, a-t-il affirm\u00e9.<\/p>\n<p style=\"text-align: center\"><strong>Agence d\u2019Information du Burkina<\/strong><br \/>\n<strong>MS\/bak<\/strong><\/p>\n","protected":false},"excerpt":{"rendered":"<p>Burkina\u2013Poni\u2013\u00c9ducation\u2013Conseil\u2013Communal\u2013Ecole Poni\/\u00c9ducation : La commune de Gaoua met en place son Conseil communal de l\u2019\u00e9cole Gaoua, 21 janv. 2026 (AIB) \u2013 La commune de Gaoua a proc\u00e9d\u00e9, le mardi 20 janvier 2026 \u00e0 Gaoua, \u00e0 la mise en place de son Conseil communal de l\u2019\u00e9cole, \u00e0 l\u2019issue d\u2019une assembl\u00e9e g\u00e9n\u00e9rale tenue \u00e0 cet effet. La [&hellip;]<\/p>\n","protected":false},"author":15,"featured_media":138489,"comment_status":"open","ping_status":"open","sticky":false,"template":"","format":"standard","meta":{"advanced_seo_description":"","jetpack_seo_html_title":"","jetpack_seo_noindex":false,"jetpack_post_was_ever_published":false,"footnotes":""},"categories":[173,93,203,138],"tags":[],"class_list":{"0":"post-138488","1":"post","2":"type-post","3":"status-publish","4":"format-standard","5":"has-post-thumbnail","7":"category-depeches","8":"category-flashinfos","9":"category-la-une-aib","10":"category-poni"},"jetpack_featured_media_url":"https:\/\/i0.wp.com\/www.aib.media\/wp-content\/uploads\/2026\/01\/IMG-20260123-WA0066.jpg?fit=2080%2C936&ssl=1","jetpack_shortlink":"https:\/\/wp.me\/pavbHe-A1G","_links":{"self":[{"href":"https:\/\/www.aib.media\/index.php?rest_route=\/wp\/v2\/posts\/138488","targetHints":{"allow":["GET"]}}],"collection":[{"href":"https:\/\/www.aib.media\/index.php?rest_route=\/wp\/v2\/posts"}],"about":[{"href":"https:\/\/www.aib.media\/index.php?rest_route=\/wp\/v2\/types\/post"}],"author":[{"embeddable":true,"href":"https:\/\/www.aib.media\/index.php?rest_route=\/wp\/v2\/users\/15"}],"replies":[{"embeddable":true,"href":"https:\/\/www.aib.media\/index.php?rest_route=%2Fwp%2Fv2%2Fcomments&post=138488"}],"version-history":[{"count":0,"href":"https:\/\/www.aib.media\/index.php?rest_route=\/wp\/v2\/posts\/138488\/revisions"}],"wp:featuredmedia":[{"embeddable":true,"href":"https:\/\/www.aib.media\/index.php?rest_route=\/wp\/v2\/media\/138489"}],"wp:attachment":[{"href":"https:\/\/www.aib.media\/index.php?rest_route=%2Fwp%2Fv2%2Fmedia&parent=138488"}],"wp:term":[{"taxonomy":"category","embeddable":true,"href":"https:\/\/www.aib.media\/index.php?rest_route=%2Fwp%2Fv2%2Fcategories&post=138488"},{"taxonomy":"post_tag","embeddable":true,"href":"https:\/\/www.aib.media\/index.php?rest_route=%2Fwp%2Fv2%2Ftags&post=138488"}],"curies":[{"name":"wp","href":"https:\/\/api.w.org\/{rel}","templated":true}]}}