{"id":138484,"date":"2026-01-23T15:12:48","date_gmt":"2026-01-23T15:12:48","guid":{"rendered":"https:\/\/www.aib.media\/?p=138484"},"modified":"2026-01-23T15:12:48","modified_gmt":"2026-01-23T15:12:48","slug":"compte-rendu-du-conseil-des-ministres-du-jeudi-22-janvier-2026","status":"publish","type":"post","link":"https:\/\/www.aib.media\/?p=138484","title":{"rendered":"COMPTE RENDU DU CONSEIL DES MINISTRES DU JEUDI 22 JANVIER 2026"},"content":{"rendered":"<p><strong>COMPTE RENDU DU CONSEIL DES MINISTRES DU JEUDI 22 JANVIER 2026<\/strong><\/p>\n<p>Le Conseil des ministres s\u2019est tenu \u00e0 Ouagadougou, le jeudi 22 janvier 2026, en s\u00e9ance ordinaire, de 09 H 00 mn \u00e0 13 H 41 mn, sous la pr\u00e9sidence de Son Excellence le Capitaine Ibrahim TRAORE, Pr\u00e9sident du Faso, Pr\u00e9sident du Conseil des ministres.<\/p>\n<p>Il a d\u00e9lib\u00e9r\u00e9 sur les dossiers inscrits \u00e0 son ordre du jour, entendu des communications orales, proc\u00e9d\u00e9 \u00e0 des nominations et autoris\u00e9 des missions \u00e0 l\u2019\u00e9tranger.<\/p>\n<p>I. DELIBERATIONS<\/p>\n<p>I.1. AU TITRE DE LA PRESIDENCE DU FASO<\/p>\n<p>Le Conseil a adopt\u00e9 deux (02) rapports.<br \/>\nLe premier rapport est relatif \u00e0 une demande d\u2019autorisation pour la passation et l\u2019ex\u00e9cution de march\u00e9s publics par la proc\u00e9dure d\u2019entente directe dans le cadre des projets sp\u00e9cifiques 2026 du Bureau national des Grands projets du Burkina (BN-GPB).<\/p>\n<p>Pour l\u2019Initiative Pr\u00e9sidentielle pour une Education de Qualit\u00e9 (IPEQ), il est pr\u00e9vu :<br \/>\n&#8211; l\u2019ach\u00e8vement des travaux de la premi\u00e8re phase de construction de 12 amphith\u00e9\u00e2tres de 500 et 1 000 places \u00e0 Ouagadougou, Bobo-Dioulasso, Manga, Ouahigouya, D\u00e9dougou, Banfora, Kaya, Ziniar\u00e9, Fada N\u2019Gourma et Gaoua ;<\/p>\n<p>&#8211; la construction de 02 amphith\u00e9\u00e2tres de 1000 places \u00e0 Ouagadougou et Koudougou et de 04 amphith\u00e9\u00e2tres de 500 places \u00e0 Bobo-Dioulasso, Ouahigouya, Fada N\u2019Gourma et Tenkodogo ;<\/p>\n<p>&#8211; la construction de 04 lyc\u00e9es techniques professionnels \u00e0 Bagr\u00e9, Samendeni, Yako et Kaya.<\/p>\n<p>Pour l\u2019Initiative Pr\u00e9sidentielle pour la Sant\u00e9 (IPS), il est pr\u00e9vu :<br \/>\n&#8211; la construction de 05 services d&rsquo;anesth\u00e9sie r\u00e9animation au Centre hospitalier r\u00e9gional (CHR) de Tenkodogo, \u00e0 l&rsquo;H\u00f4pital militaire Capitaine Halassane COULIBALY de Ouagadougou, aux Centres hospitaliers universitaires r\u00e9gionaux (CHU-R) de D\u00e9dougou et Ouahigouya ainsi qu\u2019au Centre hospitalier universitaire de Bogodogo ;<\/p>\n<p>&#8211; l\u2019acquisition d\u2019\u00e9quipements m\u00e9dicotechniques au profit des centres m\u00e9dicaux sanitaires communaux et des services de r\u00e9animation de plus de 30 communes de notre pays ;<\/p>\n<p>&#8211; l\u2019acquisition, l\u2019installation et la maintenance de centrales de distribution d\u2019oxyg\u00e8ne et de r\u00e9seaux de fluides m\u00e9dicaux aux CHR de Tenkodogo, aux CHU-R de D\u00e9dougou et Ouahigouya, au CHU Bogodogo et \u00e0 l&rsquo;H\u00f4pital militaire Capitaine Halassane COULIBALY de Ouagadougou.<\/p>\n<p>Pour l\u2019Initiative Pr\u00e9sidentielle pour la Production Agricole et l\u2019Autosuffisance Alimentaire (IP-P3A), il est pr\u00e9vu l\u2019acquisition de :<br \/>\n&#8211; 06 foreuses avec \u00e9quipements complets de grande capacit\u00e9 ;<br \/>\n&#8211; 100 tracteurs de 40 CV complets ;<br \/>\n&#8211; 80 semoirs complets de petite capacit\u00e9 ;<br \/>\n&#8211; 120 petites moissonneuses ;<br \/>\n&#8211; 120 motoculteurs complets ;<br \/>\n&#8211; 250 v\u00e9hicules \u00e0 deux roues ;<br \/>\n&#8211; 08 camions ;<br \/>\n&#8211; 400 motopompes ;<br \/>\n&#8211; 02 tracteurs multifonctionnels ;<br \/>\n&#8211; 12 \u00e9greneuses ;<br \/>\n&#8211; 12 botteleuses.<\/p>\n<p>Pour l\u2019Initiative Pr\u00e9sidentielle pour le D\u00e9veloppement Communautaire (IPDC), il est pr\u00e9vu l\u2019acquisition d\u2019outils et de petits mat\u00e9riels.<\/p>\n<p>Pour l\u2019Initiative Pr\u00e9sidentielle pour la Rel\u00e8ve et la Promotion de l\u2019Elite Sportive (IP-RELIS), il est pr\u00e9vu l\u2019am\u00e9nagement de l\u2019esplanade du stade et des terrains d\u2019entra\u00eenement du complexe footballistique de Bobo-Dioulasso.<br \/>\nLe montant total cumul\u00e9 de ces projets sp\u00e9cifiques s\u2019\u00e9l\u00e8ve \u00e0 cent dix milliards cinq cent quinze millions neuf cent cinquante-sept mille deux cent cinquante-huit (110 515 957 258) F CFA TTC.<br \/>\nLe financement est assur\u00e9 par le budget de l\u2019Etat.<\/p>\n<p>Le second rapport est relatif \u00e0 un projet de d\u00e9cret portant approbation des statuts particuliers de l\u2019Agence Faso M\u00eabo.<br \/>\nL\u2019adoption de ce d\u00e9cret permet \u00e0 l\u2019Agence Faso M\u00eabo de se doter de textes r\u00e8glementaires en vue d\u2019accomplir ses missions, conform\u00e9ment au d\u00e9cret n\u00b02014-613\/PRES\/PM\/MEF du 24 juillet 2014 portant statut g\u00e9n\u00e9ral des \u00e9tablissements publics de l\u2019Etat \u00e0 caract\u00e8re administratif.<\/p>\n<p>I.2. AU TITRE DE LA PRIMATURE<br \/>\nLe Conseil a adopt\u00e9 un rapport relatif \u00e0 deux (02) d\u00e9crets portant respectivement attributions des membres du Gouvernement et int\u00e9rim des ministres.<\/p>\n<p>La fixation des attributions des membres du Gouvernement et des ministres charg\u00e9s de l\u2019int\u00e9rim constitue une exigence juridique et administrative essentielle au bon fonctionnement de l\u2019appareil d\u2019Etat. Elle r\u00e9sulte de l\u2019adoption du d\u00e9cret n\u00b02026-0006\/PF\/PRIM du 12 janvier 2026 portant remaniement du Gouvernement.<\/p>\n<p>Ces deux d\u00e9crets pr\u00e9cisent notamment les domaines de comp\u00e9tence des d\u00e9partements minist\u00e9riels et d\u00e9signent les ministres int\u00e9rimaires en vue de l\u2019organisation du travail gouvernemental.<br \/>\nL\u2019adoption de ces d\u00e9crets permet aux membres du Gouvernement d\u2019accomplir efficacement leurs missions et d\u2019assurer la continuit\u00e9 de l\u2019action gouvernementale.<\/p>\n<p>I.3. AU TITRE DU MINISTERE DE LA GUERRE ET DE LA DEFENSE PATRIOTIQUE<br \/>\nLe Conseil a adopt\u00e9 une ordonnance portant mesures d\u00e9rogatoires et compl\u00e9mentaires applicables aux Volontaires pour la d\u00e9fense de la Patrie (VDP).<\/p>\n<p>Le Burkina Faso fait face \u00e0 une menace terroriste pla\u00e7ant les Forces arm\u00e9es nationales (FAN) et les Forces de s\u00e9curit\u00e9 int\u00e9rieure (FSI) dans un \u00e9tat d\u2019engagement permanent, avec la n\u00e9cessit\u00e9 de renforcer leurs effectifs et d\u2019assurer une mobilisation citoyenne plus accrue dans la lutte contre le terrorisme.<\/p>\n<p>Les Volontaires pour la d\u00e9fense de la Patrie constituent un instrument essentiel de mobilisation citoyenne et d\u2019appui aux Forces arm\u00e9es nationales et aux Forces de s\u00e9curit\u00e9 int\u00e9rieure. Leur engagement a permis de renforcer la veille territoriale, la protection des populations et la r\u00e9silience des communaut\u00e9s face aux menaces s\u00e9curitaires.<br \/>\nLes innovations majeures de l\u2019ordonnance sont :<br \/>\n&#8211; l\u2019adaptation des modalit\u00e9s de recrutement et d\u2019emploi des VDP, notamment par l\u2019introduction du niveau de recrutement et d\u2019emploi r\u00e9gional ;<br \/>\n&#8211; la facilitation de la mobilit\u00e9 des VDP en fonction des besoins op\u00e9rationnels ;<br \/>\n&#8211; l\u2019assouplissement des r\u00e8gles relatives \u00e0 la dur\u00e9e de l\u2019engagement afin de garantir la continuit\u00e9 de l\u2019action sur le terrain ;<br \/>\n&#8211; la s\u00e9curisation juridique du VDP, en cas de disparition ou de captivit\u00e9 et la prise en compte de ses ayants droit ;<br \/>\n&#8211; la reconnaissance de l\u2019engagement patriotique du VDP \u00e0 travers, l\u2019institution de la bonification du temps de production au titre du Service national patriotique, de quotas lors des concours de recrutement d\u2019agents publics et la possibilit\u00e9 de recrutement exceptionnel en qualit\u00e9 d\u2019agent public.<\/p>\n<p>La pr\u00e9sente ordonnance n\u2019abroge pas la loi n\u00b0028-2022\/ALT du 17 d\u00e9cembre 2022 instituant les Volontaires pour la d\u00e9fense de la Patrie. Elle s\u2019inscrit dans une logique de compl\u00e9mentarit\u00e9 et d\u2019adaptation, rendue n\u00e9cessaire au regard des r\u00e9alit\u00e9s du terrain.<\/p>\n<p>L\u2019adoption de cette ordonnance permet de renforcer l\u2019efficacit\u00e9 op\u00e9rationnelle des Volontaires pour la d\u00e9fense de la Patrie aux c\u00f4t\u00e9s des Forces arm\u00e9es nationales et des Forces de s\u00e9curit\u00e9 int\u00e9rieure.<\/p>\n<p>I.4. AU TITRE DU MINISTERE DE L\u2019ECONOMIE ET DES FINANCES<br \/>\nLe Conseil a adopt\u00e9 six (06) d\u00e9crets.<br \/>\nLe premier d\u00e9cret porte exercice du droit de transaction en mati\u00e8re d\u2019infraction douani\u00e8re au Burkina Faso.<\/p>\n<p>Ce d\u00e9cret vise l\u2019application de la loi n\u00b0003-2025\/ALT du 24 mars 2025 portant Code des douanes du Burkina Faso. Ce nouveau Code institue le droit de transaction qui permet \u00e0 l\u2019administration des douanes de conclure un accord avec les contrevenants pour mettre fin aux poursuites, sous r\u00e9serve du respect des conditions d\u00e9finies.<\/p>\n<p>Le d\u00e9cret pr\u00e9cise l\u2019exercice de ce droit de transaction en vue de doter l\u2019administration d\u2019un outil juridique moderne et efficace de gestion du contentieux douanier. Il va entre autres, acc\u00e9l\u00e9rer le r\u00e8glement rapide des litiges, d\u00e9sengorger les tribunaux et permettre \u00e0 l\u2019administration de recouvrer plus rapidement les cr\u00e9ances dues \u00e0 l\u2019Etat.<\/p>\n<p>L\u2019adoption de ce d\u00e9cret permet de renforcer l\u2019arsenal juridique des services douaniers et de lutter efficacement contre la fraude.<br \/>\nLe deuxi\u00e8me d\u00e9cret porte fixation des privil\u00e8ges et immunit\u00e9s diplomatiques et consulaires en mati\u00e8re douani\u00e8re.<\/p>\n<p>Ce d\u00e9cret est une application de la loi n\u00b0003-2025\/ALT du 24 mars 2025 portant Code des douanes du Burkina Faso. Il vise la modernisation et le renforcement de notre cadre juridique en vue de concilier le respect des engagements internationaux du Burkina Faso avec les imp\u00e9ratifs de contr\u00f4le douanier et de protection des int\u00e9r\u00eats financiers de l\u2019Etat.<\/p>\n<p>Le pr\u00e9sent d\u00e9cret comporte des innovations majeures. A ce titre, il introduit des am\u00e9liorations substantielles et des clarifications autour :<br \/>\n&#8211; du cadre des exemptions et renouvellement des avantages en encadrant et pr\u00e9cisant les conditions de renouvellement des franchises au-del\u00e0 d\u2019une dur\u00e9e de s\u00e9jour de deux (02) ans ;<\/p>\n<p>&#8211; des m\u00e9canismes de contr\u00f4le et de r\u00e9gulation des produits sensibles en instituant un syst\u00e8me formalis\u00e9 de contingents trimestriels pour les importations d\u2019alcools, tabacs, conserves et carburants ;<\/p>\n<p>&#8211; du principe de r\u00e9ciprocit\u00e9 et protection contre les abus en renfor\u00e7ant et d\u00e9taillant avec pr\u00e9cision le caract\u00e8re strictement personnel, incessible et non transf\u00e9rable des biens admis en franchise ;<\/p>\n<p>&#8211; de la modernisation et s\u00e9curisation des proc\u00e9dures administratives.<\/p>\n<p>L\u2019adoption de ce d\u00e9cret permet de renforcer le dispositif juridique fixant les privil\u00e8ges et immunit\u00e9s diplomatiques et consulaires en mati\u00e8re douani\u00e8re.<\/p>\n<p>Le troisi\u00e8me d\u00e9cret porte institution et modalit\u00e9s d\u2019octroi de la d\u00e9l\u00e9gation de solde aux ayants droit des personnels des Forces de s\u00e9curit\u00e9 int\u00e9rieure d\u00e9c\u00e9d\u00e9s en op\u00e9rations.<\/p>\n<p>Le Gouvernement a institu\u00e9 plusieurs mesures d\u2019accompagnement en faveur des personnels des Forces de s\u00e9curit\u00e9 int\u00e9rieure et des Forces arm\u00e9es nationales et de leurs familles afin d\u2019att\u00e9nuer leurs souffrances suite aux attaques terroristes. Ces mesures consistent en une indemnisation appel\u00e9e \u00ab d\u00e9l\u00e9gation de solde \u00bb et sont mat\u00e9rialis\u00e9es \u00e0 travers les textes r\u00e8glementaires suivants :<\/p>\n<p>&#8211; le d\u00e9cret n\u00b02019-0140\/PRES\/PM\/MINEFID\/MFPTPS\/MSECU\/ MJDHPC\/MEEVCC\/MDNAC du 18 f\u00e9vrier 2019 portant modalit\u00e9s d\u2019indemnisation de l\u2019agent des forces de la police nationale, de la garde de s\u00e9curit\u00e9 p\u00e9nitentiaire, des douanes ou des eaux et for\u00eats ayant subi des pr\u00e9judices dans l\u2019exercice ou en raison de l\u2019exercice de ses fonctions lors d\u2019une attaque terroriste ;<\/p>\n<p>&#8211; le d\u00e9cret n\u00b02021-0913\/PRES\/PM\/MINEFID\/MDNAC du 14 septembre 2021 portant institution d\u2019une d\u00e9l\u00e9gation de solde aux ayants droit du militaire d\u00e9c\u00e9d\u00e9 en op\u00e9rations int\u00e9rieures ou de fait d\u2019acte terroriste qui encadre la d\u00e9l\u00e9gation de solde.<br \/>\nCependant, la mise en \u0153uvre de ces deux textes a r\u00e9v\u00e9l\u00e9 des insuffisances, notamment la disparit\u00e9 de traitement entre les personnels des Forces de s\u00e9curit\u00e9 int\u00e9rieure et des Forces arm\u00e9es nationales.<\/p>\n<p>Le pr\u00e9sent d\u00e9cret vise \u00e0 harmoniser et \u00e0 rationaliser le cadre juridique existant, en vue de garantir une prise en charge plus \u00e9quitable et mieux adapt\u00e9e aux r\u00e9alit\u00e9s actuelles.<br \/>\nLes principales innovations de ce d\u00e9cret sont :<br \/>\n&#8211; la clarification des cat\u00e9gories d\u2019ayants droit \u00e9ligibles \u00e0 l\u2019indemnit\u00e9 forfaitaire ;<\/p>\n<p>&#8211; l\u2019\u00e9largissement du champ d\u2019application aux op\u00e9rations de lutte contre le terrorisme, aux attaques terroristes caract\u00e9ris\u00e9es, aux op\u00e9rations de d\u00e9minage et de d\u00e9pollution ainsi qu\u2019\u00e0 la lutte contre le grand banditisme ;<br \/>\n&#8211; l\u2019instauration d\u2019une cl\u00e9 de r\u00e9partition forfaitaire entre les b\u00e9n\u00e9ficiaires ;<br \/>\n&#8211; la prise en compte du pr\u00e9judice mat\u00e9riel subi par le personnel des Forces arm\u00e9es nationales ;<br \/>\n&#8211; l\u2019introduction d\u2019un d\u00e9lai de prescription de cinq (05) ans pour la soumission des demandes d\u2019indemnisation.<\/p>\n<p>L\u2019adoption de ce d\u00e9cret permet de renforcer l\u2019\u00e9quit\u00e9 du dispositif de prise en charge des Forces de s\u00e9curit\u00e9 int\u00e9rieure et des Forces arm\u00e9es nationales victimes d\u2019acte terroriste et de leurs ayants droit.<\/p>\n<p>Le quatri\u00e8me d\u00e9cret porte fixation des conditions et des modalit\u00e9s d\u2019indemnisation des personnels des Forces arm\u00e9es nationales et des Forces de s\u00e9curit\u00e9 int\u00e9rieure ou de leurs ayants droit ayant subi des pr\u00e9judices du fait d\u2019acte terroriste ou suite \u00e0 des op\u00e9rations.<br \/>\nCe d\u00e9cret vise l\u2019harmonisation des textes du cadre juridique en mati\u00e8re d\u2019indemnisation des personnels des Forces arm\u00e9es nationales et des Forces de s\u00e9curit\u00e9 int\u00e9rieure ou de leurs ayants droit, en vue d\u2019une prise en charge \u00e9quitable.<\/p>\n<p>L\u2019adoption de ce d\u00e9cret permet de renforcer l\u2019\u00e9quit\u00e9 du dispositif de prise en charge des personnels des Forces arm\u00e9es nationales et des Forces de s\u00e9curit\u00e9 int\u00e9rieure victimes d\u2019acte terroriste ainsi que de leurs ayants droit.<\/p>\n<p>Le cinqui\u00e8me d\u00e9cret porte cr\u00e9ation de l\u2019Agence Faso M\u00eabo.<br \/>\nL\u2019Agence Faso M\u00eabo est un \u00e9tablissement public de l\u2019Etat dot\u00e9e de moyens humains et mat\u00e9riels n\u00e9cessaires \u00e0 la r\u00e9alisation des grandes ambitions du Pr\u00e9sident du Faso dans le domaine des infrastructures.<br \/>\nCette agence r\u00e9sulte de la mutation de l\u2019Initiative pr\u00e9sidentielle Faso M\u00eabo qui soutient la r\u00e9habilitation et l\u2019embellissement des villes et villages du Burkina Faso, \u00e0 travers une mobilisation des ressources mat\u00e9rielles et financi\u00e8res pour des projets d\u2019int\u00e9r\u00eats nationaux. Faso M\u00eabo est la traduction de la volont\u00e9 du Pr\u00e9sident du Faso d\u2019acc\u00e9l\u00e9rer le d\u00e9senclavement de notre pays et de donner un nouveau visage \u00e0 l\u2019am\u00e9nagement urbain des grandes villes du Burkina Faso.<\/p>\n<p>L\u2019innovation majeure port\u00e9e par cette transformation r\u00e9side dans le changement de statut qui permet \u00e0 l\u2019agence de jouir d\u2019une autonomie administrative et financi\u00e8re afin de r\u00e9pondre plus efficacement \u00e0 l\u2019ensemble de ses missions.<\/p>\n<p>L\u2019adoption de ce d\u00e9cret permet la cr\u00e9ation de l\u2019Agence Faso M\u00eabo.<\/p>\n<p>Le sixi\u00e8me d\u00e9cret porte d\u00e9claration d\u2019utilit\u00e9 publique urgente le projet de construction des infrastructures de la Soci\u00e9t\u00e9 Nouvelle-Brasseries du Faso (SN-BRAFASO) \u00e0 Bobo-Dioulasso, r\u00e9gion du Guiriko.<br \/>\nLa SN-BRAFASO pr\u00e9voit construire sa deuxi\u00e8me brasserie dans la commune de Bobo-Dioulasso. Cette extension vise \u00e0 renforcer la couverture des services offerts \u00e0 la population, conform\u00e9ment aux objectifs de d\u00e9veloppement durable et aux engagements du Gouvernement en mati\u00e8re d\u2019approvisionnement du peuple.<\/p>\n<p>Le site identifi\u00e9 pour le projet se situe \u00e0 L\u00e9gu\u00e9ma dans une zone peu exploit\u00e9e.<br \/>\nApr\u00e8s les \u00e9tudes techniques, sociales, environnementales, il a \u00e9t\u00e9 \u00e9tabli que l\u2019acquisition de ce terrain est favorable \u00e0 la r\u00e9alisation dudit projet.<br \/>\nCe d\u00e9cret vise \u00e0 reconnaitre l\u2019int\u00e9r\u00eat g\u00e9n\u00e9ral du projet et \u00e0 mettre \u00e0 la disposition de la SN-BRAFASO un site appropri\u00e9 pour l\u2019extension de ses activit\u00e9s.<\/p>\n<p>L\u2019adoption de ce d\u00e9cret permet de d\u00e9clarer d\u2019utilit\u00e9 publique urgente le projet de construction des infrastructures de la Soci\u00e9t\u00e9 Nouvelle-Brasseries du Faso \u00e0 Bobo-Dioulasso, r\u00e9gion du Guiriko.<\/p>\n<p>I.5. AU TITRE DU MINISTERE DES AFFAIRES ETRANGERES<br \/>\nLe Conseil a adopt\u00e9 quatre (04) projets de loi portant autorisation de ratification de quatre (04) protocoles additionnels au Trait\u00e9 portant cr\u00e9ation de la Conf\u00e9d\u00e9ration des Etats du Sahel (AES), sign\u00e9s le 23 d\u00e9cembre 2025 \u00e0 Bamako, en R\u00e9publique du Mali.<br \/>\nIl s\u2019agit du :<br \/>\n&#8211; Protocole additionnel relatif aux sessions conf\u00e9d\u00e9rales des Parlements ;<br \/>\n&#8211; Protocole additionnel relatif \u00e0 la d\u00e9fense et \u00e0 la s\u00e9curit\u00e9 ;<br \/>\n&#8211; Protocole additionnel relatif \u00e0 la coordination de l\u2019action diplomatique ;<br \/>\n&#8211; Protocole additionnel relatif \u00e0 la coordination des actions de d\u00e9veloppement.<\/p>\n<p>Le Conseil a marqu\u00e9 son accord pour la transmission desdits projets de loi \u00e0 l\u2019Assembl\u00e9e l\u00e9gislative de Transition.<\/p>\n<p>I.6. AU TITRE DU MINISTERE DES SERVITEURS DU PEUPLE<\/p>\n<p>Le Conseil a adopt\u00e9 deux (02) rapports.<br \/>\nLe premier rapport est relatif \u00e0 un projet de loi portant statut du personnel de la Pr\u00e9sidence du Faso.<br \/>\nAux termes de la r\u00e9vision constitutionnelle du 29 octobre 2024, des r\u00e9formes ont \u00e9t\u00e9 apport\u00e9es dans le cadre de la refondation de l\u2019Etat et l\u2019am\u00e9lioration de la gouvernance. C\u2019est ainsi que la Pr\u00e9sidence du Faso a \u00e9t\u00e9 consacr\u00e9e comme institution constitutionnelle.<\/p>\n<p>Ce projet de loi vise \u00e0 doter la Pr\u00e9sidence du Faso d\u2019un cadre juridique sp\u00e9cifique pour la gestion du personnel afin de r\u00e9pondre plus efficacement \u00e0 sa mission d\u2019orientation et d\u2019impulsion des politiques publiques pour un d\u00e9veloppement socio-\u00e9conomique durable et harmonieux de notre pays.<br \/>\nLes innovations majeures du pr\u00e9sent projet de loi sont :<br \/>\n&#8211; la d\u00e9finition d\u2019un cadre juridique sp\u00e9cifique s\u00e9curis\u00e9 pour la gestion du personnel ;<br \/>\n&#8211; la cons\u00e9cration d\u2019un personnel sp\u00e9cifique constitu\u00e9 des agents contractuels recrut\u00e9s directement par la Pr\u00e9sidence du Faso ;<br \/>\n&#8211; la cons\u00e9cration d\u2019obligations et de droits sp\u00e9cifiques \u00e0 l\u2019agent de la Pr\u00e9sidence du Faso ;<br \/>\n&#8211; la soumission de l\u2019agent de la Pr\u00e9sidence du Faso \u00e0 un r\u00e9gime disciplinaire sp\u00e9cifique et contraignant ;<br \/>\n&#8211; des organes consultatifs propres \u00e0 la Pr\u00e9sidence du Faso.<\/p>\n<p>Le Conseil a marqu\u00e9 son accord pour la transmission dudit projet de loi \u00e0 l\u2019Assembl\u00e9e l\u00e9gislative de Transition.<\/p>\n<p>Le second rapport est relatif \u00e0 un projet de d\u00e9cret portant Organisation-type des \u00e9tablissements de formation professionnelle de l\u2019Etat.<br \/>\nLa formation professionnelle des agents publics constitue un levier strat\u00e9gique pour l\u2019am\u00e9lioration des comp\u00e9tences, l\u2019adaptation aux \u00e9volutions des m\u00e9tiers et des politiques publiques ainsi que la promotion de la performance au sein de la fonction publique burkinab\u00e8.<\/p>\n<p>Toutefois, des disparit\u00e9s existent dans la structure organisationnelle desdits \u00e9tablissements.<br \/>\nCe d\u00e9cret vise \u00e0 harmoniser l\u2019organisation administrative et technique des structures d\u00e9di\u00e9es au d\u00e9veloppement des comp\u00e9tences des agents publics, afin de r\u00e9pondre efficacement aux besoins de l\u2019administration et d\u2019am\u00e9liorer la qualit\u00e9 du service public.<\/p>\n<p>L\u2019adoption de ce d\u00e9cret permet d\u2019harmoniser le cadre organisationnel et fonctionnel des \u00e9tablissements de formation professionnelle de l\u2019Etat et partant, de rationaliser leur gestion.<\/p>\n<p>I.7. AU TITRE DU MINISTERE DE L\u2019INDUSTRIE, DU COMMERCE ET DE L\u2019ARTISANAT<br \/>\nLe Conseil a adopt\u00e9 trois (03) d\u00e9crets.<br \/>\nLe premier d\u00e9cret porte approbation des statuts modifi\u00e9s de la Soci\u00e9t\u00e9 de Fabrique et de Pose de Rails.<br \/>\nCe d\u00e9cret vise la modification du d\u00e9cret n\u00b02024-1780\/PRES\/PM\/MICA\/MEF\/MID du 31 d\u00e9cembre 2024 portant approbations des statuts de la Soci\u00e9t\u00e9 de Fabrique et de Pose de Rails. Il permet de prendre en compte les modifications apport\u00e9es dans le capital social de ladite soci\u00e9t\u00e9.<\/p>\n<p>L\u2019adoption de ce d\u00e9cret permet de doter la Soci\u00e9t\u00e9 de Fabrique et de Pose de Rails de nouveaux textes r\u00e8glementaires en vue d\u2019accomplir ses missions.<\/p>\n<p>Le deuxi\u00e8me d\u00e9cret porte modification du d\u00e9cret n\u00b02025-0869\/PRES\/PM\/MICA\/MEF du 07 juillet 2025 portant cr\u00e9ation d\u2019une soci\u00e9t\u00e9 d\u2019Etat d\u00e9nomm\u00e9e \u00ab FASO YAAR \u00bb.<br \/>\nCette modification vise \u00e0 \u00e9tendre les attributions de \u00ab FASO YAAR \u00bb \u00e0 la distribution de produits de grande consommation notamment la boisson et le ciment. Elle permet \u00e9galement de modifier la r\u00e9partition du capital social de la soci\u00e9t\u00e9 en prenant en compte l\u2019\u00e9volution institutionnelle.<\/p>\n<p>L\u2019adoption de ce d\u00e9cret permet d\u2019\u00e9tendre les attributions de la Soci\u00e9t\u00e9 \u00ab FASO YAAR \u00bb \u00e0 la distribution de produits de grande consommation.<\/p>\n<p>Le troisi\u00e8me d\u00e9cret porte modification du d\u00e9cret n\u00b02025-0997\/PRES\/PM\/MICA\/MEF du 1er ao\u00fbt 2025 portant approbation des statuts de la Soci\u00e9t\u00e9 d\u2019Etat \u00ab FASO YAAR \u00bb.<\/p>\n<p>L\u2019adoption de ce d\u00e9cret permet \u00e0 la Soci\u00e9t\u00e9 d\u2019Etat \u00ab FASO YAAR \u00bb de se doter de textes r\u00e8glementaires en vue d\u2019accomplir ses missions, conform\u00e9ment au d\u00e9cret n\u00b02000-189\/PRES\/PM\/MCIA du 17 mai 2000 portant statut g\u00e9n\u00e9ral des Soci\u00e9t\u00e9s d\u2019Etat.<\/p>\n<p>II. COMMUNICATIONS ORALES<\/p>\n<p>II.1. Le ministre de l\u2019Industrie, du commerce et de l\u2019artisanat a fait au Conseil le compte rendu de la participation du Burkina Faso \u00e0 la 9e r\u00e9union minist\u00e9rielle de coordination des quatre pays (B\u00e9nin, Burkina Faso, Mali et Tchad) co-auteurs de l\u2019Initiative sectorielle en faveur du coton et la C\u00f4te d\u2019Ivoire (C4+), tenue du 26 au 28 novembre 2025 \u00e0 Bamako, en R\u00e9publique du Mali.<\/p>\n<p>Cette r\u00e9union a eu pour objectif de pr\u00e9senter la situation de l\u2019\u00e9tat des n\u00e9gociations sur les questions du coton au sein de l\u2019Organisation mondiale du commerce (OMC) afin d\u2019assurer une meilleure participation de notre pays \u00e0 la 14e Conf\u00e9rence minist\u00e9rielle (CM14), pr\u00e9vue du 26 au 29 mars 2026 \u00e0 Yaound\u00e9 au Cameroun.<\/p>\n<p>A l\u2019issue de la 9e r\u00e9union minist\u00e9rielle de coordination, les ministres charg\u00e9s du Commerce ont adopt\u00e9 une D\u00e9claration dite de Bamako dans laquelle ils ont r\u00e9affirm\u00e9 leur d\u00e9termination \u00e0 poursuivre les r\u00e9formes nationales de modernisation de la fili\u00e8re coton, \u00e0 promouvoir la transformation locale, \u00e0 d\u00e9velopper les cha\u00eenes de valeur r\u00e9gionales et \u00e0 d\u00e9fendre les int\u00e9r\u00eats des producteurs africains.<\/p>\n<p>II.2. Le ministre de l\u2019Enseignement sup\u00e9rieur, de la recherche et de l\u2019innovation a fait au Conseil une communication relative \u00e0 la participation du Burkina Faso \u00e0 la 3e r\u00e9union ordinaire du Comit\u00e9 de la Convention d\u2019Addis, tenue les 17 et 18 d\u00e9cembre 2025 \u00e0 Marrakech, au Royaume du Maroc.<\/p>\n<p>La Convention d\u2019Addis \u00e9tablit un cadre juridique pour une \u00e9valuation juste et transparente des qualifications de l\u2019enseignement sup\u00e9rieur dans la r\u00e9gion Afrique afin de faciliter la coop\u00e9ration et les \u00e9changes inter-universitaires \u00e0 travers la mobilit\u00e9 des \u00e9tudiants, des chercheurs et des professeurs.<\/p>\n<p>Elle vise \u00e0 accroitre la coop\u00e9ration et les \u00e9changes acad\u00e9miques au sein de l\u2019espace africain d\u2019enseignement sup\u00e9rieur et \u00e0 soutenir l\u2019int\u00e9gration r\u00e9gionale \u00e0 travers le renforcement de la mobilit\u00e9 acad\u00e9mique.<br \/>\nAu cours de cette rencontre, la d\u00e9l\u00e9gation burkinab\u00e8 a fait une communication sur les r\u00e9formes de l\u2019enseignement sup\u00e9rieur au Burkina Faso. Elle a en outre remport\u00e9 un troph\u00e9e international renfor\u00e7ant le rayonnement de notre pays dans le monde.<\/p>\n<p>III. NOMINATIONS<\/p>\n<p>III.1. NOMINATIONS DANS LES FONCTIONS INDIVIDUELLES<\/p>\n<p>A. AU TITRE DE LA PRESIDENCE DU FASO<br \/>\n&#8211; Madame Nandy SOME\/DIALLO, Mle 59 720 L, Administrateur civil, 1\u00e8re classe, 12e \u00e9chelon, est nomm\u00e9e Ambassadeur Extraordinaire et Pl\u00e9nipotentiaire du Burkina Faso aupr\u00e8s du Canada ;<br \/>\n&#8211; Monsieur Sa\u00efdou ZONGO, Mle 49 036 H, Conseiller des affaires \u00e9trang\u00e8res, 1\u00e8re classe, 14e \u00e9chelon, est nomm\u00e9 Ambassadeur Extraordinaire et Pl\u00e9nipotentiaire, Repr\u00e9sentant Permanent du Burkina Faso aupr\u00e8s de l\u2019Organisation des Nations Unies.<\/p>\n<p>B. AU TITRE DE LA PRIMATURE<br \/>\n&#8211; Monsieur Wendlarima Hyacinthe OUEDRAOGO, Mle 348 126 V, Enseignant-chercheur, cat\u00e9gorie P, grade initial, 2e \u00e9chelon, est nomm\u00e9 Conseiller Sp\u00e9cial en question Juridiques et Politiques en remplacement de Monsieur Siaka COULIBALY ;<br \/>\n&#8211; Monsieur Blaise KIENTEGA, Journaliste, est nomm\u00e9 Charg\u00e9 de mission ;<br \/>\n&#8211; Monsieur Tho-oh Paz HIEN, Juriste, est nomm\u00e9 Charg\u00e9 de mission en remplacement de Monsieur Essimayila BAKOUAN ;<br \/>\n&#8211; Madame Ida OUEDRAOGO\/PARE, Mle 91 270 M, Inspecteur du tr\u00e9sor, 2e classe, 6e \u00e9chelon, est nomm\u00e9e Directrice g\u00e9n\u00e9rale du Fonds d\u2019appui au sport et \u00e0 la presse priv\u00e9e (FASP) \u00ab WASSA BONDO \u00bb.<\/p>\n<p>C. AU TITRE DU MINISTERE DE L\u2019ADMINISTRATION TERRITORIALE ET DE LA MOBILITE<br \/>\n&#8211; Monsieur W\u00eand-Bouda Serge SOUBEAGA, Mle 220 642 N, Administrateur civil, 1\u00e8re classe, 6e \u00e9chelon, est nomm\u00e9 Charg\u00e9 d\u2019\u00e9tudes ;<br \/>\n&#8211; Monsieur Emile NABARE, Mle 238 053 K, Administrateur civil, 1\u00e8re classe, 5e \u00e9chelon, est nomm\u00e9 Directeur de la prospective, de la planification et du suivi-\u00e9valuation ;<br \/>\n&#8211; Monsieur Gaoussou YEYE, Mle 98 022 D, Administrateur civil, 1\u00e8re classe, 7e \u00e9chelon, est nomm\u00e9 Directeur de la coordination des projets, programmes et du partenariat ;<br \/>\n&#8211; Monsieur Abdoulaye DOUBARE, Mle 345 550 R, Administrateur civil, 1\u00e8re classe, 4e \u00e9chelon, est nomm\u00e9 Directeur des Statistiques sectorielles et de l\u2019\u00e9valuation.<\/p>\n<p>D. AU TITRE DU MINISTERE DE L\u2019ECONOMIE ET DES FINANCES<\/p>\n<p>&#8211; Monsieur Ahmad\u00e9 Nour GUENDA, Mle 204 606 J, Economiste, 2e classe, 6e \u00e9chelon, est nomm\u00e9 Directeur g\u00e9n\u00e9ral du Fonds burkinab\u00e8 de d\u00e9veloppement \u00e9conomique et social (FBDES) \u00ab T\u00f5ogo \u00bb ;<br \/>\n&#8211; Monsieur Antoine OUARI, Mle 54 649 D, Inspecteur du tr\u00e9sor, 2e classe, 7e \u00e9chelon, est nomm\u00e9 Chef du Bureau de l\u2019analyse op\u00e9rationnelle \u00e0 la cellule nationale de traitement des informations financi\u00e8res (CENTIF) ;<br \/>\n&#8211; Monsieur Koudbi CONOMBO, Mle 59 670 G, Inspecteur du tr\u00e9sor, 2e classe, 6e \u00e9chelon, est nomm\u00e9 Chef du Bureau de l\u2019analyse strat\u00e9gique \u00e0 la cellule nationale de traitement des informations financi\u00e8res ;<br \/>\n&#8211; Monsieur Souleymane RAMDE, Mle 97 702 M, Contr\u00f4leur des services financiers, 1\u00e8re classe, 8e \u00e9chelon, est nomm\u00e9 Comptable principal des mati\u00e8res des Editions SIDWAYA ;<br \/>\n&#8211; Monsieur Nouhoun SORI, Mle 228 773 J, Contr\u00f4leur des services financiers, 1\u00e8re classe, 7e \u00e9chelon, est nomm\u00e9 Comptable principal des mati\u00e8res de l\u2019Universit\u00e9 Nazi BONI ;<br \/>\n&#8211; Monsieur Vlabedar Ulrich Michel MEDA, Mle 257 119 U, Inspecteur du tr\u00e9sor, 2e classe, 1er \u00e9chelon, est nomm\u00e9 Comptable principal des mati\u00e8res du minist\u00e8re des Affaires \u00e9trang\u00e8res ;<br \/>\n&#8211; Monsieur Tareck Rachid El-Jaber TRAORE, Mle 303 078 N, Contr\u00f4leur du Tr\u00e9sor, 1\u00e8re classe, 5e \u00e9chelon, est nomm\u00e9 Comptable principal des mati\u00e8res de l\u2019Agence d\u2019information du Burkina (AIB).<\/p>\n<p>E. AU TITRE DU MINISTERE DE LA SECURITE<br \/>\n&#8211; Monsieur Emano\u00ebl KABORE, Mle 57 715 C, Inspecteur g\u00e9n\u00e9ral de police, 5e classe, 4e \u00e9chelon, est nomm\u00e9 Conseiller technique ;<br \/>\n&#8211; Monsieur Sidb\u00e9n\u00e8wend\u00e9 Arnaud Omer TEGRE, Officier sup\u00e9rieur, est nomm\u00e9 Conseiller technique ;<br \/>\n&#8211; Monsieur Boukary TRAORE, Mle 227 562 U, Commissaire divisionnaire de police, 3e grade, 1er \u00e9chelon, est nomm\u00e9 Secr\u00e9taire permanent du Comit\u00e9 national de lutte contre la drogue ;<br \/>\n&#8211; Monsieur Missa MILLOGO, Mle 111 492 U, Contr\u00f4leur g\u00e9n\u00e9ral de police, cat\u00e9gorie I, 3e \u00e9chelon, est nomm\u00e9 Directeur de la police judiciaire (DGPN) ;<br \/>\n&#8211; Monsieur Valentin KABORE, Mle 239 815 N, Commissaire divisionnaire de police, cat\u00e9gorie I, 3e classe, 1er \u00e9chelon, est nomm\u00e9 Directeur r\u00e9gional de la police nationale du Bankui ;<br \/>\n&#8211; Monsieur Pakindsama OUEDRAOGO, Mle 239 807 L, Commissaire divisionnaire de police, cat\u00e9gorie I, 3e classe, 1er \u00e9chelon, est nomm\u00e9 Directeur r\u00e9gional de la police nationale du Dj\u00f4r\u00f4.<\/p>\n<p>F. AU TITRE DU MINISTERE DES AFFAIRES ETRANGERES<br \/>\n&#8211; Monsieur Sylvain Yamtiguimda YAMEOGO, Mle 104 400 P, Conseiller des affaires \u00e9trang\u00e8res, 1\u00e8re classe, 11e \u00e9chelon, est nomm\u00e9 Ambassadeur, Conseiller technique du Ministre des Affaires \u00e9trang\u00e8res ;<br \/>\n&#8211; Monsieur Passida Pascal GOUBA, Mle 104 417 L, Conseiller des affaires \u00e9trang\u00e8res, 1\u00e8re classe, 12e \u00e9chelon, est nomm\u00e9 Ambassadeur, Charg\u00e9 de mission ;<br \/>\n&#8211; Monsieur Levi YAMEOGO, Mle 236 365 C, Conseiller des affaires \u00e9trang\u00e8res, 1\u00e8re classe, 7e \u00e9chelon, est nomm\u00e9 Directeur Europe, Am\u00e9rique, Oc\u00e9anie et Cara\u00efbes ;<br \/>\n&#8211; Monsieur Brahima OUATTARA, Mle 117 016 N, Conseiller des affaires \u00e9trang\u00e8res, 1\u00e8re classe, 7e \u00e9chelon, est nomm\u00e9 Charg\u00e9 d\u2019\u00e9tudes.<\/p>\n<p>G. AU TITRE DU MINISTERE DES SERVITEURS DU PEUPLE<br \/>\n&#8211; Monsieur Wendpanga Achille ILBOUDO, Mle 226 376 K, Inspecteur du travail, 1\u00e8re classe, 6e \u00e9chelon, est nomm\u00e9 Charg\u00e9 de mission ;<br \/>\n&#8211; Monsieur Loukoumana ZONO, Mle 104 439 W, Inspecteur du travail, 1\u00e8re classe, 10e \u00e9chelon, est nomm\u00e9 Charg\u00e9 de mission ;<br \/>\n&#8211; Madame Rita Silv\u00e8re Sibdou BAMBARA\/KABORE, Mle 333 528 U, M\u00e9decin g\u00e9n\u00e9raliste, cat\u00e9gorie PC, 1\u00e8re classe, 4\u00e8me \u00e9chelon, est nomm\u00e9e Directrice du Contr\u00f4le des services de sant\u00e9 au travail ;<br \/>\n&#8211; Monsieur Nicaise BADOLO, Mle 212 155 A, Inspecteur du Travail, 1\u00e8re classe, 9e \u00e9chelon, est nomm\u00e9 Directeur du Contr\u00f4le de l\u2019hygi\u00e8ne et de la s\u00e9curit\u00e9 au travail ;<br \/>\n&#8211; Monsieur Abdou Karim OUEDRAOGO, Mle 118 975 U, Inspecteur du Travail, 1\u00e8re classe, 8e \u00e9chelon, est nomm\u00e9 Directeur des mutualit\u00e9s sociales ;<br \/>\n&#8211; Monsieur Abdoul Kader KONE, Mle 216 849 V, Inspecteur du Travail, 1\u00e8re classe, 7e \u00e9chelon, est nomm\u00e9 Directeur de la s\u00e9curit\u00e9 et sant\u00e9 au travail ;<br \/>\n&#8211; Monsieur Sylvain ZONGO, Mle 247 150 M, Conseiller en gestion des ressources humaines, 1\u00e8re classe, 6e \u00e9chelon, est nomm\u00e9 Directeur des affaires juridiques et du contentieux ;<br \/>\n&#8211; Monsieur Firmin BADIEL, Mle 277 809 K, Inspecteur du travail, 1\u00e8re classe, 5e \u00e9chelon, est nomm\u00e9 Directeur de la prospective, de la planification et du suivi-\u00e9valuation ;<br \/>\n&#8211; Monsieur Zinbi\u00e8 BANI, Mle 303 702 N, Conseiller en gestion des ressources humaines, 1\u00e8re classe, 5e \u00e9chelon, est nomm\u00e9 Directeur du contr\u00f4le approfondi \u00e0 l\u2019Agence g\u00e9n\u00e9rale de recrutement de l\u2019Etat ;<br \/>\n&#8211; Monsieur Madi CONNOMBO, Mle 278 912 U, Conseiller en gestion des ressources humaines, 1\u00e8re classe, 5e \u00e9chelon, est nomm\u00e9 Directeur de la gestion pr\u00e9visionnelle des emplois et des effectifs de l\u2019Agence g\u00e9n\u00e9rale de recrutement de l\u2019Etat ;<br \/>\n&#8211; Monsieur Daouda ZOUGMORE, Mle 212 229 A, Conseiller en gestion des ressources humaines, 1\u00e8re classe, 6e \u00e9chelon, est nomm\u00e9 Directeur de la gestion des carri\u00e8res ;<br \/>\n&#8211; Monsieur Ouss\u00e9ni TRAORE, Mle 324 709 A, Conseiller en gestion des ressources humaines, 1\u00e8re classe, 5e \u00e9chelon, est nomm\u00e9 Directeur des sorties assist\u00e9es ;<br \/>\n&#8211; Monsieur Noufou SAVADOGO, Mle 278 899 G, Conseiller en gestion des ressources humaines, 1\u00e8re classe, 5e \u00e9chelon, est nomm\u00e9 Directeur de la l\u00e9gislation de la fonction publique.<\/p>\n<p>H. AU TITRE DU MINISTERE DE LA FAMILLE ET DE LA SOLIDARITE<\/p>\n<p>&#8211; Monsieur Simand\u00e9 SAWADOGO, Mle 200 262 X, Administrateur des services financiers, 1\u00e8re classe, 6e \u00e9chelon, est nomm\u00e9 Directeur de l\u2019administration des finances de l\u2019Institut national de formation en travail social.<\/p>\n<p>I. AU TITRE DU MINISTERE DE LA JUSTICE<\/p>\n<p>&#8211; Monsieur Mathieu LOMPO, Mle 130 434 K, Magistrat, cat\u00e9gorie P5, 1er grade, 4e \u00e9chelon, est nomm\u00e9 Membre de la Commission nationale de l\u2019Organisation pour l\u2019harmonisation en Afrique du Droit des Affaires (CONAHDA) ;<br \/>\n&#8211; Monsieur Mamadou OUEDRAOGO, Mle 226 290 M, Conseiller en droits humains, 1\u00e8re classe, 4e \u00e9chelon, est nomm\u00e9 Directeur r\u00e9gional des Droits humains, de la promotion de la citoyennet\u00e9 et de la paix du Dj\u00f4r\u00f4.<\/p>\n<p>J. AU TITRE DU MINISTERE DE LA TRANSITION DIGITAL, DES POSTES ET DES COMMUNICATION ELECTRONIQUES<br \/>\n&#8211; Monsieur Abdoulaye MAMBONE, Mle 520 788 Y, Juriste, cat\u00e9gorie CS3, \u00e9chelon E1 (ARCEP), est nomm\u00e9 Directeur de Cabinet ;<br \/>\n&#8211; Madame Somborigna Dj\u00e9lika DRABO, Mle 244 966 G, Conseiller en sciences et techniques de l\u2019information et de la communication, 1\u00e8re classe, 5e \u00e9chelon, est nomm\u00e9e Directrice de la communication et des relations presse.<\/p>\n<p>K. AU TITRE DU MINISTERE DE L\u2019INDUSTRIE, DU COMMERCE ET DE L\u2019ARTISANAT<br \/>\n&#8211; Monsieur Bra\u00efma BARRO, Mle 272 810 C, Administrateur des services financiers, 2e classe, 1er \u00e9chelon, est nomm\u00e9 Directeur g\u00e9n\u00e9ral de la Soci\u00e9t\u00e9 burkinab\u00e8 des fibres textiles (SOFITEX) ;<br \/>\n&#8211; Monsieur Lodouba KOHIO, Mle 238 361 H, Conseiller des affaires \u00e9conomiques, 1\u00e8re classe, 4e \u00e9chelon, est nomm\u00e9 Chef du D\u00e9partement de la prospective, de la formation, des \u00e9tudes et de la coop\u00e9ration au Secr\u00e9tariat permanent du Centre national de la propri\u00e9t\u00e9 intellectuelle ;<br \/>\n&#8211; Monsieur Wennepousd\u00e9 Philippe OUEDRAOGO, Mle 212 622 A, Conseiller des affaires \u00e9conomiques, 2e classe, 4e \u00e9chelon, est nomm\u00e9 Chef du D\u00e9partement des archives, de la documentation et de l\u2019information technique au Secr\u00e9tariat permanent du Centre national de la propri\u00e9t\u00e9 intellectuelle ;<br \/>\n&#8211; Monsieur Emmanuel ZONGO, Mle 200 584 X, Conseiller des affaires \u00e9conomiques, 1\u00e8re classe, 7e \u00e9chelon, est nomm\u00e9 Chef du D\u00e9partement de la promotion de l\u2019invention et du transfert de technologies au Secr\u00e9tariat permanent du Centre national de la propri\u00e9t\u00e9 intellectuelle ;<br \/>\n&#8211; Madame Zo\u00e9nabo NIAMPA, Mle 200 567 T, Conseiller des affaires \u00e9conomiques, 1\u00e8re classe, 6e \u00e9chelon, est nomm\u00e9e Chef du D\u00e9partement de la promotion des cr\u00e9ations commerciales et des labels au Secr\u00e9tariat permanent du Centre national de la propri\u00e9t\u00e9 intellectuelle ;<br \/>\n&#8211; Madame Rihanata OUEDRAOGO, Mle 238 589 N, Conseiller des affaires \u00e9conomiques, 2e classe, 2e \u00e9chelon, est nomm\u00e9e Chef du D\u00e9partement de la prospective et de l\u2019innovation technologique au Secr\u00e9tariat permanent de la fili\u00e8re coton lib\u00e9ralis\u00e9e ;<\/p>\n<p>&#8211; Monsieur Mahamoudou ROUAMBA, Mle 212 625 L, Conseiller des affaires \u00e9conomiques, 2e classe, 4e \u00e9chelon, est nomm\u00e9 Chef du D\u00e9partement de la promotion et du partenariat au Secr\u00e9tariat permanent de la fili\u00e8res coton lib\u00e9ralis\u00e9e ;<br \/>\n&#8211; Monsieur Hermann Aristide OUEDRAOGO, Mle 247 181 Y, Conseiller des affaires \u00e9conomiques, 2e classe, 2e \u00e9chelon, est nomm\u00e9 Directeur r\u00e9gional de l\u2019industrie, du commerce et de l\u2019artisanat du Nazinon.<\/p>\n<p>L. AU TITRE DU MINISTERE DE L\u2019ENERGIE, DES MINES ET DES CARRIERES<br \/>\n&#8211; Monsieur Ouindzanda DABILGOU, Mle 233 937 J, Ing\u00e9nieur de conception en g\u00e9ologie et mines, 1\u00e8re classe, 6e \u00e9chelon, est nomm\u00e9 Directeur r\u00e9gional de l\u2019\u00e9nergie, des mines et des carri\u00e8res du Goulmou.<\/p>\n<p>M. AU TITRE DU MINISTERE DE L\u2019ENSEIGNEMENT DE BASE, DE L\u2019ALPHABETISATION ET DE LA PROMOTION DES LANGUES NATIONALES<br \/>\n&#8211; Monsieur Dieudonn\u00e9 KYELEM, Mle 37 446 S, Inspecteur de l\u2019enseignement primaire et de l\u2019\u00e9ducation non formelle, 1\u00e8re classe, 10e \u00e9chelon, est nomm\u00e9 Charg\u00e9 de mission ;<br \/>\n&#8211; Monsieur Victor YAMEOGO, Mle 27 344 Z, Enseignant-chercheur, cat\u00e9gorie P3, grade terminal, 2e \u00e9chelon, est nomm\u00e9 Charg\u00e9 de mission ;<br \/>\n&#8211; Monsieur Zakaria NEZIEN, Mle 26 142 F, Inspecteur de l\u2019enseignement primaire et de l\u2019\u00e9ducation non formelle, 1\u00e8re classe, 17e \u00e9chelon, est nomm\u00e9 Charg\u00e9 de mission.<\/p>\n<p>N. AU TITRE DU MINISTERE DE L\u2019ENSEIGNEMENT SUPERIEUR, DE LA RECHERCHE ET DE L\u2019INNOVATION<br \/>\n&#8211; Madame Tiertou Edwige DEMBELE\/SOME, Mle 334 001 N, Maitre-assistant, cat\u00e9gorie P2, grade initial, 1er \u00e9chelon, est nomm\u00e9e Directrice g\u00e9n\u00e9rale du Fonds de soutien \u00e0 l\u2019\u00e9ducation et \u00e0 la recherche (FOSER) B\u00e2ngr Baoobo ;<br \/>\n&#8211; Monsieur Antoine BERE, Mle 59 229 S, Professeur titulaire, cat\u00e9gorie P, grade terminal, 2e \u00e9chelon, est nomm\u00e9 Pr\u00e9sident de l\u2019Universit\u00e9 Joseph KI-ZERBO.<\/p>\n<p>III.2. NOMINATIONS DANS LES CONSEILS D\u2019ADMINISTRATION<br \/>\nLe Conseil a proc\u00e9d\u00e9 \u00e0 la nomination d\u2019Administrateurs aux Conseils d\u2019administration :<br \/>\n&#8211; de la Caisse d\u2019assurance maladie des Arm\u00e9es (CAMA), au titre du minist\u00e8re de la Guerre et de la d\u00e9fense patriotique ;<br \/>\n&#8211; de l\u2019Agence burkinab\u00e8 de la cin\u00e9matographie et de l\u2019audiovisuel (ABCA) au titre du minist\u00e8re de la Communication, de la culture, des arts et du tourisme ;<br \/>\n&#8211; du Centre hospitalier universitaire Sour\u00f4 SANOU (CHUSS) au titre du minist\u00e8re de la Sant\u00e9 ;<br \/>\n&#8211; de l\u2019Agence nationale de s\u00e9curit\u00e9 des syst\u00e8mes d\u2019information (ANSSI) au titre du minist\u00e8re de la Transition digitale, des postes et des communications \u00e9lectroniques ;<br \/>\n&#8211; de la Minoterie du Faso (MINOFA) au titre du minist\u00e8re de l\u2019Industrie, du commerce et de l\u2019artisanat ;<br \/>\n&#8211; des Universit\u00e9s Norbert ZONGO (UNZ), Daniel OUEZZIN COULIBALY (UDOC) et Joseph KI-ZERBO (UJKZ) ainsi que de l\u2019Ecole normale sup\u00e9rieure (ENS) au titre du minist\u00e8re de l\u2019Enseignement sup\u00e9rieur, de la recherche et de l\u2019innovation.<br \/>\nLe Conseil a \u00e9galement proc\u00e9d\u00e9 \u00e0 la nomination du Pr\u00e9sident du Conseil d\u2019administration de l\u2019Universit\u00e9 Norbert ZONGO (UNZ).<\/p>\n<p>A. MINISTERE DE LA GUERRE ET DE LA DEFENSE PATRIOTIQUE<br \/>\nLe Conseil a adopt\u00e9 un d\u00e9cret portant nomination de Monsieur Pato\u00e9n\u00e9wend\u00e9 Herv\u00e9 KINDA, Officier, Administrateur repr\u00e9sentant la Brigade nationale de Sapeurs-pompiers au Conseil d\u2019administration de la Caisse d\u2019assurance maladie des Arm\u00e9es (CAMA) pour un premier mandat de trois (03) ans en remplacement de Madame Chamiratou Madina Wendata OUEDRAOGO.<\/p>\n<p>B. MINISTERE DE LA COMMUNICATION, DE LA CULTURE, DES ARTS ET DU TOURISME<br \/>\nLe Conseil a adopt\u00e9 un d\u00e9cret portant nomination de Madame H\u00e9l\u00e8ne SEBOGO, Mle 221 792 L, Conseiller en sciences et techniques de l\u2019information et de la communication, Administrateur repr\u00e9sentant l\u2019Etat, au titre du minist\u00e8re de la Communication, de la culture, des arts et du tourisme au Conseil d\u2019administration de l\u2019Agence burkinab\u00e8 de la cin\u00e9matographie et de l\u2019audiovisuel (ABCA) pour un premier mandat de trois (03) ans.<\/p>\n<p>C. MINISTERE DE LA SANTE<br \/>\nLe Conseil a adopt\u00e9 un d\u00e9cret portant nomination des personnes ci-apr\u00e8s, Administrateurs au Conseil d\u2019administration du Centre hospitalier universitaire Sour\u00f4 SANOU (CHUSS) pour un premier mandat de trois (03) ans.<br \/>\nADMINISTRATEUR REPRESENTANT L\u2019ETAT<br \/>\nAu titre du minist\u00e8re de la Famille et de la solidarit\u00e9 :<br \/>\n&#8211; Monsieur Oll\u00e9 KAM, Mle 51 713 L, Inspecteur d\u2019\u00e9ducation de jeunes enfants, en remplacement de Monsieur B. Ali KONE.<\/p>\n<p>ADMINISTRATEUR REPRESENTANT L\u2019UNIVERSITE NAZI BONI<br \/>\n&#8211; Monsieur Adama OUATTARA, Mle 91 426 L, Professeur titulaire hospitalo-universitaire, en remplacement de Monsieur W. Jean DIALLO.<br \/>\nADMINISTRATEUR REPRESENTANT LE CONSEIL REGIONAL DU GUIRIKO<br \/>\n&#8211; Monsieur Jacob KOUDOUGOU, Mle 200 322 M, Administrateur civil, en remplacement de Monsieur B. C\u00e9lestin KOUSSOUBE.<\/p>\n<p>D. MINISTERE DE LA TRANSITION DIGITALE, DES POSTES ET DES COMMUNICATIONS ELECTRONIQUES<br \/>\nLe Conseil a adopt\u00e9 un d\u00e9cret portant nomination de Monsieur Bantida Samire YONI, Mle 262 515 M, Commissaire principal de police, Administrateur repr\u00e9sentant l\u2019Etat, au titre du minist\u00e8re de la S\u00e9curit\u00e9 au Conseil d\u2019administration de l\u2019Agence nationale de s\u00e9curit\u00e9 des syst\u00e8mes d\u2019information (ANSSI) pour un premier mandat de trois (03) ans.<\/p>\n<p>E. MINISTERE DE L\u2019INDUSTRIE, DU COMMERCE ET DE L\u2019ARTISANAT<br \/>\nLe Conseil a adopt\u00e9 un d\u00e9cret portant nomination de Monsieur Jean Jacques NIKIEMA, Mle 238 571 L, Conseiller des affaires \u00e9conomiques, Administrateur repr\u00e9sentant l\u2019Etat, au titre de la Primature au Conseil d\u2019administration de la Minoterie du Faso (MINOFA) pour un premier mandat de trois (03) ans, en remplacement de Monsieur Zakaria GNAMOU.<\/p>\n<p>F. MINISTERE DE L\u2019ENSEIGNEMENT SUPERIEUR, DE LA RECHERCE ET DE L\u2019INNOVATION<br \/>\nLe Conseil a adopt\u00e9 sept (07) d\u00e9crets.<br \/>\nLe premier d\u00e9cret nomme les personnes ci-apr\u00e8s, Administrateurs au Conseil d\u2019administration de l\u2019Universit\u00e9 Norbert ZONGO (UNZ) pour un premier mandat de trois (03) ans.<br \/>\nADMINISTRATEURS REPRESENTANT L\u2019ETAT<\/p>\n<p>Au titre du minist\u00e8re de l\u2019Enseignement sup\u00e9rieur, de la recherche et de l\u2019innovation :<br \/>\n&#8211; Monsieur Habib Ahmed DJIGA, Mle 231 941 W, Enseignant-chercheur.<br \/>\nAu titre du minist\u00e8re de l\u2019Economie et des finances :<br \/>\n&#8211; Monsieur Kiswende-sida Richard YAMEOGO, Mle 257 161 F, Administrateur des services financiers.<\/p>\n<p>Au titre du minist\u00e8re de l\u2019Energie, des mines et des carri\u00e8res :<br \/>\n&#8211; Monsieur Artio HIEN, Mle 334 078 X, Ing\u00e9nieur de la g\u00e9ologie et des mines.<\/p>\n<p>Au titre du minist\u00e8re de l\u2019Industrie, du commerce et de l\u2019artisanat :<br \/>\n&#8211; Monsieur Si\u00e9bou SOU, Mle 119 824 W, Conseiller des affaires \u00e9conomiques.<\/p>\n<p>Au titre du minist\u00e8re de la Communication, de la culture, des arts et du tourisme :<br \/>\n&#8211; Monsieur B\u00e9ly Hermann Abdoul-Karim NIANGAO, Mle 216 684 N, Conservateur de mus\u00e9e.<\/p>\n<p>Au titre du minist\u00e8re de la Construction de la Patrie :<br \/>\n&#8211; Monsieur Yassia OUEDRAOGO, Mle 211 898 D, Ing\u00e9nieur de conception en g\u00e9nie civil.<br \/>\nADMINISTRATEUR REPRESENTANT LE CENTRE NATIONAL DE LA RECHERCHE SCIENTIFIQUE ET TECHNOLOGIQUE<br \/>\n&#8211; Monsieur Abdoulaye COMPAORE, Mle 258 289 R, Ma\u00eetre de recherche.<br \/>\nADMINISTRATEUR REPRESENTANT LE FONDS DE SOUTIEN A L\u2019EDUCATION ET A LA RECHERCHE (FOSER) BANGR BAOOBO<br \/>\n&#8211; Monsieur Fran\u00e7ois BONKOUNGOU, Mle 106 399 A, Conseiller d\u2019intendance scolaire et universitaire.<br \/>\nADMINISTRATEUR REPRESENTANT LE PERSONNEL ADMINISTRATIF, TECHNIQUE, OUVRIER ET DE SOUTIEN<br \/>\n&#8211; Monsieur Rayim Wend\u00e9 Narcisse OUEDRAOGO, Mle 228 830 X, Conseiller d\u2019\u00e9ducation.<br \/>\nADMINISTRATEUR REPRESENTANT LA CHAMBRE DE COMMERCE ET D\u2019INDUSTRIE DU BURKINA FASO<br \/>\n&#8211; Monsieur Rimpanga Dominique Aristide KABORE, Mle 23 19 152 L, Ing\u00e9nieur informaticien.<br \/>\nADMINISTRATEUR REPRESENTANT LE CONSEIL REGIONAL DE NANDO<br \/>\n&#8211; Monsieur Jonas KOALA, Mle 392 922 F, Charg\u00e9 de recherche.<br \/>\nADMINISTRATEUR REPRESENTANT LES DELEGUES ELUS DES ETUDIANTS<br \/>\n&#8211; Monsieur Lucien ZONGO, Etudiant, pour la dur\u00e9e de son mandat de D\u00e9l\u00e9gu\u00e9 g\u00e9n\u00e9ral.<br \/>\nADMINISTRATEUR REPRESENTANT LE SYNDICAT DES ENSEIGNANTS<br \/>\n&#8211; Monsieur Boukar\u00e9 OUEDRAOGO, Mle 333 969 R, Enseignant-chercheur.<\/p>\n<p>Le deuxi\u00e8me d\u00e9cret renouvelle le mandat de Monsieur Tiga Alain OUEDRAOGO, Mle 17 702 Z, Ma\u00eetre de recherche, Administrateur repr\u00e9sentant l\u2019Etat, au titre du minist\u00e8re de l\u2019Enseignement sup\u00e9rieur, de la recherche et de l\u2019innovation au Conseil d\u2019administration de l\u2019Universit\u00e9 Norbert ZONGO (UNZ) pour une derni\u00e8re p\u00e9riode de trois (03) ans.<\/p>\n<p>Le troisi\u00e8me d\u00e9cret renouvelle le mandat de Monsieur Tiga Alain OUEDRAOGO, Mle 17 702 Z, Ma\u00eetre de recherche, Pr\u00e9sident du Conseil d\u2019administration de l\u2019Universit\u00e9 Norbert ZONGO (UNZ) pour une derni\u00e8re p\u00e9riode de trois (03) ans.<\/p>\n<p>Le quatri\u00e8me d\u00e9cret nomme les personnes ci-apr\u00e8s, Administrateurs au Conseil d\u2019administration de l\u2019Universit\u00e9 Daniel OUEZZIN COULIBALY (UDOC) pour un premier mandat de trois (03) ans.<\/p>\n<p>ADMINISTRATEURS REPRESENTANT L\u2019ETAT<\/p>\n<p>Au titre du minist\u00e8re de l\u2019Enseignement sup\u00e9rieur, de la recherche et de l\u2019innovation :<br \/>\n&#8211; Madame Rayangn\u00e9wend\u00e9 Ad\u00e8le OUEDRAOGO, Mle 254 847 N, Chercheur, en remplacement de Madame Afsata PARE\/KABORE.<\/p>\n<p>Au titre du minist\u00e8re des Serviteurs du Peuple :<br \/>\n&#8211; Monsieur Nagaonl\u00e9 Eric SOME, Mle 231 955 Z, Ma\u00eetre de recherche, en remplacement de Monsieur Pierre BOUNDAONE.<\/p>\n<p>Au titre du minist\u00e8re de l\u2019Agriculture, de l\u2019eau, des ressources animales et halieutiques :<br \/>\n&#8211; Monsieur Idrissa OUEDRAOGO, Mle 212 396 X, Administrateur civil.<\/p>\n<p>Au titre du minist\u00e8re de l\u2019Industrie, du commerce et de l\u2019artisanat :<br \/>\n&#8211; Monsieur Mathu\u00e9 BADIEL, Mle 111 307 G, Conseiller des affaires \u00e9conomiques.<\/p>\n<p>Au titre du minist\u00e8re de la Communication, de la culture, des arts et du tourisme :<br \/>\n&#8211; Monsieur Kadr\u00e9 SAWADOGO, Mle 200 487 F, Administrateur des services touristiques.<\/p>\n<p>Au titre du minist\u00e8re des Sports, de la jeunesse et de l\u2019emploi :<br \/>\n&#8211; Monsieur Kusavie Cr\u00e9pin SOMDA, Mle 210 951 E, Conseiller de jeunesse et d\u2019\u00e9ducation permanente.<br \/>\nADMINISTRATEUR REPRESENTANT LE FONDS DE SOUTIEN A L\u2019EDUCATION ET A LA RECHERCHE (FOSER) BANGR BAOOBO<br \/>\n&#8211; Monsieur Wendpagnagd\u00e9 Philippe OUEDRAOGO, Mle 53 327 S, Conseiller d\u2019administration scolaire et universitaire.<br \/>\nADMINISTRATEUR REPRESENTANT LE CENTRE NATIONAL DE LA RECHERCHE SCIENTIFIQUE ET TECHNOLOGIQUE (CNRST)<br \/>\n&#8211; Monsieur Noufou OUEDRAOGO, Mle 110 932 Y, Chercheur, en remplacement de Monsieur Honor\u00e9 KAM.<br \/>\nADMINISTRATEUR REPRESENTANT LA COMMUNE DE DEDOUGOU<br \/>\n&#8211; Monsieur Hamidou ZONGO, Mle 117 054 L, Administrateur civil, en remplacement de Monsieur Karim Lombosa KONDE.<br \/>\nADMINISTRATEUR REPRESENTANT LE PERSONNEL ADMINISTRATIF, TECHNIQUE, OUVRIER ET DE SOUTIEN<br \/>\n&#8211; Monsieur Abdoul Khader TRAORE, Mle 238 265 S, Conseiller d\u2019administration scolaire et universitaire, en remplacement de Monsieur Mohammed KABRE.<br \/>\nADMINISTRATEUR REPRESENTANT LES DELEGUES ELUS DES ETUDIANTS<br \/>\n&#8211; Monsieur Wahabo ZOROM, Etudiant en agronomie, pour la dur\u00e9e de son mandat de D\u00e9l\u00e9gu\u00e9 g\u00e9n\u00e9ral, en remplacement de Monsieur Zakaria KI.<\/p>\n<p>Le cinqui\u00e8me d\u00e9cret nomme les personnes ci-apr\u00e8s, Administrateurs au Conseil d\u2019administration de l\u2019Ecole normale sup\u00e9rieure (ENS) pour un premier mandat de trois (03) ans.<br \/>\nADMINISTRATEURS REPRESENTANT L\u2019ETAT<br \/>\nAu titre du minist\u00e8re de la S\u00e9curit\u00e9 :<br \/>\n&#8211; Monsieur Lassina TRAORE, Mle 227 553 W, Commissaire divisionnaire de police.<br \/>\nAu titre du minist\u00e8re de la Famille et de la solidarit\u00e9 :<br \/>\n&#8211; Monsieur Salifou YOUNGA, Mle 55 812 C, Administrateur des affaires sociales.<br \/>\nAu titre du minist\u00e8re des Sports, de la jeunesse et de l\u2019emploi :<br \/>\n&#8211; Madame Windpanga Sonia Emilie BELOUM, Mle 217 116 N, Professeur d\u2019\u00e9ducation physique et sportive.<br \/>\nADMINISTRATEUR REPRESENTANT LE CONSEIL REGIONAL DE NANDO<br \/>\n&#8211; Monsieur Bienzi Didier PARE, Mle 206 357 H, Inspecteur de l\u2019enseignement secondaire.<br \/>\nADMINISTRATEUR REPRESENTANT LES ENCADREURS PEDAGOGIQUES DE L\u2019ECOLE NORMALE SUPERIEURE<br \/>\n&#8211; Monsieur Ouibila Eric YAMEOGO, Mle 105 139 U, Inspecteur de l\u2019enseignement secondaire.<\/p>\n<p>ADMINISTRATEUR REPRESENTANT LES STAGIAIRES DE L\u2019ECOLE NORMALE SUPERIEURE<br \/>\n&#8211; Monsieur Boubou BAMA, Mle 202 982 X, El\u00e8ve Inspecteur de l\u2019enseignement secondaire, pour la dur\u00e9e de son mandat de D\u00e9l\u00e9gu\u00e9 g\u00e9n\u00e9ral, en remplacement de Monsieur Dimitri TUINA.<br \/>\nLe sixi\u00e8me d\u00e9cret nomme les personnes ci-apr\u00e8s, Administrateurs au Conseil d\u2019administration de l\u2019Universit\u00e9 Joseph KI-ZERBO (UJKZ) pour un premier mandat de trois (03) ans.<br \/>\nADMINISTRATEURS REPRESENTANT L\u2019ETAT<\/p>\n<p>Au titre du minist\u00e8re de l\u2019Enseignement sup\u00e9rieur, de la recherche et de l\u2019innovation :<br \/>\n&#8211; Monsieur Wendkouni Judica\u00ebl DJIGUEMDE, Mle 245 747 P, Enseignant-chercheur, en remplacement de Monsieur Issiaka BELEM.<\/p>\n<p>Au titre du minist\u00e8re de l\u2019Energie, des mines et des carri\u00e8res :<br \/>\n&#8211; Monsieur Gueswind\u00e9 Samuel DJIGUEMDE, Mle 17 810 334, Ing\u00e9nieur g\u00e9ologue.<\/p>\n<p>Au titre du minist\u00e8re de la Communication, de la culture, des arts et du tourisme :<br \/>\n&#8211; Madame Christine BATIONO\/NABALOUM, Mle 250 571 Y, Conseiller en sciences et techniques de l\u2019information et de la communication.<\/p>\n<p>Au titre du minist\u00e8re de la Transition digitale, des postes et des communications \u00e9lectroniques :<br \/>\n&#8211; Monsieur Borlli Michel Jonas SOME, Mle 102 929 F, Enseignant-chercheur.<\/p>\n<p>Au titre du minist\u00e8re de l\u2019Industrie, du commerce et de l\u2019artisanat :<br \/>\n&#8211; Monsieur Emmanuel OUEDRAOGO, Mle 111 320 V, Conseiller des affaires \u00e9conomiques.<br \/>\nADMINISTRATEUR REPRESENTANT LE CENTRE NATIONAL DE LA RECHERCHE SCIENTIFIQUE ET TECHNOLOGIQUE (CNRST)<br \/>\n&#8211; Monsieur Didier ZIDA, Mle 00 218 842 H, Ma\u00eetre de recherche, en remplacement de Monsieur Oumar SANOGO.<br \/>\nADMINISTRATEUR REPRESENTANT LE FONDS DE SOUTIEN A L\u2019EDUCATION ET A LA RECHERCHE (FOSER) BANGR BAOOBO<br \/>\n&#8211; Monsieur Ollo POODA, Mle 280 291 L, Conseiller d\u2019intendance scolaire et universitaire.<br \/>\nADMINISTRATEUR REPRESENTANT LES SYNDICATS DES ENSEIGNANTS-CHERCHEURS<br \/>\n&#8211; Monsieur Roch Modeste MILLOGO, Mle 375 283 J, Enseignant-chercheur, en remplacement de Messieurs Philippe Augustin NIKIEMA et Hugues Rom\u00e9o BAZIE.<\/p>\n<p>ADMINISTRATEUR REPRESENTANT LE PERSONNEL ADMINISTRATIF, TECHNIQUE, OUVRIER ET DE SOUTIEN<br \/>\n&#8211; Monsieur Wend-Panga J\u00e9r\u00e9mie OUEDRAOGO, Mle 398 187 U, Ing\u00e9nieur des travaux informatiques, en remplacement de Monsieur Elie OUEDRAOGO.<br \/>\nADMINISTRATEUR REPRESENTANT LES DELEGUES ELUS DES ETUDIANTS<br \/>\n&#8211; Monsieur Wendpouir\u00e9 Aziz Anselme Kevin OUEDRAOGO, Etudiant, pour la dur\u00e9e de son mandat de D\u00e9l\u00e9gu\u00e9 g\u00e9n\u00e9ral, en remplacement de Messieurs Emmanuel TINDANO et S. Kevin SOME.<\/p>\n<p>Le septi\u00e8me d\u00e9cret renouvelle le mandat des personnes ci-apr\u00e8s, Administrateurs au Conseil d\u2019administration de l\u2019Universit\u00e9 Joseph KI-ZERBO (UJKZ) pour une derni\u00e8re p\u00e9riode de trois (03) ans.<br \/>\nADMINISTRATEUR REPRESENTANT L\u2019ETAT<br \/>\nAu titre du minist\u00e8re de l\u2019Economie et des finances :<br \/>\n&#8211; Madame Agn\u00e8s DAHO\/COMPAORE, Mle 225 082 B, Administrateur des services financiers.<\/p>\n<p>ADMINISTRATEUR REPRESENTANT LA COMMUNE DE OUAGADOUGOU<br \/>\n&#8211; Monsieur Christian Charles ROUAMBA, Mle 59 715 A, Administrateur civil.<\/p>\n<p>Le Porte-parole du Gouvernement,<\/p>\n<p>Pingdwend\u00e9 Gilbert OUEDRAOGO<br \/>\nOfficier de l\u2019Ordre de l\u2019Etalon<\/p>\n<p>Lire \ud83d\udc47\ud83d\udc47\ud83d\udc47<br \/>\nwww.sig.gov.bf<\/p>\n<p>#Com_Gouv_BF<br \/>\n#SIGBurkina<br \/>\n#BurkinaFaso<\/p>\n","protected":false},"excerpt":{"rendered":"<p>COMPTE RENDU DU CONSEIL DES MINISTRES DU JEUDI 22 JANVIER 2026 Le Conseil des ministres s\u2019est tenu \u00e0 Ouagadougou, le jeudi 22 janvier 2026, en s\u00e9ance ordinaire, de 09 H 00 mn \u00e0 13 H 41 mn, sous la pr\u00e9sidence de Son Excellence le Capitaine Ibrahim TRAORE, Pr\u00e9sident du Faso, Pr\u00e9sident du Conseil des ministres. [&hellip;]<\/p>\n","protected":false},"author":10,"featured_media":138330,"comment_status":"open","ping_status":"open","sticky":false,"template":"","format":"standard","meta":{"advanced_seo_description":"","jetpack_seo_html_title":"","jetpack_seo_noindex":false,"jetpack_post_was_ever_published":false,"footnotes":""},"categories":[90],"tags":[],"class_list":{"0":"post-138484","1":"post","2":"type-post","3":"status-publish","4":"format-standard","5":"has-post-thumbnail","7":"category-conseil-des-ministres"},"jetpack_featured_media_url":"https:\/\/i0.wp.com\/www.aib.media\/wp-content\/uploads\/2026\/01\/IMG-20260122-WA0061-scaled.jpg?fit=2560%2C1706&ssl=1","jetpack_shortlink":"https:\/\/wp.me\/pavbHe-A1C","_links":{"self":[{"href":"https:\/\/www.aib.media\/index.php?rest_route=\/wp\/v2\/posts\/138484","targetHints":{"allow":["GET"]}}],"collection":[{"href":"https:\/\/www.aib.media\/index.php?rest_route=\/wp\/v2\/posts"}],"about":[{"href":"https:\/\/www.aib.media\/index.php?rest_route=\/wp\/v2\/types\/post"}],"author":[{"embeddable":true,"href":"https:\/\/www.aib.media\/index.php?rest_route=\/wp\/v2\/users\/10"}],"replies":[{"embeddable":true,"href":"https:\/\/www.aib.media\/index.php?rest_route=%2Fwp%2Fv2%2Fcomments&post=138484"}],"version-history":[{"count":0,"href":"https:\/\/www.aib.media\/index.php?rest_route=\/wp\/v2\/posts\/138484\/revisions"}],"wp:featuredmedia":[{"embeddable":true,"href":"https:\/\/www.aib.media\/index.php?rest_route=\/wp\/v2\/media\/138330"}],"wp:attachment":[{"href":"https:\/\/www.aib.media\/index.php?rest_route=%2Fwp%2Fv2%2Fmedia&parent=138484"}],"wp:term":[{"taxonomy":"category","embeddable":true,"href":"https:\/\/www.aib.media\/index.php?rest_route=%2Fwp%2Fv2%2Fcategories&post=138484"},{"taxonomy":"post_tag","embeddable":true,"href":"https:\/\/www.aib.media\/index.php?rest_route=%2Fwp%2Fv2%2Ftags&post=138484"}],"curies":[{"name":"wp","href":"https:\/\/api.w.org\/{rel}","templated":true}]}}