{"id":138432,"date":"2026-01-22T21:20:21","date_gmt":"2026-01-22T21:20:21","guid":{"rendered":"https:\/\/www.aib.media\/?p=138432"},"modified":"2026-01-22T21:20:21","modified_gmt":"2026-01-22T21:20:21","slug":"bassitenga-7-176-eleves-des-classes-intermediaires-prennent-part-a-lencadrement-civique-et-patriotique","status":"publish","type":"post","link":"https:\/\/www.aib.media\/?p=138432","title":{"rendered":"Bassitenga : 7 176 \u00e9l\u00e8ves des classes interm\u00e9diaires prennent part \u00e0 l\u2019encadrement civique et patriotique"},"content":{"rendered":"<p><strong>Bassitenga : 7 176 \u00e9l\u00e8ves des classes interm\u00e9diaires prennent part \u00e0 l\u2019encadrement civique et patriotique<\/strong><\/p>\n<p><strong>Ziniar\u00e9, 20 janv. 2026 (AIB)-Au total, 7 176 \u00e9l\u00e8ves des classes interm\u00e9diaires, dont 3 023 gar\u00e7ons et 4 153 filles, sont concern\u00e9s par le programme d\u2019orientation pour l\u2019encadrement civique et patriotique (ECP) dans la province de la Bassitenga. Le lancement officiel a eu lieu mardi au terrain de sport du lyc\u00e9e Bassy de Ziniar\u00e9, sous la pr\u00e9sidence du haut-commissaire de la province, Saidou Guigma.<\/strong><\/p>\n<p>La c\u00e9r\u00e9monie a enregistr\u00e9 une forte mobilisation des acteurs de l\u2019enseignement secondaire, notamment les responsables d\u2019\u00e9tablissements publics et priv\u00e9s, les promoteurs d\u2019\u00e9coles priv\u00e9es, les associations de parents d\u2019\u00e9l\u00e8ves, les Forces de d\u00e9fense et de s\u00e9curit\u00e9 (FDS), les encadreurs et les \u00e9l\u00e8ves.<\/p>\n<p>Cette initiative, voulue par les plus hautes autorit\u00e9s du pays, s\u2019inscrit dans la dynamique nationale de renforcement du civisme, du patriotisme, de la discipline et du vivre-ensemble en milieu scolaire, dans un contexte marqu\u00e9 par des d\u00e9fis s\u00e9curitaires, sociaux et environnementaux.<\/p>\n<p>Dans son intervention, le haut-commissaire Saidou Guigma a invit\u00e9 les \u00e9l\u00e8ves \u00e0 se conformer aux r\u00e8gles et \u00e0 faire preuve de discipline et de responsabilit\u00e9. Il a soulign\u00e9 que l\u2019encadrement civique et patriotique vise \u00e0 former des citoyens respectueux des valeurs r\u00e9publicaines, attach\u00e9s \u00e0 la patrie et engag\u00e9s pour le d\u00e9veloppement du Burkina Faso.<br \/>\nLa directrice provinciale de l\u2019Enseignement secondaire, de la Formation professionnelle et technique de la Bassitenga, L\u00e9ocadie Traor\u00e9\/Hien, a exhort\u00e9 les \u00e9l\u00e8ves \u00e0 suivre avec s\u00e9rieux cette formation, qui leur permettra de mieux conna\u00eetre leur pays, de respecter les symboles nationaux et d\u2019adopter un comportement exemplaire \u00e0 l\u2019\u00e9cole comme dans la soci\u00e9t\u00e9.<\/p>\n<p>L\u2019encadrement sera assur\u00e9 par les Forces de d\u00e9fense et de s\u00e9curit\u00e9. \u00c0 Ziniar\u00e9, deux sites ont \u00e9t\u00e9 retenus pour la mise en \u0153uvre du programme : le lyc\u00e9e Bassy et la Maison de la Femme.<\/p>\n<p>Se voulant rassurant, le lieutenant de police Si\u00e9 Norbert Kambou, en service au commissariat central de Ziniar\u00e9, a pr\u00e9cis\u00e9 qu\u2019il ne s\u2019agit pas d\u2019une formation militaire. \u00ab Il n\u2019y a pas de man\u0153uvres. Il s\u2019agit simplement d\u2019initier les \u00e9l\u00e8ves aux notions de base, notamment des mouvements individuels. Les parents n\u2019ont pas de crainte \u00e0 se faire \u00bb, a-t-il indiqu\u00e9.<\/p>\n<p>\u00c0 travers ce programme, les autorit\u00e9s entendent contribuer \u00e0 la formation d\u2019une jeunesse disciplin\u00e9e, patriote et r\u00e9solument engag\u00e9e pour la construction d\u2019un Burkina Faso fort.<\/p>\n<p style=\"text-align: center\"><strong>Agence d\u2019information du Burkina<\/strong><br \/>\n<strong>LC\/ata<\/strong><\/p>\n","protected":false},"excerpt":{"rendered":"<p>Bassitenga : 7 176 \u00e9l\u00e8ves des classes interm\u00e9diaires prennent part \u00e0 l\u2019encadrement civique et patriotique Ziniar\u00e9, 20 janv. 2026 (AIB)-Au total, 7 176 \u00e9l\u00e8ves des classes interm\u00e9diaires, dont 3 023 gar\u00e7ons et 4 153 filles, sont concern\u00e9s par le programme d\u2019orientation pour l\u2019encadrement civique et patriotique (ECP) dans la province de la Bassitenga. Le lancement [&hellip;]<\/p>\n","protected":false},"author":15,"featured_media":138433,"comment_status":"open","ping_status":"open","sticky":false,"template":"","format":"standard","meta":{"advanced_seo_description":"","jetpack_seo_html_title":"","jetpack_seo_noindex":false,"jetpack_post_was_ever_published":false,"footnotes":""},"categories":[173,93,203,130],"tags":[],"class_list":{"0":"post-138432","1":"post","2":"type-post","3":"status-publish","4":"format-standard","5":"has-post-thumbnail","7":"category-depeches","8":"category-flashinfos","9":"category-la-une-aib","10":"category-oubritenga"},"jetpack_featured_media_url":"https:\/\/i0.wp.com\/www.aib.media\/wp-content\/uploads\/2026\/01\/IMG-20260122-WA01592.jpg?fit=1016%2C762&ssl=1","jetpack_shortlink":"https:\/\/wp.me\/pavbHe-A0M","_links":{"self":[{"href":"https:\/\/www.aib.media\/index.php?rest_route=\/wp\/v2\/posts\/138432","targetHints":{"allow":["GET"]}}],"collection":[{"href":"https:\/\/www.aib.media\/index.php?rest_route=\/wp\/v2\/posts"}],"about":[{"href":"https:\/\/www.aib.media\/index.php?rest_route=\/wp\/v2\/types\/post"}],"author":[{"embeddable":true,"href":"https:\/\/www.aib.media\/index.php?rest_route=\/wp\/v2\/users\/15"}],"replies":[{"embeddable":true,"href":"https:\/\/www.aib.media\/index.php?rest_route=%2Fwp%2Fv2%2Fcomments&post=138432"}],"version-history":[{"count":0,"href":"https:\/\/www.aib.media\/index.php?rest_route=\/wp\/v2\/posts\/138432\/revisions"}],"wp:featuredmedia":[{"embeddable":true,"href":"https:\/\/www.aib.media\/index.php?rest_route=\/wp\/v2\/media\/138433"}],"wp:attachment":[{"href":"https:\/\/www.aib.media\/index.php?rest_route=%2Fwp%2Fv2%2Fmedia&parent=138432"}],"wp:term":[{"taxonomy":"category","embeddable":true,"href":"https:\/\/www.aib.media\/index.php?rest_route=%2Fwp%2Fv2%2Fcategories&post=138432"},{"taxonomy":"post_tag","embeddable":true,"href":"https:\/\/www.aib.media\/index.php?rest_route=%2Fwp%2Fv2%2Ftags&post=138432"}],"curies":[{"name":"wp","href":"https:\/\/api.w.org\/{rel}","templated":true}]}}