{"id":138216,"date":"2026-01-21T18:38:06","date_gmt":"2026-01-21T18:38:06","guid":{"rendered":"https:\/\/www.aib.media\/?p=138216"},"modified":"2026-01-21T18:38:06","modified_gmt":"2026-01-21T18:38:06","slug":"paul-henri-sandaogo-damiba-ramene-au-burkina-pour-repondre-a-la-justice","status":"publish","type":"post","link":"https:\/\/www.aib.media\/?p=138216","title":{"rendered":"Paul Henri Sandaogo Damiba ramen\u00e9 au Burkina pour r\u00e9pondre \u00e0 la justice"},"content":{"rendered":"<div class=\"html-div xdj266r x14z9mp xat24cr x1lziwak xexx8yu xyri2b x18d9i69 x1c1uobl\">\n<div class=\"html-div xdj266r x14z9mp xat24cr x1lziwak xexx8yu xyri2b x18d9i69 x1c1uobl\" dir=\"auto\">\n<div class=\"html-div xdj266r x14z9mp xat24cr x1lziwak xexx8yu xyri2b x18d9i69 x1c1uobl\" data-ad-rendering-role=\"story_message\">\n<div class=\"x1l90r2v x1iorvi4 x1g0dm76 xpdmqnj\" data-ad-comet-preview=\"message\" data-ad-preview=\"message\">\n<div class=\"x78zum5 xdt5ytf xz62fqu x16ldp7u\">\n<div class=\"xu06os2 x1ok221b\">\n<div class=\"html-div xdj266r x14z9mp xat24cr x1lziwak xexx8yu xyri2b x18d9i69 x1c1uobl\">\n<div class=\"xdj266r x14z9mp xat24cr x1lziwak x1vvkbs x126k92a\">\n<div dir=\"auto\">BURKINA-EXTRADITION-JUSTICE<\/div>\n<div dir=\"auto\"><\/div>\n<\/div>\n<div class=\"x14z9mp xat24cr x1lziwak x1vvkbs xtlvy1s x126k92a\">\n<div dir=\"auto\"><strong>Paul Henri Sandaogo Damiba ramen\u00e9 au Burkina pour r\u00e9pondre \u00e0 la justice<\/strong><\/div>\n<div dir=\"auto\"><\/div>\n<\/div>\n<div class=\"x14z9mp xat24cr x1lziwak x1vvkbs xtlvy1s x126k92a\">\n<div dir=\"auto\"><strong>Ouagadougou, 20 janv. 2026 (AIB)-L&rsquo;ex pr\u00e9sident Paul Henri Sandaogo DAMIBA, recherch\u00e9 pour des faits de d\u00e9tournement de deniers publics, d\u2019enrichissement illicite, de corruption, d\u2019incitation \u00e0 la commission d\u2019infractions, de recel aggrav\u00e9 et de blanchiment de capitaux, a \u00e9t\u00e9 extrad\u00e9 le 17 janvier 2026 vers le Burkina Faso depuis le Togo, a appris l&rsquo;AIB.<\/strong><\/div>\n<div dir=\"auto\"><\/div>\n<\/div>\n<div class=\"x14z9mp xat24cr x1lziwak x1vvkbs xtlvy1s x126k92a\">\n<div dir=\"auto\">Selon un communiqu\u00e9 du ministre de la Justice, Edasso Rodrigue Bayala, en date du 20 janvier 2026, a exprim\u00e9 la reconnaissance du gouvernement burkinab\u00e8 \u00e0 l\u2019\u00e9gard de la R\u00e9publique s\u0153ur du Togo.<\/div>\n<div dir=\"auto\"><\/div>\n<\/div>\n<div class=\"x14z9mp xat24cr x1lziwak x1vvkbs xtlvy1s x126k92a\">\n<div dir=\"auto\">En rappel, le Procureur du Faso avait saisi, le 5 janvier 2026, le parquet pr\u00e8s le Tribunal de Grande Instance de Ouaga I, signalant l\u2019implication de M. Damiba et d\u2019autres personnes civiles et militaires dans des actes pr\u00e9paratoires portant atteinte \u00e0 la s\u00fbret\u00e9 et \u00e0 la s\u00e9curit\u00e9 de l\u2019\u00c9tat.<\/div>\n<div dir=\"auto\"><\/div>\n<\/div>\n<div class=\"x14z9mp xat24cr x1lziwak x1vvkbs xtlvy1s x126k92a\">\n<div dir=\"auto\">Ces actes s\u2019inscriraient dans un projet de d\u00e9stabilisation du pays, survenu apr\u00e8s sa chute du pouvoir en janvier 2022, ainsi que dans des infractions \u00e9conomiques graves.<\/div>\n<div dir=\"auto\"><\/div>\n<\/div>\n<div class=\"x14z9mp xat24cr x1lziwak x1vvkbs xtlvy1s x126k92a\">\n<div dir=\"auto\">Le 6 janvier 2026, le juge d\u2019instruction a ouvert une information judiciaire pour d\u00e9tournement criminel de deniers publics, enrichissement illicite, corruption, incitation \u00e0 la commission de d\u00e9lits et crimes, recel aggrav\u00e9 et blanchiment de capitaux.<\/div>\n<div dir=\"auto\"><\/div>\n<\/div>\n<div class=\"x14z9mp xat24cr x1lziwak x1vvkbs xtlvy1s x126k92a\">\n<div dir=\"auto\">\u00c0 la m\u00eame date, un mandat d\u2019arr\u00eat international a \u00e9t\u00e9 d\u00e9cern\u00e9 contre M. Damiba et une demande d\u2019extradition ont \u00e9t\u00e9 adress\u00e9s aux autorit\u00e9s togolaises.<\/div>\n<div dir=\"auto\"><\/div>\n<\/div>\n<div class=\"x14z9mp xat24cr x1lziwak x1vvkbs xtlvy1s x126k92a\">\n<div dir=\"auto\">La Chambre d\u2019instruction de la Cour d\u2019Appel de Lom\u00e9 a rendu, le 16 janvier 2026, l\u2019arr\u00eat n\u00b0013\/2026 autorisant l\u2019extradition, qui a \u00e9t\u00e9 effective le 17 janvier 2026.<\/div>\n<div dir=\"auto\">Agence d&rsquo;information du Burkina<\/div>\n<\/div>\n<\/div>\n<\/div>\n<\/div>\n<\/div>\n<\/div>\n<\/div>\n<div class=\"html-div xdj266r x14z9mp xat24cr x1lziwak xexx8yu xyri2b x18d9i69 x1c1uobl x1n2onr6\">\n<div class=\"html-div xdj266r x14z9mp xat24cr x1lziwak xexx8yu xyri2b x18d9i69 x1c1uobl x1n2onr6\"><\/div>\n<div class=\"html-div xdj266r x14z9mp xat24cr x1lziwak xexx8yu xyri2b x18d9i69 x1c1uobl x6ikm8r x10wlt62\"><\/div>\n<\/div>\n<\/div>\n<div class=\"x8gbvx8 x80vd3b x1q0q8m5 xso031l x8cjs6t x13fuv20 x178xt8z x78zum5 x1q0g3np x1qughib xz9dl7a xpdmqnj xsag5q8 x1onr9mi\">\n<div class=\"x6s0dn4 x78zum5 x1nhvcw1\"><\/div>\n<div class=\"x78zum5 x13a6bvl\"><\/div>\n<\/div>\n<div>\n<div class=\"xabvvm4 xeyy32k x1ia1hqs x1a2w583 x6ikm8r x10wlt62\" data-visualcompletion=\"ignore-dynamic\">\n<div>\n<div>\n<div>\n<div class=\"x1n2onr6\">\n<div class=\"x6s0dn4 xi81zsa x78zum5 x6prxxf x13a6bvl xvq8zen xdj266r xat24cr x1c1uobl xyri2b x1diwwjn xbmvrgn x1yrsyyn x18d9i69\">\n<div class=\"x6s0dn4 x78zum5 x1iyjqo2 x6ikm8r x10wlt62\">\n<div>\n<div class=\"x1i10hfl xjbqb8w x1ejq31n x18oe1m7 x1sy0etr xstzfhl x972fbf x10w94by x1qhh985 x14e42zd x9f619 x1ypdohk x3ct3a4 xdj266r x14z9mp xat24cr x1lziwak xexx8yu xyri2b x18d9i69 x1c1uobl x16tdsg8 x1hl2dhg xggy1nq x1fmog5m xu25z0z x140muxe xo1y3bh x1n2onr6 x87ps6o x1lku1pv x1a2a7pz x1heor9g xnl1qt8 x6ikm8r x10wlt62 x1vjfegm x1lliihq\" role=\"button\"><\/div>\n<\/div>\n<\/div>\n<div class=\"x9f619 x1ja2u2z x78zum5 x2lah0s x1n2onr6 x1qughib x1qjc9v5 xozqiw3 x1q0g3np xyri2b x1c1uobl x1ws5yxj xw01apr x4cne27 xifccgj x123j3cw xs9asl8\"><\/div>\n<\/div>\n<\/div>\n<\/div>\n<\/div>\n<\/div>\n<\/div>\n<\/div>\n","protected":false},"excerpt":{"rendered":"<p>BURKINA-EXTRADITION-JUSTICE Paul Henri Sandaogo Damiba ramen\u00e9 au Burkina pour r\u00e9pondre \u00e0 la justice Ouagadougou, 20 janv. 2026 (AIB)-L&rsquo;ex pr\u00e9sident Paul Henri Sandaogo DAMIBA, recherch\u00e9 pour des faits de d\u00e9tournement de deniers publics, d\u2019enrichissement illicite, de corruption, d\u2019incitation \u00e0 la commission d\u2019infractions, de recel aggrav\u00e9 et de blanchiment de capitaux, a \u00e9t\u00e9 extrad\u00e9 le 17 janvier [&hellip;]<\/p>\n","protected":false},"author":6,"featured_media":138235,"comment_status":"open","ping_status":"open","sticky":false,"template":"","format":"standard","meta":{"advanced_seo_description":"","jetpack_seo_html_title":"","jetpack_seo_noindex":false,"jetpack_post_was_ever_published":false,"footnotes":""},"categories":[91,173,789],"tags":[],"class_list":{"0":"post-138216","1":"post","2":"type-post","3":"status-publish","4":"format-standard","5":"has-post-thumbnail","7":"category-communiques","8":"category-depeches","9":"category-developpement"},"jetpack_featured_media_url":"https:\/\/i0.wp.com\/www.aib.media\/wp-content\/uploads\/2026\/01\/Damiba.jpg?fit=736%2C414&ssl=1","jetpack_shortlink":"https:\/\/wp.me\/pavbHe-zXi","_links":{"self":[{"href":"https:\/\/www.aib.media\/index.php?rest_route=\/wp\/v2\/posts\/138216","targetHints":{"allow":["GET"]}}],"collection":[{"href":"https:\/\/www.aib.media\/index.php?rest_route=\/wp\/v2\/posts"}],"about":[{"href":"https:\/\/www.aib.media\/index.php?rest_route=\/wp\/v2\/types\/post"}],"author":[{"embeddable":true,"href":"https:\/\/www.aib.media\/index.php?rest_route=\/wp\/v2\/users\/6"}],"replies":[{"embeddable":true,"href":"https:\/\/www.aib.media\/index.php?rest_route=%2Fwp%2Fv2%2Fcomments&post=138216"}],"version-history":[{"count":0,"href":"https:\/\/www.aib.media\/index.php?rest_route=\/wp\/v2\/posts\/138216\/revisions"}],"wp:featuredmedia":[{"embeddable":true,"href":"https:\/\/www.aib.media\/index.php?rest_route=\/wp\/v2\/media\/138235"}],"wp:attachment":[{"href":"https:\/\/www.aib.media\/index.php?rest_route=%2Fwp%2Fv2%2Fmedia&parent=138216"}],"wp:term":[{"taxonomy":"category","embeddable":true,"href":"https:\/\/www.aib.media\/index.php?rest_route=%2Fwp%2Fv2%2Fcategories&post=138216"},{"taxonomy":"post_tag","embeddable":true,"href":"https:\/\/www.aib.media\/index.php?rest_route=%2Fwp%2Fv2%2Ftags&post=138216"}],"curies":[{"name":"wp","href":"https:\/\/api.w.org\/{rel}","templated":true}]}}