{"id":138052,"date":"2026-01-19T14:23:36","date_gmt":"2026-01-19T14:23:36","guid":{"rendered":"https:\/\/www.aib.media\/?p=138052"},"modified":"2026-01-19T14:23:36","modified_gmt":"2026-01-19T14:23:36","slug":"mouhoun-coordination-de-la-veille-citoyenne-de-bondokuy-une-soiree-de-partage-pour-consolider-la-cohesion-et-le-vivre-ensemble","status":"publish","type":"post","link":"https:\/\/www.aib.media\/?p=138052","title":{"rendered":"Mouhoun\/Coordination de la veille citoyenne de Bondokuy : Une soir\u00e9e de partage pour consolider la coh\u00e9sion et le vivre-ensemble"},"content":{"rendered":"<p>BURKINA-MOUHOUN-BONDOKUY-CITOYENNETE-PARTAGE<\/p>\n<p><strong>Mouhoun\/Coordination de la veille citoyenne de Bondokuy : Une soir\u00e9e de partage pour consolider la coh\u00e9sion et le vivre-ensemble<\/strong><\/p>\n<p><strong>Bondoukuy, 17 janv. 2026 (AIB)-Dans le cadre de ses actions de veille citoyenne et de promotion du vivre-ensemble, la coordination de la veille citoyenne de Bondoukuy a organis\u00e9, le samedi 17 janvier 2026, une soir\u00e9e de partage et de coh\u00e9sion sociale sur le site de la veille citoyenne, au rond-point Capitaine Ibrahim Traor\u00e9 de Bondokuy.<\/strong><\/p>\n<p>Plac\u00e9e sous le sceau de la fraternit\u00e9 et de la solidarit\u00e9, cette rencontre qui a r\u00e9uni, divers acteurs de la vie communautaire, a offert un cadre privil\u00e9gi\u00e9 de pr\u00e9sentation et d\u2019\u00e9changes de v\u0153ux \u00e0 l\u2019occasion du nouvel an.<\/p>\n<p>Elle a \u00e9galement favoris\u00e9 le renforcement du dialogue entre citoyens et partenaires communautaires, dans un esprit d\u2019\u00e9coute, de concertation et de collaboration.<\/p>\n<p>La c\u00e9r\u00e9monie a connu une mobilisation remarquable, avec la pr\u00e9sence effective des autorit\u00e9s administratives, coutumi\u00e8res et religieuses de la commune, des Forces de d\u00e9fense et de s\u00e9curit\u00e9 (FDS), des Volontaires pour la d\u00e9fense de la patrie (VDP) ainsi que des dozos.<\/p>\n<p>Cette forte participation a traduit l\u2019attachement partag\u00e9 \u00e0 la paix, \u00e0 la coh\u00e9sion sociale et \u00e0 la consolidation des acquis en mati\u00e8re de s\u00e9curit\u00e9 et de stabilit\u00e9.<\/p>\n<p>Au-del\u00e0 du caract\u00e8re symbolique des v\u0153ux de nouvel an, les \u00e9changes ont permis de r\u00e9affirmer l\u2019engagement collectif des participants en faveur de la reconqu\u00eate et de la pr\u00e9servation des valeurs cardinales de la Nation, notamment l\u2019unit\u00e9, la confiance mutuelle et le vivre-ensemble.<\/p>\n<p>Les interventions ont soulign\u00e9 l\u2019importance d\u2019une synergie d\u2019actions entre les populations et les autorit\u00e9s afin de relever les d\u00e9fis actuels et de b\u00e2tir un avenir commun harmonieux.<\/p>\n<p>Il convient de saluer l\u2019implication soutenue du coordonnateur de la veille citoyenne de Bondoukuy, Tambo\u00e9 G\u00e9d\u00e9on, dont le leadership et l\u2019engagement, conjugu\u00e9s \u00e0 ceux de son \u00e9quipe, ont contribu\u00e9 \u00e0 la r\u00e9ussite de cette activit\u00e9.<\/p>\n<p>La soir\u00e9e s\u2019est ainsi d\u00e9roul\u00e9e dans une atmosph\u00e8re conviviale, empreinte d\u2019espoir et de responsabilit\u00e9 collective.<\/p>\n<p>Par cette initiative, la veille citoyenne de Bondoukuy r\u00e9affirme son r\u00f4le de catalyseur du dialogue communautaire et de la promotion de la paix, tout en appelant les populations \u00e0 demeurer unies et solidaires pour le d\u00e9veloppement et la stabilit\u00e9 durables de la commune.<\/p>\n<p><strong>Agence d\u2019information du Burkina<\/strong><\/p>\n<p><strong>TT\/SB\/HB\/OO<\/strong><\/p>\n","protected":false},"excerpt":{"rendered":"<p>BURKINA-MOUHOUN-BONDOKUY-CITOYENNETE-PARTAGE Mouhoun\/Coordination de la veille citoyenne de Bondokuy : Une soir\u00e9e de partage pour consolider la coh\u00e9sion et le vivre-ensemble Bondoukuy, 17 janv. 2026 (AIB)-Dans le cadre de ses actions de veille citoyenne et de promotion du vivre-ensemble, la coordination de la veille citoyenne de Bondoukuy a organis\u00e9, le samedi 17 janvier 2026, une soir\u00e9e [&hellip;]<\/p>\n","protected":false},"author":16,"featured_media":138053,"comment_status":"open","ping_status":"open","sticky":false,"template":"","format":"standard","meta":{"advanced_seo_description":"","jetpack_seo_html_title":"","jetpack_seo_noindex":false,"jetpack_post_was_ever_published":false,"footnotes":""},"categories":[43,173,789,93,203,97,40],"tags":[],"class_list":{"0":"post-138052","1":"post","2":"type-post","3":"status-publish","4":"format-standard","5":"has-post-thumbnail","7":"category-boucle-du-mouhoun","8":"category-depeches","9":"category-developpement","10":"category-flashinfos","11":"category-la-une-aib","12":"category-mouhoun","13":"category-regions"},"jetpack_featured_media_url":"https:\/\/i0.wp.com\/www.aib.media\/wp-content\/uploads\/2026\/01\/1-23.jpeg?fit=1016%2C762&ssl=1","jetpack_shortlink":"https:\/\/wp.me\/pavbHe-zUE","_links":{"self":[{"href":"https:\/\/www.aib.media\/index.php?rest_route=\/wp\/v2\/posts\/138052","targetHints":{"allow":["GET"]}}],"collection":[{"href":"https:\/\/www.aib.media\/index.php?rest_route=\/wp\/v2\/posts"}],"about":[{"href":"https:\/\/www.aib.media\/index.php?rest_route=\/wp\/v2\/types\/post"}],"author":[{"embeddable":true,"href":"https:\/\/www.aib.media\/index.php?rest_route=\/wp\/v2\/users\/16"}],"replies":[{"embeddable":true,"href":"https:\/\/www.aib.media\/index.php?rest_route=%2Fwp%2Fv2%2Fcomments&post=138052"}],"version-history":[{"count":0,"href":"https:\/\/www.aib.media\/index.php?rest_route=\/wp\/v2\/posts\/138052\/revisions"}],"wp:featuredmedia":[{"embeddable":true,"href":"https:\/\/www.aib.media\/index.php?rest_route=\/wp\/v2\/media\/138053"}],"wp:attachment":[{"href":"https:\/\/www.aib.media\/index.php?rest_route=%2Fwp%2Fv2%2Fmedia&parent=138052"}],"wp:term":[{"taxonomy":"category","embeddable":true,"href":"https:\/\/www.aib.media\/index.php?rest_route=%2Fwp%2Fv2%2Fcategories&post=138052"},{"taxonomy":"post_tag","embeddable":true,"href":"https:\/\/www.aib.media\/index.php?rest_route=%2Fwp%2Fv2%2Ftags&post=138052"}],"curies":[{"name":"wp","href":"https:\/\/api.w.org\/{rel}","templated":true}]}}