{"id":137943,"date":"2026-01-18T14:24:25","date_gmt":"2026-01-18T14:24:25","guid":{"rendered":"https:\/\/www.aib.media\/?p=137943"},"modified":"2026-01-18T14:25:10","modified_gmt":"2026-01-18T14:25:10","slug":"bogande-une-chaine-de-solidarite-pour-soutenir-les-forces-combattantes-et-les-populations-vulnerables","status":"publish","type":"post","link":"https:\/\/www.aib.media\/?p=137943","title":{"rendered":"Bogand\u00e9 : une cha\u00eene de solidarit\u00e9 pour soutenir les forces combattantes et les populations vuln\u00e9rables"},"content":{"rendered":"<p><strong>Bogand\u00e9 : une cha\u00eene de solidarit\u00e9 pour soutenir les forces combattantes et les populations vuln\u00e9rables<\/strong><\/p>\n<p><strong>Bogand\u00e9, 16 janv. 2026 (AIB)-La d\u00e9l\u00e9gation sp\u00e9ciale communale de Bogand\u00e9, en collaboration avec des donateurs connus et anonymes, a proc\u00e9d\u00e9, ce vendredi 16 janvier 2026, \u00e0 une importante remise de vivres et \u00e0 un soutien financier aux Forces de d\u00e9fense et de s\u00e9curit\u00e9 (FDS), aux Volontaires pour la d\u00e9fense de la patrie (VDP), ainsi qu\u2019aux personnes d\u00e9plac\u00e9es internes (PDI) et aux h\u00f4tes vuln\u00e9rables.<\/strong><\/p>\n<p>La commune urbaine de Bogand\u00e9 a vibr\u00e9 au rythme de la solidarit\u00e9 et de la reconnaissance \u00e0 l\u2019occasion d\u2019une c\u00e9r\u00e9monie officielle de remise de dons au profit des forces combattantes et des couches vuln\u00e9rables.<\/p>\n<p>Autorit\u00e9s administratives, militaires et paramilitaires, donateurs, b\u00e9n\u00e9ficiaires et invit\u00e9s ont pris part \u00e0 cette initiative hautement symbolique.<\/p>\n<p>Prenant la parole en premier, le pr\u00e9sident de la d\u00e9l\u00e9gation sp\u00e9ciale (PDS), Taugolo Par\u00e9, a salu\u00e9 l\u2019engagement et le sacrifice quotidiens des forces combattantes, avant de rappeler que la s\u00e9curit\u00e9 est l\u2019affaire de tous.<\/p>\n<p>Il a soulign\u00e9 que cette action traduit la volont\u00e9 des populations de soutenir concr\u00e8tement ceux qui se battent pour la d\u00e9fense de la patrie et la protection des citoyens.<\/p>\n<p>Au cours de la c\u00e9r\u00e9monie, plusieurs dons ont \u00e9t\u00e9 officiellement remis.<\/p>\n<p>La d\u00e9l\u00e9gation sp\u00e9ciale communale de Bogand\u00e9 a offert aux VDP 107 sacs de riz de 25 kg, 14 sacs de haricots de 50 kg, 72 bidons d\u2019huile de 5 litres, trois cartons de cubes Maggi et huit cartons de bo\u00eetes de tomate de 180 g.<\/p>\n<p>\u00c0 cela s\u2019ajoutent 100 sacs de ma\u00efs de 50 kg destin\u00e9s aux PDI et aux h\u00f4tes vuln\u00e9rables.<\/p>\n<p>Un donateur ayant requis l\u2019anonymat a contribu\u00e9 avec sept sacs de haricots de 100 kg et un bidon d\u2019huile au profit des VDP.<\/p>\n<p>Pour sa part, le tradipraticien Dabourgou Dari a remis dix sacs de riz de 50 kg aux VDP.<\/p>\n<p>Un autre geste fort est venu d\u2019un orpailleur, Lankoand\u00e9 Tiana B\u00e9b\u00e9, originaire du village de Kossougoudou, qui a offert une tonne de riz aux FDS et aux VDP.<\/p>\n<p>Les promoteurs du festival Tintaani de la Sirba ont, quant \u00e0 eux, remis une enveloppe de 200 000 FCFA pour soutenir les forces combattantes.<\/p>\n<p>Exprimant sa reconnaissance, le pr\u00e9fet de Bogand\u00e9, Taugolo Par\u00e9, a salu\u00e9 la solidarit\u00e9 agissante des populations et des donateurs, qu\u2019il a qualifi\u00e9e de pilier essentiel dans le contexte actuel. Il a encourag\u00e9 la poursuite de telles initiatives citoyennes.<\/p>\n<p>&nbsp;<\/p>\n<p>Le secr\u00e9taire g\u00e9n\u00e9ral de la province de la Gnagna, Moussa Soma, a \u00e9galement remerci\u00e9 l\u2019ensemble des donateurs et f\u00e9licit\u00e9 la mairie pour cette initiative.<\/p>\n<p>&nbsp;<\/p>\n<p>Il a insist\u00e9 sur la n\u00e9cessit\u00e9 pour les communaut\u00e9s de \u00ab se prendre en charge par la solidarit\u00e9 \u00bb, estimant que, m\u00eame symbolique, ce geste est porteur d\u2019un message fort de coh\u00e9sion nationale.<\/p>\n<p>Il a par ailleurs eu une pens\u00e9e particuli\u00e8re pour les femmes courageuses, notamment celles ayant perdu leurs \u00e9poux dans la crise s\u00e9curitaire, les exhortant \u00e0 garder espoir et r\u00e9silience.<\/p>\n<p><strong>Agence d\u2019Information du Burkina<\/strong><\/p>\n","protected":false},"excerpt":{"rendered":"<p>Bogand\u00e9 : une cha\u00eene de solidarit\u00e9 pour soutenir les forces combattantes et les populations vuln\u00e9rables Bogand\u00e9, 16 janv. 2026 (AIB)-La d\u00e9l\u00e9gation sp\u00e9ciale communale de Bogand\u00e9, en collaboration avec des donateurs connus et anonymes, a proc\u00e9d\u00e9, ce vendredi 16 janvier 2026, \u00e0 une importante remise de vivres et \u00e0 un soutien financier aux Forces de d\u00e9fense [&hellip;]<\/p>\n","protected":false},"author":16,"featured_media":137945,"comment_status":"open","ping_status":"open","sticky":false,"template":"","format":"standard","meta":{"advanced_seo_description":"","jetpack_seo_html_title":"","jetpack_seo_noindex":false,"jetpack_post_was_ever_published":false,"footnotes":""},"categories":[173,49,93,116,203,40,36],"tags":[],"class_list":{"0":"post-137943","1":"post","2":"type-post","3":"status-publish","4":"format-standard","5":"has-post-thumbnail","7":"category-depeches","8":"category-est","9":"category-flashinfos","10":"category-gnagna","11":"category-la-une-aib","12":"category-regions","13":"category-societe"},"jetpack_featured_media_url":"https:\/\/i0.wp.com\/www.aib.media\/wp-content\/uploads\/2026\/01\/IMG-20260118-WA00421.jpg?fit=1080%2C474&ssl=1","jetpack_shortlink":"https:\/\/wp.me\/pavbHe-zST","_links":{"self":[{"href":"https:\/\/www.aib.media\/index.php?rest_route=\/wp\/v2\/posts\/137943","targetHints":{"allow":["GET"]}}],"collection":[{"href":"https:\/\/www.aib.media\/index.php?rest_route=\/wp\/v2\/posts"}],"about":[{"href":"https:\/\/www.aib.media\/index.php?rest_route=\/wp\/v2\/types\/post"}],"author":[{"embeddable":true,"href":"https:\/\/www.aib.media\/index.php?rest_route=\/wp\/v2\/users\/16"}],"replies":[{"embeddable":true,"href":"https:\/\/www.aib.media\/index.php?rest_route=%2Fwp%2Fv2%2Fcomments&post=137943"}],"version-history":[{"count":0,"href":"https:\/\/www.aib.media\/index.php?rest_route=\/wp\/v2\/posts\/137943\/revisions"}],"wp:featuredmedia":[{"embeddable":true,"href":"https:\/\/www.aib.media\/index.php?rest_route=\/wp\/v2\/media\/137945"}],"wp:attachment":[{"href":"https:\/\/www.aib.media\/index.php?rest_route=%2Fwp%2Fv2%2Fmedia&parent=137943"}],"wp:term":[{"taxonomy":"category","embeddable":true,"href":"https:\/\/www.aib.media\/index.php?rest_route=%2Fwp%2Fv2%2Fcategories&post=137943"},{"taxonomy":"post_tag","embeddable":true,"href":"https:\/\/www.aib.media\/index.php?rest_route=%2Fwp%2Fv2%2Ftags&post=137943"}],"curies":[{"name":"wp","href":"https:\/\/api.w.org\/{rel}","templated":true}]}}