{"id":137853,"date":"2026-01-16T20:54:09","date_gmt":"2026-01-16T20:54:09","guid":{"rendered":"https:\/\/www.aib.media\/?p=137853"},"modified":"2026-01-16T20:54:09","modified_gmt":"2026-01-16T20:54:09","slug":"tannounyan-solidarite-le-gouverneur-partage-un-repas-communautaire-avec-les-personnes-vulnerables","status":"publish","type":"post","link":"https:\/\/www.aib.media\/?p=137853","title":{"rendered":"Tannounyan\/Solidarit\u00e9 : Le Gouverneur partage un repas communautaire avec les personnes vuln\u00e9rables\u00a0"},"content":{"rendered":"<p>Burkina-Tannounyan-Banfora-D\u00e8m\u00e8 Sira-Solidarit\u00e9-Repas-Communautaire<\/p>\n<p><strong>Tannounyan\/Solidarit\u00e9 : Le Gouverneur partage un repas communautaire avec les personnes vuln\u00e9rables\u00a0<\/strong><\/p>\n<p><strong>Banfora, 16 janvier 2025, (AIB) &#8211; Le Gouverneur de la r\u00e9gion des Tannounyan, Patrice Y\u00e9y\u00e9, a partag\u00e9 ce jeudi \u00e0 Banfora, un repas communautaire avec les personnes vuln\u00e9rables de la r\u00e9gion. Cette initiative s\u2019inscrit dans le cadre de la campagne \u2018\u2019D\u00e8m\u00e8 Sira\u2019\u2019 ou encore la solidarit\u00e9, lanc\u00e9e le 19 novembre 2025 dans la r\u00e9gion des Tannounyan.\u00a0<\/strong><\/p>\n<p>Avant ce moment de communion, le Gouverneur a effectu\u00e9 une tourn\u00e9e de visite dans certains centres d\u2019accueil et de prise en charge des personnes d\u00e9favoris\u00e9es et en situation de handicap. A l\u2019issue de ces visites, les autorit\u00e9s administratives, conduites par le Gouverneur, ont tenu \u00e0 marquer leur engagement et leur solidarit\u00e9 en partageant le repas communautaire avec les personnes vuln\u00e9rables.<\/p>\n<p>Pour M. Y\u00e9y\u00e9, ce geste va bien au-del\u00e0 d\u2019une simple formalit\u00e9. Ce repas est hautement symbolique. C\u2019est un appel que nous lan\u00e7ons \u00e0 toutes les filles et \u00e0 tous les fils de la r\u00e9gion afin qu\u2019ils fassent de la solidarit\u00e9 un v\u00e9ritable mode de vie, a-t-il expliqu\u00e9. Il a rappel\u00e9 que le partage a toujours constitu\u00e9 un puissant levier de coh\u00e9sion sociale entre les anc\u00eatres, tout en d\u00e9plorant la mont\u00e9e de l\u2019individualisme dans la soci\u00e9t\u00e9 actuelle.<\/p>\n<p>Selon lui, c\u2019est pour rompre avec cette d\u00e9rive que le Pr\u00e9sident du Faso, le Capitaine Ibrahim Traor\u00e9, a jug\u00e9 n\u00e9cessaire d\u2019initier la campagne \u2018\u2019D\u00e8m\u00e8 Sira\u2019\u2019, dont le lancement a \u00e9t\u00e9 fait en novembre 2025.<\/p>\n<p>Il a ainsi exhort\u00e9 les populations des Tannounyan \u00e0 cultiver la solidarit\u00e9 et le partage. Que ceux qui ont, donnent \u00e0 ceux qui sont dans le besoin. C\u2019est \u00e0 ce prix que nous b\u00e2tirons un Burkina solidaire. Nous ne devons laisser personne sur le carreau, nous devons avancer ensemble, a-t-il insist\u00e9, appelant \u00e0 la coh\u00e9sion nationale.<\/p>\n<p>La Directrice r\u00e9gionale en charge de l\u2019action humanitaire a exprim\u00e9 sa reconnaissance au Gouverneur et \u00e0 sa d\u00e9l\u00e9gation pour cet acte fort. Elle a soulign\u00e9 l\u2019\u00e9motion et la satisfaction des personnes vuln\u00e9rables de voir les autorit\u00e9s partager le m\u00eame repas qu\u2019elles, dans un esprit d\u2019\u00e9galit\u00e9 et de fraternit\u00e9. Elle a \u00e9galement salu\u00e9 les centres d\u2019accueil pour leur mobilisation r\u00e9ussie des personnes vuln\u00e9rables autour de ce repas communautaire.<\/p>\n<p>La Directrice r\u00e9gionale a invit\u00e9 l\u2019ensemble des populations \u00e0 apporter leur contribution \u00e0 la campagne \u2018\u2019D\u00e8m\u00e8 Sira\u2019\u2019, qui se poursuit jusqu\u2019au 30 janvier 2026, afin de renforcer la solidarit\u00e9 et l\u2019entraide au sein de la r\u00e9gion des Tannounyan.<\/p>\n<p><strong>Agence d\u2019information du Burkina<\/strong><\/p>\n<p><strong>JPY-dnk<\/strong><\/p>\n","protected":false},"excerpt":{"rendered":"<p>Burkina-Tannounyan-Banfora-D\u00e8m\u00e8 Sira-Solidarit\u00e9-Repas-Communautaire Tannounyan\/Solidarit\u00e9 : Le Gouverneur partage un repas communautaire avec les personnes vuln\u00e9rables\u00a0 Banfora, 16 janvier 2025, (AIB) &#8211; Le Gouverneur de la r\u00e9gion des Tannounyan, Patrice Y\u00e9y\u00e9, a partag\u00e9 ce jeudi \u00e0 Banfora, un repas communautaire avec les personnes vuln\u00e9rables de la r\u00e9gion. Cette initiative s\u2019inscrit dans le cadre de la campagne \u2018\u2019D\u00e8m\u00e8 [&hellip;]<\/p>\n","protected":false},"author":16,"featured_media":137854,"comment_status":"open","ping_status":"open","sticky":false,"template":"","format":"standard","meta":{"advanced_seo_description":"","jetpack_seo_html_title":"","jetpack_seo_noindex":false,"jetpack_post_was_ever_published":false,"footnotes":""},"categories":[44,100,173,93,203,40,36],"tags":[],"class_list":{"0":"post-137853","1":"post","2":"type-post","3":"status-publish","4":"format-standard","5":"has-post-thumbnail","7":"category-cascade","8":"category-comoe","9":"category-depeches","10":"category-flashinfos","11":"category-la-une-aib","12":"category-regions","13":"category-societe"},"jetpack_featured_media_url":"https:\/\/i0.wp.com\/www.aib.media\/wp-content\/uploads\/2026\/01\/IMG-20260116-WA0094.jpg?fit=992%2C744&ssl=1","jetpack_shortlink":"https:\/\/wp.me\/pavbHe-zRr","_links":{"self":[{"href":"https:\/\/www.aib.media\/index.php?rest_route=\/wp\/v2\/posts\/137853","targetHints":{"allow":["GET"]}}],"collection":[{"href":"https:\/\/www.aib.media\/index.php?rest_route=\/wp\/v2\/posts"}],"about":[{"href":"https:\/\/www.aib.media\/index.php?rest_route=\/wp\/v2\/types\/post"}],"author":[{"embeddable":true,"href":"https:\/\/www.aib.media\/index.php?rest_route=\/wp\/v2\/users\/16"}],"replies":[{"embeddable":true,"href":"https:\/\/www.aib.media\/index.php?rest_route=%2Fwp%2Fv2%2Fcomments&post=137853"}],"version-history":[{"count":0,"href":"https:\/\/www.aib.media\/index.php?rest_route=\/wp\/v2\/posts\/137853\/revisions"}],"wp:featuredmedia":[{"embeddable":true,"href":"https:\/\/www.aib.media\/index.php?rest_route=\/wp\/v2\/media\/137854"}],"wp:attachment":[{"href":"https:\/\/www.aib.media\/index.php?rest_route=%2Fwp%2Fv2%2Fmedia&parent=137853"}],"wp:term":[{"taxonomy":"category","embeddable":true,"href":"https:\/\/www.aib.media\/index.php?rest_route=%2Fwp%2Fv2%2Fcategories&post=137853"},{"taxonomy":"post_tag","embeddable":true,"href":"https:\/\/www.aib.media\/index.php?rest_route=%2Fwp%2Fv2%2Ftags&post=137853"}],"curies":[{"name":"wp","href":"https:\/\/api.w.org\/{rel}","templated":true}]}}