{"id":137810,"date":"2026-01-16T15:18:01","date_gmt":"2026-01-16T15:18:01","guid":{"rendered":"https:\/\/www.aib.media\/?p=137810"},"modified":"2026-01-16T15:18:01","modified_gmt":"2026-01-16T15:18:01","slug":"sapouy-ziro-la-jeunesse-scolaire-appelee-a-raviver-la-flamme-civique-et-patriotique","status":"publish","type":"post","link":"https:\/\/www.aib.media\/?p=137810","title":{"rendered":"Sapouy\/Ziro : la jeunesse scolaire appel\u00e9e \u00e0 raviver la flamme civique et patriotique"},"content":{"rendered":"<p><strong>Sapouy\/Ziro : la jeunesse scolaire appel\u00e9e \u00e0 raviver la flamme civique et patriotique<\/strong><\/p>\n<p><strong>Sapouy, 15 janvier 2026 (AIB)-Le lyc\u00e9e provincial de Sapouy a servi de cadre, ce jeudi, au lancement officiel des activit\u00e9s de l\u2019Encadrement civique et patriotique (ECP), une initiative gouvernementale visant \u00e0 renforcer les valeurs citoyennes et patriotiques chez les \u00e9l\u00e8ves.<\/strong><\/p>\n<p>La c\u00e9r\u00e9monie a \u00e9t\u00e9 pr\u00e9sid\u00e9e par le haut-commissaire de la province du Ziro, Sa\u00efba Zorom\u00e9, en pr\u00e9sence du pr\u00e9sident de la d\u00e9l\u00e9gation sp\u00e9ciale (PDS) de la commune de Sapouy, d\u2019autorit\u00e9s administratives provinciales et de plusieurs chefs de services.<\/p>\n<p>Dans son mot de bienvenue, le directeur provincial de l\u2019Enseignement secondaire, de la Formation professionnelle et technique du Ziro a salu\u00e9 la mise en \u0153uvre de ce programme novateur et formul\u00e9 des v\u0153ux de plein succ\u00e8s \u00e0 l\u2019Encadrement civique et patriotique.<\/p>\n<p>Il a, par ailleurs, invit\u00e9 les \u00e9l\u00e8ves b\u00e9n\u00e9ficiaires \u00e0 s\u2019approprier pleinement les valeurs de civisme, de patriotisme et de responsabilit\u00e9 citoyenne qui leur seront inculqu\u00e9es au cours de cette p\u00e9riode.<\/p>\n<p>Prenant la parole, le haut-commissaire Sa\u00efba Zorom\u00e9 a replac\u00e9 l\u2019initiative dans son contexte national, rappelant que depuis plus d\u2019une d\u00e9cennie, le Burkina Faso est confront\u00e9 \u00e0 une crise socio-\u00e9conomique li\u00e9e \u00e0 l\u2019ins\u00e9curit\u00e9, laquelle a contribu\u00e9 \u00e0 l\u2019\u00e9rosion des valeurs civiques et patriotiques.<\/p>\n<p>Face \u00e0 cette situation, a-t-il expliqu\u00e9, les plus hautes autorit\u00e9s du pays, sous l\u2019impulsion du Pr\u00e9sident du Faso, le capitaine Ibrahim Traor\u00e9, ont engag\u00e9 plusieurs actions fortes, notamment l\u2019instauration des Journ\u00e9es nationales d\u2019engagement patriotique et de participation citoyenne ainsi que l\u2019immersion patriotique des \u00e9l\u00e8ves.<\/p>\n<p>Au regard des r\u00e9sultats encourageants enregistr\u00e9s, le gouvernement a d\u00e9cid\u00e9 d\u2019aller plus loin avec la mise en \u0153uvre de l\u2019Encadrement civique et patriotique au profit des \u00e9l\u00e8ves des classes interm\u00e9diaires.<\/p>\n<p>L\u2019objectif est de consolider le civisme, la discipline, la coh\u00e9sion sociale et le vivre-ensemble au sein de la jeunesse scolaire.<\/p>\n<p>Selon le haut-commissaire, l\u2019ECP se d\u00e9roulera sur une dur\u00e9e de cinq semaines, directement dans les \u00e9tablissements scolaires, \u00e0 travers une combinaison d\u2019enseignements th\u00e9oriques et d\u2019exercices pratiques, avec l\u2019appui des Forces de d\u00e9fense et de s\u00e9curit\u00e9 (FDS) et des acteurs du syst\u00e8me \u00e9ducatif.<\/p>\n<p>M. Zorom\u00e9 a salu\u00e9 l\u2019engagement des enseignants et des FDS pour leur contribution \u00e0 la r\u00e9ussite de cette phase pilote, avant d\u2019exhorter les \u00e9l\u00e8ves \u00e0 mesurer toute la port\u00e9e de cette opportunit\u00e9.<\/p>\n<p>\u00ab C\u2019est une chance pour vous d\u2019\u00eatre la premi\u00e8re promotion de l\u2019Encadrement civique et patriotique. Nous comptons sur vous \u00bb, a-t-il d\u00e9clar\u00e9, se disant convaincu \u00ab qu\u2019il y a un lendemain meilleur pour le Burkina Faso \u00bb.<\/p>\n<p>\u00c0 noter que cette phase pilote de l\u2019Encadrement civique et patriotique concerne 17 \u00e9tablissements scolaires, pour un effectif total de 6 039 \u00e9l\u00e8ves, r\u00e9partis sur 15 sites \u00e0 travers la province du Ziro.<\/p>\n<p style=\"text-align: center\"><strong>Agence d\u2019Information du Burkina (AIB)<\/strong><br \/>\n<strong>SN\/ak<\/strong><\/p>\n","protected":false},"excerpt":{"rendered":"<p>Sapouy\/Ziro : la jeunesse scolaire appel\u00e9e \u00e0 raviver la flamme civique et patriotique Sapouy, 15 janvier 2026 (AIB)-Le lyc\u00e9e provincial de Sapouy a servi de cadre, ce jeudi, au lancement officiel des activit\u00e9s de l\u2019Encadrement civique et patriotique (ECP), une initiative gouvernementale visant \u00e0 renforcer les valeurs citoyennes et patriotiques chez les \u00e9l\u00e8ves. La c\u00e9r\u00e9monie [&hellip;]<\/p>\n","protected":false},"author":15,"featured_media":137811,"comment_status":"open","ping_status":"open","sticky":false,"template":"","format":"standard","meta":{"advanced_seo_description":"","jetpack_seo_html_title":"","jetpack_seo_noindex":false,"jetpack_post_was_ever_published":false,"footnotes":""},"categories":[173,93,203,112],"tags":[],"class_list":{"0":"post-137810","1":"post","2":"type-post","3":"status-publish","4":"format-standard","5":"has-post-thumbnail","7":"category-depeches","8":"category-flashinfos","9":"category-la-une-aib","10":"category-ziro"},"jetpack_featured_media_url":"https:\/\/i0.wp.com\/www.aib.media\/wp-content\/uploads\/2026\/01\/IMG-20260116-WA0091.jpg?fit=1280%2C963&ssl=1","jetpack_shortlink":"https:\/\/wp.me\/pavbHe-zQK","_links":{"self":[{"href":"https:\/\/www.aib.media\/index.php?rest_route=\/wp\/v2\/posts\/137810","targetHints":{"allow":["GET"]}}],"collection":[{"href":"https:\/\/www.aib.media\/index.php?rest_route=\/wp\/v2\/posts"}],"about":[{"href":"https:\/\/www.aib.media\/index.php?rest_route=\/wp\/v2\/types\/post"}],"author":[{"embeddable":true,"href":"https:\/\/www.aib.media\/index.php?rest_route=\/wp\/v2\/users\/15"}],"replies":[{"embeddable":true,"href":"https:\/\/www.aib.media\/index.php?rest_route=%2Fwp%2Fv2%2Fcomments&post=137810"}],"version-history":[{"count":0,"href":"https:\/\/www.aib.media\/index.php?rest_route=\/wp\/v2\/posts\/137810\/revisions"}],"wp:featuredmedia":[{"embeddable":true,"href":"https:\/\/www.aib.media\/index.php?rest_route=\/wp\/v2\/media\/137811"}],"wp:attachment":[{"href":"https:\/\/www.aib.media\/index.php?rest_route=%2Fwp%2Fv2%2Fmedia&parent=137810"}],"wp:term":[{"taxonomy":"category","embeddable":true,"href":"https:\/\/www.aib.media\/index.php?rest_route=%2Fwp%2Fv2%2Fcategories&post=137810"},{"taxonomy":"post_tag","embeddable":true,"href":"https:\/\/www.aib.media\/index.php?rest_route=%2Fwp%2Fv2%2Ftags&post=137810"}],"curies":[{"name":"wp","href":"https:\/\/api.w.org\/{rel}","templated":true}]}}