{"id":137659,"date":"2026-01-14T13:28:17","date_gmt":"2026-01-14T13:28:17","guid":{"rendered":"https:\/\/www.aib.media\/?p=137659"},"modified":"2026-01-14T13:28:17","modified_gmt":"2026-01-14T13:28:17","slug":"zondoma-le-haut-commissaire-encourage-les-force-vives-a-etre-des-acteurs-veritables-pour-la-revolution","status":"publish","type":"post","link":"https:\/\/www.aib.media\/?p=137659","title":{"rendered":"Zondoma\/ Le haut-commissaire encourage les force vives \u00e0 \u00eatre des acteurs v\u00e9ritables pour la R\u00e9volution."},"content":{"rendered":"<p>BURKINA\/ZONDOMA-MONTEE-COULEURS<\/p>\n<p><strong>Zondoma\/ Le haut-commissaire encourage les force vives \u00e0 \u00eatre des acteurs v\u00e9ritables pour la R\u00e9volution.<\/strong><\/p>\n<p><strong>Gourcy, 12 janv. 2026 (AIB)- La c\u00e9r\u00e9monie solennelle de mont\u00e9e des couleurs du mois de janvier s\u2019est d\u00e9roul\u00e9e, le lundi 12 janvier 2026, au haut-commissariat de Gourcy. Dans son message, le haut-commissaire Aboubacar Sidiki Nab\u00e9 a invit\u00e9 les populations \u00e0 \u00eatre des acteurs et non des spectateurs pour la R\u00e9volution en marche dans notre pays.<\/strong><\/p>\n<p>Le haut-commissaire Aboubacar Sidiki Nab\u00e9 a pr\u00e9sid\u00e9, le lundi 12 janvier 2026, la premi\u00e8re c\u00e9r\u00e9monie de mont\u00e9e des couleurs de l\u2019ann\u00e9e qui a eu lieu au haut-commissariat de Gourcy. Dans son allocution il est revenu sur l\u2019importance de cette activit\u00e9 qui, selon lui, est un signe de l\u2019engagement patriotique de chaque citoyen.<\/p>\n<p>Reconnaissant que l\u2019ann\u00e9e pr\u00e9c\u00e9dente n\u2019a pas \u00e9t\u00e9 de tout repos, le haut-commissaire a souhait\u00e9 que 2026 soit l\u2019ann\u00e9e de la victoire de nos FDS sur l\u2019ennemi. \u00ab 2025 a \u00e9t\u00e9 marqu\u00e9e par une acc\u00e9l\u00e9ration de notre \u00e9conomie orient\u00e9e vers la souverainet\u00e9 nationale ce qui a permis d\u2019atteindre des seuils historiques d\u2019autonomie financi\u00e8re \u00bb, a-t-il rappel\u00e9.<\/p>\n<p>A cela s\u2019ajoute la mise en \u0153uvre des initiatives de d\u00e9veloppement qui ont permis entre autres d\u2019atteindre l\u2019autosuffisance alimentaire. Pour accompagner cette dynamique, le premier responsable de la province a invit\u00e9 les forces vives \u00e0 renforcer leurs engagements pour la r\u00e9ussite de la r\u00e9volution qui selon lui est aujourd\u2019hui un mod\u00e8le qu\u2019il faut pr\u00e9server. \u00ab Chacun doit \u00eatre acteur et non spectateur de la r\u00e9volution \u00bb Dira-t-il. Tout en f\u00e9licitant les acteurs pour l\u2019engagement et la r\u00e9silience dont ils ont fait preuve, il les a exhort\u00e9s \u00e0 maintenir le cap pour 2026 qui sera une ann\u00e9e de \u2018\u2019chalenges\u2019\u2019.<\/p>\n<p style=\"text-align: center\"><strong>Agence d\u2019information du Burkina<\/strong><br \/>\n<strong>AK-dnk<\/strong><\/p>\n","protected":false},"excerpt":{"rendered":"<p>BURKINA\/ZONDOMA-MONTEE-COULEURS Zondoma\/ Le haut-commissaire encourage les force vives \u00e0 \u00eatre des acteurs v\u00e9ritables pour la R\u00e9volution. Gourcy, 12 janv. 2026 (AIB)- La c\u00e9r\u00e9monie solennelle de mont\u00e9e des couleurs du mois de janvier s\u2019est d\u00e9roul\u00e9e, le lundi 12 janvier 2026, au haut-commissariat de Gourcy. Dans son message, le haut-commissaire Aboubacar Sidiki Nab\u00e9 a invit\u00e9 les populations [&hellip;]<\/p>\n","protected":false},"author":15,"featured_media":137660,"comment_status":"open","ping_status":"open","sticky":false,"template":"","format":"standard","meta":{"advanced_seo_description":"","jetpack_seo_html_title":"","jetpack_seo_noindex":false,"jetpack_post_was_ever_published":false,"footnotes":""},"categories":[173,93,203,127],"tags":[],"class_list":{"0":"post-137659","1":"post","2":"type-post","3":"status-publish","4":"format-standard","5":"has-post-thumbnail","7":"category-depeches","8":"category-flashinfos","9":"category-la-une-aib","10":"category-zondoma"},"jetpack_featured_media_url":"https:\/\/i0.wp.com\/www.aib.media\/wp-content\/uploads\/2026\/01\/IMG-20260114-WA0030.jpg?fit=1080%2C641&ssl=1","jetpack_shortlink":"https:\/\/wp.me\/pavbHe-zOj","_links":{"self":[{"href":"https:\/\/www.aib.media\/index.php?rest_route=\/wp\/v2\/posts\/137659","targetHints":{"allow":["GET"]}}],"collection":[{"href":"https:\/\/www.aib.media\/index.php?rest_route=\/wp\/v2\/posts"}],"about":[{"href":"https:\/\/www.aib.media\/index.php?rest_route=\/wp\/v2\/types\/post"}],"author":[{"embeddable":true,"href":"https:\/\/www.aib.media\/index.php?rest_route=\/wp\/v2\/users\/15"}],"replies":[{"embeddable":true,"href":"https:\/\/www.aib.media\/index.php?rest_route=%2Fwp%2Fv2%2Fcomments&post=137659"}],"version-history":[{"count":0,"href":"https:\/\/www.aib.media\/index.php?rest_route=\/wp\/v2\/posts\/137659\/revisions"}],"wp:featuredmedia":[{"embeddable":true,"href":"https:\/\/www.aib.media\/index.php?rest_route=\/wp\/v2\/media\/137660"}],"wp:attachment":[{"href":"https:\/\/www.aib.media\/index.php?rest_route=%2Fwp%2Fv2%2Fmedia&parent=137659"}],"wp:term":[{"taxonomy":"category","embeddable":true,"href":"https:\/\/www.aib.media\/index.php?rest_route=%2Fwp%2Fv2%2Fcategories&post=137659"},{"taxonomy":"post_tag","embeddable":true,"href":"https:\/\/www.aib.media\/index.php?rest_route=%2Fwp%2Fv2%2Ftags&post=137659"}],"curies":[{"name":"wp","href":"https:\/\/api.w.org\/{rel}","templated":true}]}}