{"id":137430,"date":"2026-01-12T10:57:29","date_gmt":"2026-01-12T10:57:29","guid":{"rendered":"https:\/\/www.aib.media\/?p=137430"},"modified":"2026-01-12T10:57:29","modified_gmt":"2026-01-12T10:57:29","slug":"zoundweogo-les-cdej-du-cluster-de-manga-celebrent-la-fete-de-noel-des-enfants","status":"publish","type":"post","link":"https:\/\/www.aib.media\/?p=137430","title":{"rendered":"Zoundw\u00e9ogo : les CDEJ du cluster de Manga c\u00e9l\u00e8brent la f\u00eate de No\u00ebl des enfants"},"content":{"rendered":"<p>Burkina-Zoundw\u00e9ogo-C\u00e9l\u00e9bration-Noel-<\/p>\n<p><strong>Zoundw\u00e9ogo : les CDEJ du cluster de Manga c\u00e9l\u00e8brent la f\u00eate de No\u00ebl des enfants<\/strong><\/p>\n<p>Manga, 10 janv. 2026 (AIB)- La place de la Nation de Manga a abrit\u00e9, le samedi 10 janvier 2026, la c\u00e9l\u00e9bration de la f\u00eate de No\u00ebl des enfants des Centres de D\u00e9veloppement pour Enfants et Jeunes (CDEJ) du cluster de Manga. L\u2019activit\u00e9 a \u00e9t\u00e9 organis\u00e9e par Compassion Internationale Burkina Faso, en collaboration avec les \u00e9glises partenaires et les services de l\u2019action humanitaire.<\/p>\n<p>La c\u00e9r\u00e9monie, pr\u00e9sid\u00e9e par la Secr\u00e9taire g\u00e9n\u00e9rale de la province du Zoundw\u00e9ogo, Haoua Ou\u00e9draogo, repr\u00e9sentant le Haut-Commissaire, a \u00e9t\u00e9 marqu\u00e9e par des allocutions, des prestations musicales, une exhortation, un temps de pri\u00e8re pour la Nation ainsi que la remise symbolique de vivres \u00e0 la Direction provinciale en charge de l\u2019action humanitaire.<\/p>\n<p>Dans son discours, la Secr\u00e9taire g\u00e9n\u00e9rale a salu\u00e9 l\u2019initiative des organisateurs qui, selon elle, contribue au renforcement de la coh\u00e9sion sociale et du vivre-ensemble \u00e0 travers l\u2019encadrement et l\u2019\u00e9ducation des enfants. Elle a rappel\u00e9 que \u00ab No\u00ebl est un moment de partage, d\u2019esp\u00e9rance et d\u2019amour \u00bb, tout en exhortant les enfants \u00e0 aimer l\u2019\u00e9cole, \u00e0 respecter leurs parents et leurs \u00e9ducateurs. Elle a \u00e9galement remerci\u00e9 les leaders eccl\u00e9siastiques pour les pri\u00e8res faites pour le retour de la paix au Burkina Faso.<\/p>\n<p>Prenant la parole au nom du Directeur national de Compassion Internationale Burkina Faso, le facilitateur de partenariat a indiqu\u00e9 que la mission de Compassion est de \u00ab lib\u00e9rer les enfants de la pauvret\u00e9 au nom de J\u00e9sus-Christ \u00bb, \u00e0 travers un accompagnement spirituel et des actions concr\u00e8tes men\u00e9es en partenariat avec les \u00e9glises, les communaut\u00e9s et les autorit\u00e9s. Il a soulign\u00e9 que chaque enfant compte et m\u00e9rite d\u2019\u00eatre aim\u00e9, prot\u00e9g\u00e9 et valoris\u00e9.<\/p>\n<p>Environ 176 enfants issus de 11 CDEJ et de la communaut\u00e9 ont pris part \u00e0 cette c\u00e9l\u00e9bration, qui se voulait \u00e9galement un cadre de sensibilisation aux valeurs de solidarit\u00e9, de fraternit\u00e9 et de paix.<\/p>\n<p>Parmi les b\u00e9n\u00e9ficiaires, Yasmine Ouanga, du CDEJ BF0170 \u00ab Barkbiiga\u00bb de Manga, a dit \u00eatre satisfaite de sa participation \u00e0 cette c\u00e9l\u00e9bration et a exprim\u00e9 sa reconnaissance aux animateurs. \u00ab Je dis merci aux tontons qui nous encadrent et \u00e0 nos monitrices \u00bb, a-t-elle d\u00e9clar\u00e9.<\/p>\n<p>Selon le Pr\u00e9sident provincial de la F\u00e9d\u00e9ration des \u00c9glises et Missions \u00c9vang\u00e9liques (FEME), Emmanuel Kafando, cette initiative m\u00e9rite d\u2019\u00eatre salu\u00e9e.<\/p>\n<p>\u00ab Je voudrais adresser mes sinc\u00e8res remerciements aux organisateurs, notamment Compassion Internationale, aux \u00e9glises partenaires du cluster de Manga, ainsi qu\u2019aux autorit\u00e9s administratives pr\u00e9sentes pour leur accompagnement constant \u00bb, a-t-il indiqu\u00e9.<\/p>\n<p>Agence d\u2019Information du Burkina<br \/>\nBGB\/bbp<\/p>\n","protected":false},"excerpt":{"rendered":"<p>Burkina-Zoundw\u00e9ogo-C\u00e9l\u00e9bration-Noel- Zoundw\u00e9ogo : les CDEJ du cluster de Manga c\u00e9l\u00e8brent la f\u00eate de No\u00ebl des enfants Manga, 10 janv. 2026 (AIB)- La place de la Nation de Manga a abrit\u00e9, le samedi 10 janvier 2026, la c\u00e9l\u00e9bration de la f\u00eate de No\u00ebl des enfants des Centres de D\u00e9veloppement pour Enfants et Jeunes (CDEJ) du cluster [&hellip;]<\/p>\n","protected":false},"author":10,"featured_media":137431,"comment_status":"open","ping_status":"open","sticky":false,"template":"","format":"standard","meta":{"advanced_seo_description":"","jetpack_seo_html_title":"","jetpack_seo_noindex":false,"jetpack_post_was_ever_published":false,"footnotes":""},"categories":[113,48,173,789,37,93,203,114,38,115],"tags":[],"class_list":{"0":"post-137430","1":"post","2":"type-post","3":"status-publish","4":"format-standard","5":"has-post-thumbnail","7":"category-bazega","8":"category-centre-sud","9":"category-depeches","10":"category-developpement","11":"category-economie","12":"category-flashinfos","13":"category-la-une-aib","14":"category-nahouri","15":"category-politique","16":"category-zoundwego"},"jetpack_featured_media_url":"https:\/\/i0.wp.com\/www.aib.media\/wp-content\/uploads\/2026\/01\/FB_IMG_1768215426790.jpg?fit=1600%2C1066&ssl=1","jetpack_shortlink":"https:\/\/wp.me\/pavbHe-zKC","_links":{"self":[{"href":"https:\/\/www.aib.media\/index.php?rest_route=\/wp\/v2\/posts\/137430","targetHints":{"allow":["GET"]}}],"collection":[{"href":"https:\/\/www.aib.media\/index.php?rest_route=\/wp\/v2\/posts"}],"about":[{"href":"https:\/\/www.aib.media\/index.php?rest_route=\/wp\/v2\/types\/post"}],"author":[{"embeddable":true,"href":"https:\/\/www.aib.media\/index.php?rest_route=\/wp\/v2\/users\/10"}],"replies":[{"embeddable":true,"href":"https:\/\/www.aib.media\/index.php?rest_route=%2Fwp%2Fv2%2Fcomments&post=137430"}],"version-history":[{"count":0,"href":"https:\/\/www.aib.media\/index.php?rest_route=\/wp\/v2\/posts\/137430\/revisions"}],"wp:featuredmedia":[{"embeddable":true,"href":"https:\/\/www.aib.media\/index.php?rest_route=\/wp\/v2\/media\/137431"}],"wp:attachment":[{"href":"https:\/\/www.aib.media\/index.php?rest_route=%2Fwp%2Fv2%2Fmedia&parent=137430"}],"wp:term":[{"taxonomy":"category","embeddable":true,"href":"https:\/\/www.aib.media\/index.php?rest_route=%2Fwp%2Fv2%2Fcategories&post=137430"},{"taxonomy":"post_tag","embeddable":true,"href":"https:\/\/www.aib.media\/index.php?rest_route=%2Fwp%2Fv2%2Ftags&post=137430"}],"curies":[{"name":"wp","href":"https:\/\/api.w.org\/{rel}","templated":true}]}}