{"id":137394,"date":"2026-01-10T19:18:30","date_gmt":"2026-01-10T19:18:30","guid":{"rendered":"https:\/\/www.aib.media\/?p=137394"},"modified":"2026-01-10T19:18:30","modified_gmt":"2026-01-10T19:18:30","slug":"sissili-coutumes-les-chefs-de-cantons-de-la-sissili-sunissent-pour-la-valorisation-de-lidentite-gourounsi","status":"publish","type":"post","link":"https:\/\/www.aib.media\/?p=137394","title":{"rendered":"Sissili\/Coutumes : les chefs de cantons de la Sissili s\u2019unissent pour la valorisation de l\u2019identit\u00e9 gourounsi"},"content":{"rendered":"<p><strong>Sissili\/Coutumes : les chefs de cantons de la Sissili s\u2019unissent pour la valorisation de l\u2019identit\u00e9 gourounsi<\/strong><\/p>\n<p><strong>L\u00e9o, 10 janvier 2026 (AIB)-Le palais royal de L\u00e9o a abrit\u00e9, ce samedi 10 janvier 2026, une rencontre strat\u00e9gique entre les chefs des sept cantons de la province de la Sissili. Sous l\u2019\u00e9gide de Sa Majest\u00e9 Lio-Pio Dan-Zw\u00e8, les autorit\u00e9s coutumi\u00e8res ont peaufin\u00e9 l\u2019organisation de la prochaine \u00ab croisade \u00bb des chefs gourounsi, pr\u00e9vue le 14 f\u00e9vrier prochain dans la Cit\u00e9 des Tubercules.<\/strong><\/p>\n<p>Cette rencontre s\u2019inscrit dans une dynamique de \u00ab retour aux sources \u00bb entam\u00e9e en 2025 par les leaders coutumiers de l\u2019espace gourounsi, \u00e0 savoir le Nahouri, le Sangui\u00e9, le Ziro, Tch\u00e9riba et la Sissili.<\/p>\n<p>Apr\u00e8s les \u00e9tapes de R\u00e9o (Sangui\u00e9) et de P\u00f4 (Nahouri) en 2025, c\u2019est au tour de L\u00e9o d\u2019accueillir cette plateforme tournante visant \u00e0 consolider l\u2019unit\u00e9 et la solidarit\u00e9 au sein des communaut\u00e9s nuni.<\/p>\n<p>Anticipant le rendez-vous du 14 f\u00e9vrier, Sa Majest\u00e9 Lio-Pio Dan-Zw\u00e8 a mobilis\u00e9 ses pairs afin d\u2019assurer un succ\u00e8s \u00e9clatant \u00e0 l\u2019\u00e9v\u00e9nement.<\/p>\n<p>Au-del\u00e0 des pr\u00e9paratifs logistiques, les \u00e9changes ont abouti \u00e0 des d\u00e9cisions concr\u00e8tes, notamment un projet d\u2019institution d\u2019une caisse de solidarit\u00e9 coutumi\u00e8re pour soutenir les initiatives communautaires, la d\u00e9finition de m\u00e9canismes de valorisation des coutumes locales afin de pr\u00e9server le patrimoine culturel face \u00e0 la modernit\u00e9, ainsi que des propositions d\u2019initiatives de mobilisation de ressources au profit des notabilit\u00e9s coutumi\u00e8res.<\/p>\n<p>Le chef de canton de L\u00e9o a profit\u00e9 de cette tribune pour faire le point sur l\u2019engagement citoyen de la chefferie. Il a rendu compte de la remise r\u00e9cente de soutiens aux forces combattantes (FDS et VDP) et a relay\u00e9 les messages d\u2019encouragement des membres du gouvernement lors de leurs r\u00e9centes visites de courtoisie dans la province.<\/p>\n<p>Le haut-commissaire de la province de la Sissili, T\u00e9wend\u00e9 Isaac Sia, est venu saluer cette initiative. \u00ab Je vous r\u00e9it\u00e8re mes remerciements et salue les efforts que vous d\u00e9ployez chaque jour pour le rayonnement de la province \u00bb, a-t-il d\u00e9clar\u00e9 \u00e0 l\u2019endroit des t\u00eates couronn\u00e9es.<\/p>\n<p>L\u2019autorit\u00e9 administrative a \u00e9galement saisi l\u2019occasion pour annoncer un agenda riche pour le premier trimestre 2026.<\/p>\n<p>Il s\u2019agit de la f\u00eate des tubercules, pr\u00e9vue du 22 au 24 janvier prochain, du Festival Tampani, qui se tiendra le 31 janvier, et de la valorisation du patrimoine scolaire \u00e0 travers la c\u00e9l\u00e9bration du 126\u1d49 anniversaire de l\u2019\u00e9cole de Kutian, \u00e9tablissement historique ouvert en 1900, marquant la quatri\u00e8me \u00e9cole cr\u00e9\u00e9e en Haute-Volta (actuel Burkina Faso).<\/p>\n<p>Cette mobilisation des chefs de cantons t\u00e9moigne de la volont\u00e9 de la chefferie coutumi\u00e8re de jouer un r\u00f4le de premier plan dans la coh\u00e9sion sociale et le d\u00e9veloppement culturel de la Sissili et de l\u2019ensemble des r\u00e9gions gourounsi.<\/p>\n<p style=\"text-align: center\"><strong>Agence d&rsquo;information du Burkina <\/strong><br \/>\n<strong>BAN\/ata<\/strong><\/p>\n","protected":false},"excerpt":{"rendered":"<p>Sissili\/Coutumes : les chefs de cantons de la Sissili s\u2019unissent pour la valorisation de l\u2019identit\u00e9 gourounsi L\u00e9o, 10 janvier 2026 (AIB)-Le palais royal de L\u00e9o a abrit\u00e9, ce samedi 10 janvier 2026, une rencontre strat\u00e9gique entre les chefs des sept cantons de la province de la Sissili. Sous l\u2019\u00e9gide de Sa Majest\u00e9 Lio-Pio Dan-Zw\u00e8, les [&hellip;]<\/p>\n","protected":false},"author":15,"featured_media":137396,"comment_status":"open","ping_status":"open","sticky":false,"template":"","format":"standard","meta":{"advanced_seo_description":"","jetpack_seo_html_title":"","jetpack_seo_noindex":false,"jetpack_post_was_ever_published":false,"footnotes":""},"categories":[173,93,203,111],"tags":[],"class_list":{"0":"post-137394","1":"post","2":"type-post","3":"status-publish","4":"format-standard","5":"has-post-thumbnail","7":"category-depeches","8":"category-flashinfos","9":"category-la-une-aib","10":"category-sissili"},"jetpack_featured_media_url":"https:\/\/i0.wp.com\/www.aib.media\/wp-content\/uploads\/2026\/01\/IMG-20260110-WA00451.jpg?fit=1280%2C491&ssl=1","jetpack_shortlink":"https:\/\/wp.me\/pavbHe-zK2","_links":{"self":[{"href":"https:\/\/www.aib.media\/index.php?rest_route=\/wp\/v2\/posts\/137394","targetHints":{"allow":["GET"]}}],"collection":[{"href":"https:\/\/www.aib.media\/index.php?rest_route=\/wp\/v2\/posts"}],"about":[{"href":"https:\/\/www.aib.media\/index.php?rest_route=\/wp\/v2\/types\/post"}],"author":[{"embeddable":true,"href":"https:\/\/www.aib.media\/index.php?rest_route=\/wp\/v2\/users\/15"}],"replies":[{"embeddable":true,"href":"https:\/\/www.aib.media\/index.php?rest_route=%2Fwp%2Fv2%2Fcomments&post=137394"}],"version-history":[{"count":0,"href":"https:\/\/www.aib.media\/index.php?rest_route=\/wp\/v2\/posts\/137394\/revisions"}],"wp:featuredmedia":[{"embeddable":true,"href":"https:\/\/www.aib.media\/index.php?rest_route=\/wp\/v2\/media\/137396"}],"wp:attachment":[{"href":"https:\/\/www.aib.media\/index.php?rest_route=%2Fwp%2Fv2%2Fmedia&parent=137394"}],"wp:term":[{"taxonomy":"category","embeddable":true,"href":"https:\/\/www.aib.media\/index.php?rest_route=%2Fwp%2Fv2%2Fcategories&post=137394"},{"taxonomy":"post_tag","embeddable":true,"href":"https:\/\/www.aib.media\/index.php?rest_route=%2Fwp%2Fv2%2Ftags&post=137394"}],"curies":[{"name":"wp","href":"https:\/\/api.w.org\/{rel}","templated":true}]}}