{"id":136978,"date":"2026-01-03T14:57:52","date_gmt":"2026-01-03T14:57:52","guid":{"rendered":"https:\/\/www.aib.media\/?p=136978"},"modified":"2026-01-03T14:57:52","modified_gmt":"2026-01-03T14:57:52","slug":"bogande-le-theatre-comme-levier-de-paix-et-de-cohesion-sociale-a-la-gnagna","status":"publish","type":"post","link":"https:\/\/www.aib.media\/?p=136978","title":{"rendered":"Bogand\u00e9 : le th\u00e9\u00e2tre comme levier de paix et de coh\u00e9sion sociale \u00e0 la Gnagna"},"content":{"rendered":"<p><strong>Bogand\u00e9 : le th\u00e9\u00e2tre comme levier de paix et de coh\u00e9sion sociale \u00e0 la Gnagna<\/strong><\/p>\n<p><strong>Bogand\u00e9, 3 janv. 2026(AIB)-Le Coll\u00e8ge de Dialogue et de M\u00e9diation (CDM) de la Gnagna a initi\u00e9, dans la soir\u00e9e du mardi 30 d\u00e9cembre 2025, au plateau omnisports de Bogand\u00e9, une activit\u00e9 culturelle de promotion de la paix et du vivre-ensemble. L\u2019activit\u00e9 a \u00e9t\u00e9 pr\u00e9sid\u00e9e par le Haut-commissaire de la province de la Gnagna, Jean-Baptiste B\u00e9ogo.<\/strong><\/p>\n<p>\u00c0 travers une pi\u00e8ce th\u00e9\u00e2trale intitul\u00e9e \u00ab Ensemble pour la paix \u00bb, les populations de la Gnagna ont \u00e9t\u00e9 sensibilis\u00e9es aux valeurs du dialogue, de la tol\u00e9rance et de la coh\u00e9sion sociale, dans un contexte marqu\u00e9 par des d\u00e9fis s\u00e9curitaires et sociaux.<\/p>\n<p>Plac\u00e9e sous le signe du renforcement du tissu social et de la paix durable, l\u2019activit\u00e9 a enregistr\u00e9 la pr\u00e9sence effective du Haut-commissaire de la province de la Gnagna, Jean-Baptiste B\u00e9ogo, du pr\u00e9fet, pr\u00e9sident de la d\u00e9l\u00e9gation sp\u00e9ciale de la commune urbaine de Bogand\u00e9, des pr\u00e9fets, pr\u00e9sidents des d\u00e9l\u00e9gations sp\u00e9ciales de Coalla et de Liptougou, ainsi que des autorit\u00e9s militaires et paramilitaires, coutumi\u00e8res et religieuses, sans oublier des responsables d\u2019ONG, de projets et de programmes.<\/p>\n<p>La pi\u00e8ce th\u00e9\u00e2trale a mis en sc\u00e8ne des situations de conflits couramment observ\u00e9es dans les communaut\u00e9s, notamment les conflits fonciers li\u00e9s \u00e0 l\u2019accueil des personnes d\u00e9plac\u00e9es internes (PDI), les tensions interreligieuses et les diff\u00e9rends sur les sites d\u2019orpaillage.<\/p>\n<p>Chaque tableau a illustr\u00e9 les cons\u00e9quences n\u00e9fastes de la violence et l\u2019importance du dialogue, de la m\u00e9diation et du recours aux m\u00e9canismes locaux de r\u00e8glement pacifique des conflits, dont le Coll\u00e8ge de Dialogue et de M\u00e9diation.<\/p>\n<p>Dans son adresse aux populations, le Haut-commissaire Jean-Baptiste B\u00e9ogo a invit\u00e9 les communaut\u00e9s \u00e0 cultiver en permanence la paix, la coh\u00e9sion sociale et le respect mutuel.<\/p>\n<p>Il a exhort\u00e9 les populations \u00e0 privil\u00e9gier le dialogue et \u00e0 faire confiance aux structures locales de m\u00e9diation pour pr\u00e9venir et r\u00e9soudre les conflits.<\/p>\n<p>\u00c0 travers cette initiative, le Coll\u00e8ge de Dialogue et de M\u00e9diation de la Gnagna r\u00e9affirme son engagement \u00e0 accompagner les autorit\u00e9s et les populations dans les efforts de consolidation de la paix et du vivre-ensemble, indispensables au d\u00e9veloppement harmonieux de la province.<br \/>\n<strong>Agence d\u2019Information du Burkina<\/strong><\/p>\n","protected":false},"excerpt":{"rendered":"<p>Bogand\u00e9 : le th\u00e9\u00e2tre comme levier de paix et de coh\u00e9sion sociale \u00e0 la Gnagna Bogand\u00e9, 3 janv. 2026(AIB)-Le Coll\u00e8ge de Dialogue et de M\u00e9diation (CDM) de la Gnagna a initi\u00e9, dans la soir\u00e9e du mardi 30 d\u00e9cembre 2025, au plateau omnisports de Bogand\u00e9, une activit\u00e9 culturelle de promotion de la paix et du vivre-ensemble. [&hellip;]<\/p>\n","protected":false},"author":16,"featured_media":136979,"comment_status":"open","ping_status":"open","sticky":false,"template":"","format":"standard","meta":{"advanced_seo_description":"","jetpack_seo_html_title":"","jetpack_seo_noindex":false,"jetpack_post_was_ever_published":false,"footnotes":""},"categories":[60,173,49,93,116,203,40,36],"tags":[],"class_list":{"0":"post-136978","1":"post","2":"type-post","3":"status-publish","4":"format-standard","5":"has-post-thumbnail","7":"category-culture","8":"category-depeches","9":"category-est","10":"category-flashinfos","11":"category-gnagna","12":"category-la-une-aib","13":"category-regions","14":"category-societe"},"jetpack_featured_media_url":"https:\/\/i0.wp.com\/www.aib.media\/wp-content\/uploads\/2026\/01\/yat-1.jpeg?fit=1080%2C474&ssl=1","jetpack_shortlink":"https:\/\/wp.me\/pavbHe-zDk","_links":{"self":[{"href":"https:\/\/www.aib.media\/index.php?rest_route=\/wp\/v2\/posts\/136978","targetHints":{"allow":["GET"]}}],"collection":[{"href":"https:\/\/www.aib.media\/index.php?rest_route=\/wp\/v2\/posts"}],"about":[{"href":"https:\/\/www.aib.media\/index.php?rest_route=\/wp\/v2\/types\/post"}],"author":[{"embeddable":true,"href":"https:\/\/www.aib.media\/index.php?rest_route=\/wp\/v2\/users\/16"}],"replies":[{"embeddable":true,"href":"https:\/\/www.aib.media\/index.php?rest_route=%2Fwp%2Fv2%2Fcomments&post=136978"}],"version-history":[{"count":0,"href":"https:\/\/www.aib.media\/index.php?rest_route=\/wp\/v2\/posts\/136978\/revisions"}],"wp:featuredmedia":[{"embeddable":true,"href":"https:\/\/www.aib.media\/index.php?rest_route=\/wp\/v2\/media\/136979"}],"wp:attachment":[{"href":"https:\/\/www.aib.media\/index.php?rest_route=%2Fwp%2Fv2%2Fmedia&parent=136978"}],"wp:term":[{"taxonomy":"category","embeddable":true,"href":"https:\/\/www.aib.media\/index.php?rest_route=%2Fwp%2Fv2%2Fcategories&post=136978"},{"taxonomy":"post_tag","embeddable":true,"href":"https:\/\/www.aib.media\/index.php?rest_route=%2Fwp%2Fv2%2Ftags&post=136978"}],"curies":[{"name":"wp","href":"https:\/\/api.w.org\/{rel}","templated":true}]}}