{"id":136975,"date":"2026-01-03T14:55:15","date_gmt":"2026-01-03T14:55:15","guid":{"rendered":"https:\/\/www.aib.media\/?p=136975"},"modified":"2026-01-03T14:55:15","modified_gmt":"2026-01-03T14:55:15","slug":"tannounyan-le-gouverneur-porte-le-message-du-president-du-faso-aux-forces-combattantes-dans-la-leraba","status":"publish","type":"post","link":"https:\/\/www.aib.media\/?p=136975","title":{"rendered":"Tannounyan : Le Gouverneur porte le message du Pr\u00e9sident du Faso aux forces combattantes dans la L\u00e9raba"},"content":{"rendered":"<p><strong>Burkina-Tannounyan-S\u00e9curit\u00e9-Message-Soutien-FDS-VDP <\/strong><br \/>\n<strong>Tannounyan : Le Gouverneur porte le message du Pr\u00e9sident du Faso aux forces combattantes dans la L\u00e9raba<\/strong><\/p>\n<p><strong>Banfora, 1er janvier 2026, (AIB), le Gouverneur de la r\u00e9gion des Tannounyan, Patrice Y\u00e9y\u00e9, a effectu\u00e9, dans la soir\u00e9e du 31 d\u00e9cembre 2025, une visite de terrain aupr\u00e8s des Forces de d\u00e9fense et de s\u00e9curit\u00e9 (FDS), des Volontaires pour la d\u00e9fense de la patrie (VDP) et des populations des communes de Oueleni et de Sindou, Chef-lieu de la province de L\u00e9raba.<\/strong><\/p>\n<p>Cette mission s\u2019inscrit dans le cadre de la transmission du message d\u2019encouragement et de f\u00e9licitation du Pr\u00e9sident du Faso, le Capitaine Ibrahim Traor\u00e9.<br \/>\nLa d\u00e9l\u00e9gation conduite par le Gouverneur s\u2019est d\u2019abord rendue \u00e0 Oueleni, o\u00f9 elle a visit\u00e9 les locaux de la pr\u00e9fecture ainsi que le centre de sant\u00e9, avant d\u2019\u00e9changer avec la population de la commune de Oueleni. La visite s\u2019est poursuivie \u00e0 Sindou, avec un passage au Centre m\u00e9dical avec antenne chirurgicale (CMA) et une rencontre avec les FDS et les VDP.<br \/>\nSelon le Gouverneur Patrice Y\u00e9y\u00e9, le choix port\u00e9 sur la province de la L\u00e9raba vise \u00e0 rendre un vibrant hommage aux Forces combattantes engag\u00e9es dans cette partie de la r\u00e9gion. Cette zone, jadis sous l\u2019hydre terroriste, connait aujourd\u2019hui une victoire totale gr\u00e2ce \u00e0 la bravoure de nos FDS et VDP et \u00e0 la r\u00e9silience des populations. L\u2019administration est r\u00e9install\u00e9e, les populations vaquent paisiblement \u00e0 leurs occupations et tout va au mieux, a-t-il soulign\u00e9, saluant une marque exemplaire de r\u00e9silience collective.<br \/>\nLe Gouverneur a \u00e9galement mis en lumi\u00e8re l\u2019importance des VDP de la sant\u00e9, engag\u00e9s au quotidien pour garantir l\u2019acc\u00e8s aux soins aux populations dans le cadre de la reconqu\u00eate du territoire national. Nous avons profit\u00e9 de l\u2019occasion pour faire le tour des services de sant\u00e9 de la province afin d\u2019encourager et de f\u00e9liciter les personnels pour leur d\u00e9vouement \u00e0 la sant\u00e9 et au bien-\u00eatre des populations, a-t-il ajout\u00e9.<br \/>\nPatrice Y\u00e9y\u00e9 s\u2019est dit profond\u00e9ment satisfait de l\u2019accueil chaleureux r\u00e9serv\u00e9 \u00e0 la d\u00e9l\u00e9gation. Il a not\u00e9 avec \u00e9motion l\u2019enthousiasme des populations, des personnels de sant\u00e9 ainsi que des FDS et VDP. Il a par ailleurs rassur\u00e9 l\u2019ensemble des acteurs que ce type de visite sera d\u00e9sormais multipli\u00e9 afin de renforcer la proximit\u00e9 avec les forces combattantes, les agents de sant\u00e9 et les populations. A Oueleni, le Gouverneur a rencontr\u00e9 la population pour saluer sa r\u00e9silience, son courage et sa d\u00e9termination. Vous \u00eates rest\u00e9 soud\u00e9s et mobilis\u00e9 comme un seul homme derri\u00e8re les FDS, vous avez r\u00e9pondu \u00e0 l\u2019appel du Chef de l\u2019Etat en vous engageant pleinement dans la lutte. Aujourd\u2019hui, votre commune est totalement lib\u00e9r\u00e9e. Vous avez refus\u00e9 d\u2019abandonner vos terres h\u00e9rit\u00e9es de vos anc\u00eatres. C\u2019est un acte de bravoure, a-t-il d\u00e9clar\u00e9, transmettant les f\u00e9licitations du Pr\u00e9sident du Faso, fier de l\u2019engagement et de la r\u00e9silience des populations.<br \/>\nEnfin, M. Y\u00e9y\u00e9, a exprim\u00e9 la reconnaissance des plus hautes autorit\u00e9s pour la solidarit\u00e9 exemplaire manifest\u00e9e par la population de la Commune de Oueleni envers des ressortissants du pays fr\u00e8res de l\u2019Alliance des Etas du Sahel (AES), notamment du Mali, accueillis au sein des familles malgr\u00e9 l\u2019absence de camps de r\u00e9fugi\u00e9s. Ce geste de fraternit\u00e9 a profond\u00e9ment touch\u00e9 le plus haut niveau. C\u2019est l\u2019esprit que nous voulons promouvoir au sein de l\u2019AES, a-t-il conclu.<\/p>\n<p><strong>Agence d\u2019information du Burkina <\/strong><br \/>\n<strong>JPY-dnk<\/strong><\/p>\n","protected":false},"excerpt":{"rendered":"<p>Burkina-Tannounyan-S\u00e9curit\u00e9-Message-Soutien-FDS-VDP Tannounyan : Le Gouverneur porte le message du Pr\u00e9sident du Faso aux forces combattantes dans la L\u00e9raba Banfora, 1er janvier 2026, (AIB), le Gouverneur de la r\u00e9gion des Tannounyan, Patrice Y\u00e9y\u00e9, a effectu\u00e9, dans la soir\u00e9e du 31 d\u00e9cembre 2025, une visite de terrain aupr\u00e8s des Forces de d\u00e9fense et de s\u00e9curit\u00e9 (FDS), des [&hellip;]<\/p>\n","protected":false},"author":16,"featured_media":136976,"comment_status":"open","ping_status":"open","sticky":false,"template":"","format":"standard","meta":{"advanced_seo_description":"","jetpack_seo_html_title":"","jetpack_seo_noindex":false,"jetpack_post_was_ever_published":false,"footnotes":""},"categories":[44,100,173,93,203,40,786,36],"tags":[],"class_list":{"0":"post-136975","1":"post","2":"type-post","3":"status-publish","4":"format-standard","5":"has-post-thumbnail","7":"category-cascade","8":"category-comoe","9":"category-depeches","10":"category-flashinfos","11":"category-la-une-aib","12":"category-regions","13":"category-securite","14":"category-societe"},"jetpack_featured_media_url":"https:\/\/i0.wp.com\/www.aib.media\/wp-content\/uploads\/2026\/01\/yat.jpeg?fit=992%2C744&ssl=1","jetpack_shortlink":"https:\/\/wp.me\/pavbHe-zDh","_links":{"self":[{"href":"https:\/\/www.aib.media\/index.php?rest_route=\/wp\/v2\/posts\/136975","targetHints":{"allow":["GET"]}}],"collection":[{"href":"https:\/\/www.aib.media\/index.php?rest_route=\/wp\/v2\/posts"}],"about":[{"href":"https:\/\/www.aib.media\/index.php?rest_route=\/wp\/v2\/types\/post"}],"author":[{"embeddable":true,"href":"https:\/\/www.aib.media\/index.php?rest_route=\/wp\/v2\/users\/16"}],"replies":[{"embeddable":true,"href":"https:\/\/www.aib.media\/index.php?rest_route=%2Fwp%2Fv2%2Fcomments&post=136975"}],"version-history":[{"count":0,"href":"https:\/\/www.aib.media\/index.php?rest_route=\/wp\/v2\/posts\/136975\/revisions"}],"wp:featuredmedia":[{"embeddable":true,"href":"https:\/\/www.aib.media\/index.php?rest_route=\/wp\/v2\/media\/136976"}],"wp:attachment":[{"href":"https:\/\/www.aib.media\/index.php?rest_route=%2Fwp%2Fv2%2Fmedia&parent=136975"}],"wp:term":[{"taxonomy":"category","embeddable":true,"href":"https:\/\/www.aib.media\/index.php?rest_route=%2Fwp%2Fv2%2Fcategories&post=136975"},{"taxonomy":"post_tag","embeddable":true,"href":"https:\/\/www.aib.media\/index.php?rest_route=%2Fwp%2Fv2%2Ftags&post=136975"}],"curies":[{"name":"wp","href":"https:\/\/api.w.org\/{rel}","templated":true}]}}