{"id":136936,"date":"2026-01-02T16:46:16","date_gmt":"2026-01-02T16:46:16","guid":{"rendered":"https:\/\/www.aib.media\/?p=136936"},"modified":"2026-01-02T16:46:16","modified_gmt":"2026-01-02T16:46:16","slug":"nazinon-message-de-nouvel-an-le-gouverneur-appelle-a-lunite-et-a-la-mobilisation-pour-consolider-les-acquis-en-2026","status":"publish","type":"post","link":"https:\/\/www.aib.media\/?p=136936","title":{"rendered":"Nazinon \/ Message de nouvel an : le Gouverneur appelle \u00e0 l\u2019unit\u00e9 et \u00e0 la mobilisation pour consolider les acquis en 2026"},"content":{"rendered":"<p><strong>Nazinon \/ Message de nouvel an : le Gouverneur appelle \u00e0 l\u2019unit\u00e9 et \u00e0 la mobilisation pour consolider les acquis en 2026<\/strong><\/p>\n<p>Manga, 30 d\u00e9c. 2025 (AIB) \u2013 Pour ses v\u0153ux de nouvel an, le gouverneur de la r\u00e9gion du Nazinon, Massadalo Yvette Nacoulma, a exhort\u00e9 les populations de son ressort territorial \u00e0 la poursuite de la mobilisation collective pour consolider les acquis et accompagner les r\u00e9formes engag\u00e9es par le Gouvernement.<\/p>\n<p>Dans son message, l\u2019autorit\u00e9 r\u00e9gionale a souhait\u00e9 que l\u2019ann\u00e9e 2026 soit porteuse d\u2019espoir, de renouveau et d\u2019opportunit\u00e9s pour toutes les communaut\u00e9s du Nazinon. Elle a rappel\u00e9 que l\u2019ann\u00e9e 2025 a \u00e9t\u00e9 marqu\u00e9e par des d\u00e9fis importants, mais \u00e9galement par des avanc\u00e9es significatives, notamment sur le plan s\u00e9curitaire.<\/p>\n<p>Selon le Gouverneur, la consolidation progressive de la s\u00e9curit\u00e9 dans la r\u00e9gion a constitu\u00e9 un levier essentiel pour la relance des activit\u00e9s \u00e9conomiques et sociales. Elle a salu\u00e9, \u00e0 cet effet, l\u2019engagement constant des Forces de D\u00e9fense et de S\u00e9curit\u00e9 (FDS), des Volontaires pour la D\u00e9fense de la Patrie (VDP), la vigilance des populations, ainsi que la contribution d\u00e9terminante des autorit\u00e9s administratives, coutumi\u00e8res et religieuses, qui ont permis de r\u00e9tablir un climat plus stable et favorable au d\u00e9veloppement.<br \/>\nCette am\u00e9lioration du contexte s\u00e9curitaire, a-t-elle poursuivi, a \u00e9galement eu un impact positif sur la campagne agricole humide, confortant la r\u00e9gion du Nazinon dans sa position de grenier du Burkina Faso.<\/p>\n<p>Mme Nacoulma a, par ailleurs, f\u00e9licit\u00e9 les populations pour leur forte mobilisation lors des grands \u00e9v\u00e9nements accueillis par la r\u00e9gion en 2025, notamment le lancement de la campagne nationale de reboisement et la c\u00e9l\u00e9bration de la Journ\u00e9e nationale de l\u2019arbre, plac\u00e9e sous le tr\u00e8s haut patronage du Camarade Pr\u00e9sident du Faso, Chef de l\u2019\u00c9tat. Elle a aussi \u00e9voqu\u00e9 les rencontres avec les forces vives, qui ont contribu\u00e9 \u00e0 renforcer le dialogue, l\u2019\u00e9veil patriotique et l\u2019engagement citoyen dans la dynamique de la R\u00e9volution progressiste populaire.<br \/>\nS\u2019adressant aux populations du Nazinon, elle a indiqu\u00e9 que l\u2019ann\u00e9e 2026 s\u2019ouvre comme une \u00e9tape d\u00e9cisive pour consolider les acquis et contribuer pleinement au succ\u00e8s des initiatives pr\u00e9sidentielles et des grandes r\u00e9formes gouvernementales.<br \/>\n\u00ab J\u2019invite l\u2019ensemble des populations du Nazinon \u00e0 maintenir l\u2019unit\u00e9, la solidarit\u00e9 et la mobilisation afin de transformer les d\u00e9fis en opportunit\u00e9s pour un avenir encore plus prometteur de notre r\u00e9gion \u00bb, a-t-elle exhort\u00e9.<\/p>\n<p>\u00ab Que l\u2019ann\u00e9e 2026 soit une ann\u00e9e de paix, de progr\u00e8s et de r\u00e9ussite pour notre tr\u00e8s ch\u00e8re patrie, le Burkina Faso. Bonne et heureuse ann\u00e9e \u00e0 toutes et \u00e0 tous \u00bb, a souhait\u00e9 Madame le Gouverneur.<\/p>\n<p>Agence d\u2019Information du Burkina<br \/>\nBGB\/bbp<\/p>\n","protected":false},"excerpt":{"rendered":"<p>Nazinon \/ Message de nouvel an : le Gouverneur appelle \u00e0 l\u2019unit\u00e9 et \u00e0 la mobilisation pour consolider les acquis en 2026 Manga, 30 d\u00e9c. 2025 (AIB) \u2013 Pour ses v\u0153ux de nouvel an, le gouverneur de la r\u00e9gion du Nazinon, Massadalo Yvette Nacoulma, a exhort\u00e9 les populations de son ressort territorial \u00e0 la poursuite [&hellip;]<\/p>\n","protected":false},"author":10,"featured_media":136933,"comment_status":"open","ping_status":"open","sticky":false,"template":"","format":"standard","meta":{"advanced_seo_description":"","jetpack_seo_html_title":"","jetpack_seo_noindex":false,"jetpack_post_was_ever_published":false,"footnotes":""},"categories":[113,48,173,789,37,93,203,114,38,115],"tags":[],"class_list":{"0":"post-136936","1":"post","2":"type-post","3":"status-publish","4":"format-standard","5":"has-post-thumbnail","7":"category-bazega","8":"category-centre-sud","9":"category-depeches","10":"category-developpement","11":"category-economie","12":"category-flashinfos","13":"category-la-une-aib","14":"category-nahouri","15":"category-politique","16":"category-zoundwego"},"jetpack_featured_media_url":"https:\/\/i0.wp.com\/www.aib.media\/wp-content\/uploads\/2026\/01\/FB_IMG_1767372157252.jpg?fit=855%2C1280&ssl=1","jetpack_shortlink":"https:\/\/wp.me\/pavbHe-zCE","_links":{"self":[{"href":"https:\/\/www.aib.media\/index.php?rest_route=\/wp\/v2\/posts\/136936","targetHints":{"allow":["GET"]}}],"collection":[{"href":"https:\/\/www.aib.media\/index.php?rest_route=\/wp\/v2\/posts"}],"about":[{"href":"https:\/\/www.aib.media\/index.php?rest_route=\/wp\/v2\/types\/post"}],"author":[{"embeddable":true,"href":"https:\/\/www.aib.media\/index.php?rest_route=\/wp\/v2\/users\/10"}],"replies":[{"embeddable":true,"href":"https:\/\/www.aib.media\/index.php?rest_route=%2Fwp%2Fv2%2Fcomments&post=136936"}],"version-history":[{"count":0,"href":"https:\/\/www.aib.media\/index.php?rest_route=\/wp\/v2\/posts\/136936\/revisions"}],"wp:featuredmedia":[{"embeddable":true,"href":"https:\/\/www.aib.media\/index.php?rest_route=\/wp\/v2\/media\/136933"}],"wp:attachment":[{"href":"https:\/\/www.aib.media\/index.php?rest_route=%2Fwp%2Fv2%2Fmedia&parent=136936"}],"wp:term":[{"taxonomy":"category","embeddable":true,"href":"https:\/\/www.aib.media\/index.php?rest_route=%2Fwp%2Fv2%2Fcategories&post=136936"},{"taxonomy":"post_tag","embeddable":true,"href":"https:\/\/www.aib.media\/index.php?rest_route=%2Fwp%2Fv2%2Ftags&post=136936"}],"curies":[{"name":"wp","href":"https:\/\/api.w.org\/{rel}","templated":true}]}}