{"id":136903,"date":"2026-01-02T16:02:44","date_gmt":"2026-01-02T16:02:44","guid":{"rendered":"https:\/\/www.aib.media\/?p=136903"},"modified":"2026-01-02T16:02:44","modified_gmt":"2026-01-02T16:02:44","slug":"sissili-le-haut-commissaire-tewende-isaac-sia-salue-la-resilience-des-populations-et-trace-les-priorites-de-2026","status":"publish","type":"post","link":"https:\/\/www.aib.media\/?p=136903","title":{"rendered":"Sissili : le Haut-commissaire T\u00e9wend\u00e9 Isaac Sia salue la r\u00e9silience des populations et trace les priorit\u00e9s de 2026"},"content":{"rendered":"<p><strong>Sissili : le Haut-commissaire T\u00e9wend\u00e9 Isaac Sia salue la r\u00e9silience des populations et trace les priorit\u00e9s de 2026<\/strong><\/p>\n<p>L\u00e9o, 1er janv. 2026(AIB)-\u00c0 l\u2019occasion du passage \u00e0 la nouvelle ann\u00e9e, le Haut-commissaire de la Sissili, T\u00e9wend\u00e9 Isaac Sia, a rendu hommage \u00e0 la r\u00e9silience des populations face aux d\u00e9fis s\u00e9curitaires et socio\u00e9conomiques de 2025, tout en r\u00e9affirmant l\u2019engagement des autorit\u00e9s \u00e0 consolider la paix, moderniser l\u2019agriculture et renforcer les services sociaux en 2026.<br \/>\nMessage de fin d\u2019ann\u00e9e du Haut-commissaire de la Sissili, T\u00e9wend\u00e9 Isaac Sia<br \/>\nPopulations de la Sissili,<br \/>\nChers compatriotes,<br \/>\nAmis de la Sissili,<br \/>\nAu moment o\u00f9 l\u2019ann\u00e9e 2025 s\u2019efface pour laisser place \u00e0 2026, je sacrifie, avec une \u00e9motion particuli\u00e8re, \u00e0 la tradition du message de Nouvel An. C\u2019est pour moi l\u2019occasion de saluer votre r\u00e9silience et de r\u00e9affirmer notre engagement commun pour le rayonnement de notre ch\u00e8re province.<br \/>\nL\u2019ann\u00e9e qui s\u2019ach\u00e8ve a \u00e9t\u00e9 celle de tous les d\u00e9fis, mais aussi celle de progr\u00e8s notables.<br \/>\nAu plan s\u00e9curitaire, gr\u00e2ce \u00e0 la mont\u00e9e en puissance de nos Forces de d\u00e9fense et de s\u00e9curit\u00e9 (FDS) et \u00e0 l\u2019engagement sans faille des Volontaires pour la d\u00e9fense de la patrie (VDP), la Sissili a su pr\u00e9server l\u2019essentiel. La vigilance citoyenne a permis de d\u00e9jouer des menaces et de stabiliser plusieurs zones de production.<br \/>\nQuant \u00e0 l\u2019agriculture, v\u00e9ritable grenier du Burkina Faso, notre province a, une fois de plus, prouv\u00e9 sa vitalit\u00e9. Malgr\u00e9 les al\u00e9as climatiques, l\u2019offensive agropastorale lanc\u00e9e par le gouvernement a port\u00e9 ses fruits, garantissant une souverainet\u00e9 alimentaire accrue pour nos foyers.<br \/>\nEn mati\u00e8re d\u2019\u00e9ducation, la r\u00e9ouverture de toutes les \u00e9coles et le maintien des examens dans des conditions sereines t\u00e9moignent de notre refus de voir l\u2019avenir de nos enfants hypoth\u00e9qu\u00e9. L\u2019\u00e9cole est demeur\u00e9e le sanctuaire du savoir et de la citoyennet\u00e9.<br \/>\nSur le plan socio\u00e9conomique et politique, la coh\u00e9sion sociale s\u2019est renforc\u00e9e \u00e0 travers nos cadres de concertation. Le dynamisme de nos march\u00e9s et la poursuite de certains chantiers d\u2019infrastructures locales montrent que l\u2019\u00e9conomie de la Sissili respire, port\u00e9e par des hommes et des femmes de courage.<br \/>\nPour 2026, nos priorit\u00e9s sont claires. Nous ne nous contenterons pas de maintenir les acquis ; nous devons b\u00e2tir une prosp\u00e9rit\u00e9 durable :<br \/>\n\u2022 Consolider la paix, en renfor\u00e7ant davantage la collaboration entre les populations et les forces combattantes, pour un territoire totalement s\u00e9curis\u00e9 ;<br \/>\n\u2022 Moderniser l\u2019agriculture, par la poursuite de la m\u00e9canisation et le soutien aux petits producteurs, afin de transformer notre potentiel agricole en richesse industrielle ;<br \/>\n\u2022 Renforcer les services sociaux, en am\u00e9liorant l\u2019acc\u00e8s \u00e0 l\u2019eau potable et aux soins de sant\u00e9 de qualit\u00e9, partout dans la province.<br \/>\nPopulations de la Sissili,<br \/>\nQue l\u2019ann\u00e9e 2026 soit, pour chacun d\u2019entre vous, une ann\u00e9e de sant\u00e9 robuste, de prosp\u00e9rit\u00e9 partag\u00e9e et, par-dessus tout, de paix int\u00e9rieure et nationale. Que nos champs soient fertiles, que nos \u00e9coles brillent et que nos c\u0153urs soient unis.<br \/>\nPuisse Dieu b\u00e9nir la province de la Sissili et prot\u00e9ger notre ch\u00e8re patrie, le Burkina Faso.<br \/>\nBonne et heureuse ann\u00e9e 2026 !<br \/>\nLa Patrie ou la Mort, nous vaincrons !<br \/>\nAgence d&rsquo;information du Burkina<\/p>\n","protected":false},"excerpt":{"rendered":"<p>Sissili : le Haut-commissaire T\u00e9wend\u00e9 Isaac Sia salue la r\u00e9silience des populations et trace les priorit\u00e9s de 2026 L\u00e9o, 1er janv. 2026(AIB)-\u00c0 l\u2019occasion du passage \u00e0 la nouvelle ann\u00e9e, le Haut-commissaire de la Sissili, T\u00e9wend\u00e9 Isaac Sia, a rendu hommage \u00e0 la r\u00e9silience des populations face aux d\u00e9fis s\u00e9curitaires et socio\u00e9conomiques de 2025, tout en [&hellip;]<\/p>\n","protected":false},"author":10,"featured_media":136904,"comment_status":"open","ping_status":"open","sticky":false,"template":"","format":"standard","meta":{"advanced_seo_description":"","jetpack_seo_html_title":"","jetpack_seo_noindex":false,"jetpack_post_was_ever_published":false,"footnotes":""},"categories":[109,47,173,789,37,93,203,38,784,111,112],"tags":[],"class_list":{"0":"post-136903","1":"post","2":"type-post","3":"status-publish","4":"format-standard","5":"has-post-thumbnail","7":"category-boulkiemde","8":"category-centre-ouest","9":"category-depeches","10":"category-developpement","11":"category-economie","12":"category-flashinfos","13":"category-la-une-aib","14":"category-politique","15":"category-sanguie","16":"category-sissili","17":"category-ziro"},"jetpack_featured_media_url":"https:\/\/i0.wp.com\/www.aib.media\/wp-content\/uploads\/2026\/01\/FB_IMG_1767369697505.jpg?fit=1080%2C783&ssl=1","jetpack_shortlink":"https:\/\/wp.me\/pavbHe-zC7","_links":{"self":[{"href":"https:\/\/www.aib.media\/index.php?rest_route=\/wp\/v2\/posts\/136903","targetHints":{"allow":["GET"]}}],"collection":[{"href":"https:\/\/www.aib.media\/index.php?rest_route=\/wp\/v2\/posts"}],"about":[{"href":"https:\/\/www.aib.media\/index.php?rest_route=\/wp\/v2\/types\/post"}],"author":[{"embeddable":true,"href":"https:\/\/www.aib.media\/index.php?rest_route=\/wp\/v2\/users\/10"}],"replies":[{"embeddable":true,"href":"https:\/\/www.aib.media\/index.php?rest_route=%2Fwp%2Fv2%2Fcomments&post=136903"}],"version-history":[{"count":0,"href":"https:\/\/www.aib.media\/index.php?rest_route=\/wp\/v2\/posts\/136903\/revisions"}],"wp:featuredmedia":[{"embeddable":true,"href":"https:\/\/www.aib.media\/index.php?rest_route=\/wp\/v2\/media\/136904"}],"wp:attachment":[{"href":"https:\/\/www.aib.media\/index.php?rest_route=%2Fwp%2Fv2%2Fmedia&parent=136903"}],"wp:term":[{"taxonomy":"category","embeddable":true,"href":"https:\/\/www.aib.media\/index.php?rest_route=%2Fwp%2Fv2%2Fcategories&post=136903"},{"taxonomy":"post_tag","embeddable":true,"href":"https:\/\/www.aib.media\/index.php?rest_route=%2Fwp%2Fv2%2Ftags&post=136903"}],"curies":[{"name":"wp","href":"https:\/\/api.w.org\/{rel}","templated":true}]}}