{"id":136874,"date":"2026-01-01T21:03:02","date_gmt":"2026-01-01T21:03:02","guid":{"rendered":"https:\/\/www.aib.media\/?p=136874"},"modified":"2026-01-01T21:03:02","modified_gmt":"2026-01-01T21:03:02","slug":"banfora-voeux-2026-le-president-de-la-delegation-speciale-appelle-a-lunite-et-a-la-consolidation-des-acquis","status":"publish","type":"post","link":"https:\/\/www.aib.media\/?p=136874","title":{"rendered":"Banfora : V\u0153ux 2026\/Le pr\u00e9sident de la d\u00e9l\u00e9gation sp\u00e9ciale appelle \u00e0 l\u2019unit\u00e9 et \u00e0 la consolidation des acquis"},"content":{"rendered":"<p><strong>Banfora : V\u0153ux 2026\/Le pr\u00e9sident de la d\u00e9l\u00e9gation sp\u00e9ciale appelle \u00e0 l\u2019unit\u00e9 et \u00e0 la consolidation des acquis<\/strong><\/p>\n<p>Banfora, 29 d\u00e9cembre 2025 (AIB)-\u00c0 l\u2019or\u00e9e de la nouvelle ann\u00e9e 2026, le pr\u00e9sident de la d\u00e9l\u00e9gation sp\u00e9ciale (PDS) de la commune de Banfora a adress\u00e9 ses v\u0153ux aux populations et \u00e0 l\u2019ensemble des acteurs du d\u00e9veloppement communal. Il a formul\u00e9 des souhaits de sant\u00e9, de paix, de coh\u00e9sion sociale et de progr\u00e8s partag\u00e9, tout en dressant le bilan des actions men\u00e9es en 2025 et en d\u00e9clinant les priorit\u00e9s pour l\u2019ann\u00e9e \u00e0 venir.<\/p>\n<p>Selon le PDS, l\u2019ann\u00e9e 2025, bien que marqu\u00e9e par un contexte national exigeant, a \u00e9t\u00e9 celle d\u2019efforts soutenus et d\u2019avanc\u00e9es notables dans plusieurs secteurs structurants.<\/p>\n<p>Il a notamment salu\u00e9 les progr\u00e8s enregistr\u00e9s dans le traitement des dossiers de recasement des personnes affect\u00e9es par la construction de la gare routi\u00e8re et de la Cit\u00e9 du 11-D\u00e9cembre, un dossier sensible longtemps attendu par les populations concern\u00e9es.<\/p>\n<p>Parmi les r\u00e9alisations majeures, le premier responsable communal a mis en avant le d\u00e9marrage de l\u2019op\u00e9ration Faso M\u00eabo, une initiative visant \u00e0 am\u00e9liorer l\u2019am\u00e9nagement urbain, l\u2019ordre et la salubrit\u00e9 dans la ville.<\/p>\n<p>Des actions en mati\u00e8re de s\u00e9curit\u00e9 publique, telles que le renforcement de l\u2019\u00e9clairage public et l\u2019implantation de panneaux de signalisation, ont \u00e9galement contribu\u00e9 \u00e0 une meilleure protection des personnes et des biens.<\/p>\n<p>L\u2019ann\u00e9e \u00e9coul\u00e9e a aussi \u00e9t\u00e9 marqu\u00e9e par une avanc\u00e9e significative dans le domaine de la mobilit\u00e9 urbaine avec l\u2019arriv\u00e9e effective des bus de la SOTRACO \u00e0 Banfora.<\/p>\n<p>Une dynamique appel\u00e9e \u00e0 se renforcer en 2026 avec l\u2019acquisition de nouveaux bus, afin d\u2019am\u00e9liorer la desserte et de faciliter les d\u00e9placements des populations.<\/p>\n<p>Sur le plan environnemental, le PDS a salu\u00e9 les efforts consentis en mati\u00e8re d\u2019assainissement urbain, notamment \u00e0 travers la mise en \u0153uvre du programme pr\u00e9sidentiel HIMO, qui a permis \u00e0 la fois d\u2019am\u00e9liorer la salubrit\u00e9 de la ville et de cr\u00e9er des emplois temporaires au profit des populations.<\/p>\n<p>Rendant hommage au r\u00f4le de la presse dans l\u2019information et la mobilisation citoyenne, le pr\u00e9sident de la d\u00e9l\u00e9gation sp\u00e9ciale a insist\u00e9 sur l\u2019importance de la collaboration entre les m\u00e9dias et les autorit\u00e9s locales pour accompagner les actions de d\u00e9veloppement.<\/p>\n<p>Pour l\u2019ann\u00e9e 2026, les priorit\u00e9s annonc\u00e9es portent sur la consolidation des acquis, la poursuite et le renforcement de l\u2019op\u00e9ration Faso M\u00eabo, l\u2019\u00e9laboration du Plan communal de d\u00e9veloppement (PCD) et l\u2019am\u00e9lioration de la d\u00e9livrance des services sociaux de base.<\/p>\n<p>La participation citoyenne demeurera \u00e9galement un axe central de la gouvernance locale.<\/p>\n<p>Enfin, le PDS a rendu un hommage appuy\u00e9 aux Forces de d\u00e9fense et de s\u00e9curit\u00e9 (FDS), aux Volontaires pour la d\u00e9fense de la patrie (VDP) et aux Dozos pour leur engagement dans la protection de la Nation.<\/p>\n<p>Il a invit\u00e9 les populations \u00e0 leur apporter un soutien constant et une collaboration sinc\u00e8re.<\/p>\n<p>Le pr\u00e9sident de la d\u00e9l\u00e9gation sp\u00e9ciale a exprim\u00e9 le v\u0153u que l\u2019ann\u00e9e 2026 soit plac\u00e9e sous le signe de l\u2019unit\u00e9, du dialogue et de l\u2019engagement collectif, afin de b\u00e2tir une commune de Banfora plus s\u00fbre, plus propre, plus solidaire et tourn\u00e9e vers l\u2019avenir.<\/p>\n<p>Agence d&rsquo;information du Burkina<br \/>\nJean Paul YEKPAYE \u2013 AIB\/Como\u00e9<\/p>\n<p>#AIB<\/p>\n","protected":false},"excerpt":{"rendered":"<p>Banfora : V\u0153ux 2026\/Le pr\u00e9sident de la d\u00e9l\u00e9gation sp\u00e9ciale appelle \u00e0 l\u2019unit\u00e9 et \u00e0 la consolidation des acquis Banfora, 29 d\u00e9cembre 2025 (AIB)-\u00c0 l\u2019or\u00e9e de la nouvelle ann\u00e9e 2026, le pr\u00e9sident de la d\u00e9l\u00e9gation sp\u00e9ciale (PDS) de la commune de Banfora a adress\u00e9 ses v\u0153ux aux populations et \u00e0 l\u2019ensemble des acteurs du d\u00e9veloppement communal. [&hellip;]<\/p>\n","protected":false},"author":10,"featured_media":136875,"comment_status":"open","ping_status":"open","sticky":false,"template":"","format":"standard","meta":{"advanced_seo_description":"","jetpack_seo_html_title":"","jetpack_seo_noindex":false,"jetpack_post_was_ever_published":false,"footnotes":""},"categories":[44,100,60,173,789,37,93,203,101,38],"tags":[],"class_list":{"0":"post-136874","1":"post","2":"type-post","3":"status-publish","4":"format-standard","5":"has-post-thumbnail","7":"category-cascade","8":"category-comoe","9":"category-culture","10":"category-depeches","11":"category-developpement","12":"category-economie","13":"category-flashinfos","14":"category-la-une-aib","15":"category-leraba","16":"category-politique"},"jetpack_featured_media_url":"https:\/\/i0.wp.com\/www.aib.media\/wp-content\/uploads\/2026\/01\/FB_IMG_1767301315818.jpg?fit=992%2C744&ssl=1","jetpack_shortlink":"https:\/\/wp.me\/pavbHe-zBE","_links":{"self":[{"href":"https:\/\/www.aib.media\/index.php?rest_route=\/wp\/v2\/posts\/136874","targetHints":{"allow":["GET"]}}],"collection":[{"href":"https:\/\/www.aib.media\/index.php?rest_route=\/wp\/v2\/posts"}],"about":[{"href":"https:\/\/www.aib.media\/index.php?rest_route=\/wp\/v2\/types\/post"}],"author":[{"embeddable":true,"href":"https:\/\/www.aib.media\/index.php?rest_route=\/wp\/v2\/users\/10"}],"replies":[{"embeddable":true,"href":"https:\/\/www.aib.media\/index.php?rest_route=%2Fwp%2Fv2%2Fcomments&post=136874"}],"version-history":[{"count":0,"href":"https:\/\/www.aib.media\/index.php?rest_route=\/wp\/v2\/posts\/136874\/revisions"}],"wp:featuredmedia":[{"embeddable":true,"href":"https:\/\/www.aib.media\/index.php?rest_route=\/wp\/v2\/media\/136875"}],"wp:attachment":[{"href":"https:\/\/www.aib.media\/index.php?rest_route=%2Fwp%2Fv2%2Fmedia&parent=136874"}],"wp:term":[{"taxonomy":"category","embeddable":true,"href":"https:\/\/www.aib.media\/index.php?rest_route=%2Fwp%2Fv2%2Fcategories&post=136874"},{"taxonomy":"post_tag","embeddable":true,"href":"https:\/\/www.aib.media\/index.php?rest_route=%2Fwp%2Fv2%2Ftags&post=136874"}],"curies":[{"name":"wp","href":"https:\/\/api.w.org\/{rel}","templated":true}]}}