{"id":136871,"date":"2026-01-01T21:01:12","date_gmt":"2026-01-01T21:01:12","guid":{"rendered":"https:\/\/www.aib.media\/?p=136871"},"modified":"2026-01-01T21:01:12","modified_gmt":"2026-01-01T21:01:12","slug":"yatenga-haut-commissariat-voeux-de-nouvel-an","status":"publish","type":"post","link":"https:\/\/www.aib.media\/?p=136871","title":{"rendered":"YATENGA\/HAUT COMMISSARIAT &#8211; VOEUX DE NOUVEL AN"},"content":{"rendered":"<p><strong>YATENGA\/HAUT COMMISSARIAT &#8211; VOEUX DE NOUVEL AN<\/strong><\/p>\n<p>Ouahigouya, 31 d\u00e9c 2025 (AIB)- A l&rsquo;occasion de la nouvelle ann\u00e9e 2026, le Haut commissaire de la province du Yatenga Pierre Claver Banc\u00e9 a adress\u00e9 un message aux populations de son ressort territorial. Il a remerci\u00e9 les forces vives en particulier pour leur pr\u00e9cieuses contributions \u00e0 la coh\u00e9sion sociale pour un vivre ensemble apais\u00e9.<\/p>\n<p>A l&rsquo;occasion de la fin de l&rsquo;ann\u00e9e 2025,je voudrais au nom des corps constitu\u00e9s<br \/>\nde la province,traduire ma profonde gratitude a toute la population du Yatenga.<br \/>\nPopulations des villes et des campagnes du Yatenga,votre r\u00e9silience,votre<br \/>\nind\u00e9fectible adh\u00e9sion aux id\u00e9aux de la R\u00e9volution Progressiste et Populaire et aux<br \/>\ndiff\u00e9rentes initiatives du Pr\u00e9sident du Faso,ont permis de remporter des batailles dans<br \/>\nplusieurs domaines.<\/p>\n<p>A l&rsquo;or\u00e9e de la nouvelle ann\u00e9e 2026, l&rsquo;occasion est belle pour moi de reconna\u00eetre<br \/>\nle m\u00e9rite de I&rsquo;ensemble des acteurs de la province qui ont \u0153uvr\u00e9 jour et nuit pour<br \/>\nr\u00e9pondre favorablement a l&rsquo;effort de paix,accompagner nos forces combattantes dans<br \/>\nla reconqu\u00eate et la s\u00e9curisation de notre territoire,faire b\u00e9n\u00e9ficier \u00e0 nos personnes<br \/>\nd\u00e9plac\u00e9es internes et populations h\u00f4tes vuln\u00e9rables la solidarit\u00e9 humaine.<br \/>\nAinsi,notre province a enregistr\u00e9 de nombreux acquis cette ann\u00e9e dans divers<br \/>\ndomaines de la vie socio\u00e9conomique malgr\u00e9 les difficult\u00e9s rencontr\u00e9es.<\/p>\n<p>Ces r\u00e9sultats forts appr\u00e9ciables qui honorent toutes les forces vives de la<br \/>\nProvince sont le fruit d&rsquo;un travail pers\u00e9v\u00e9rant,d&rsquo;une discipline exemplaire et d&rsquo;une<br \/>\ncoh\u00e9sion sociale forte.Je rappelle que notre province ne pourra se construire que dans<br \/>\nI&rsquo;ordre,la discipline et la conjugaison des efforts constants de tous les acteurs de<br \/>\nd\u00e9veloppement.<\/p>\n<p>C&rsquo;est dans ce sens que je voudrais remercier les populations du Yatenga en<br \/>\ng\u00e9n\u00e9ral,les autorit\u00e9s coutumi\u00e8res,religieuses et les forces vives en particulier pour<br \/>\nleurs pr\u00e9cieuses contributions \u00e0 la cohesion sociale pour un vivre-ensemble apais\u00e9.<br \/>\nToutefois,notre province reste marqu\u00e9e par de nombreux defis dont la crise<br \/>\ns\u00e9curitaire et des conflits<\/p>\n<p>C&rsquo;est aussi le moment pour moi d&rsquo;inviter tous les acteurs \u00e0 se conformer aux lois<br \/>\net r\u00e8glements en vigueur dans notre pays et a faire siennes les valeurs du civisme,<br \/>\nd&rsquo;int\u00e9grit\u00e9,de patriotisme afin que la paix et la coh\u00e9sion sociale demeurent le<br \/>\nquotidien dans la province.Je ne doute point de notre capacit\u00e9 collective \u00e0 trouver des<br \/>\nsolutions idoines face aux diff\u00e9rentes crises qui affectent notre province. C&rsquo;est pourquoi,je voudrais en ces instants,inviter les uns et les autres \u00e0 plus de retenue<br \/>\net de responsabilit\u00e9 dans la r\u00e9solution de leurs diff\u00e9rends.<\/p>\n<p>Par ailleurs,je voudrais \u00e9galement t\u00e9moigner toute ma compassion \u00e0 toutes nos<br \/>\nforces combattantes tomb\u00e9es sur le champ d&rsquo;honneur pour la d\u00e9fense de la Patrie.Que<br \/>\nla terre libre du Burkina Faso leur soit l\u00e9g\u00e8re.<br \/>\nMes veux de prompt r\u00e9tablissement accompagnent les blesses et les malades!Je<br \/>\ntraduis toute ma solidarit\u00e9 a l&rsquo;endroit des familles \u00e9prouv\u00e9es.<\/p>\n<p>Je prie le Dieu de Mis\u00e9ricorde et les Manes de nos anc\u00eatres de b\u00e9nir la province<br \/>\ndu Yatenga et le Burkina Faso tout au long de l&rsquo;ann\u00e9e 2026.<\/p>\n<p>Puisse cette nouvelle ann\u00e9e 2026 etre une ann\u00e9e de Paix totale,de Sante et de<br \/>\nprosp\u00e9rit\u00e9 pour tous les habitants de la province du Yatenga.<\/p>\n<p>Bonne et Heureuse Ann\u00e9e 2026 a toutes et \u00e0 tous<\/p>\n<p>La patrie ou La Mort,Nous Vaincrons!<br \/>\n#AIB<\/p>\n","protected":false},"excerpt":{"rendered":"<p>YATENGA\/HAUT COMMISSARIAT &#8211; VOEUX DE NOUVEL AN Ouahigouya, 31 d\u00e9c 2025 (AIB)- A l&rsquo;occasion de la nouvelle ann\u00e9e 2026, le Haut commissaire de la province du Yatenga Pierre Claver Banc\u00e9 a adress\u00e9 un message aux populations de son ressort territorial. Il a remerci\u00e9 les forces vives en particulier pour leur pr\u00e9cieuses contributions \u00e0 la coh\u00e9sion [&hellip;]<\/p>\n","protected":false},"author":10,"featured_media":136872,"comment_status":"open","ping_status":"open","sticky":false,"template":"","format":"standard","meta":{"advanced_seo_description":"","jetpack_seo_html_title":"","jetpack_seo_noindex":false,"jetpack_post_was_ever_published":false,"footnotes":""},"categories":[173,789,37,93,203,124,51,125,38,126,127],"tags":[],"class_list":{"0":"post-136871","1":"post","2":"type-post","3":"status-publish","4":"format-standard","5":"has-post-thumbnail","7":"category-depeches","8":"category-developpement","9":"category-economie","10":"category-flashinfos","11":"category-la-une-aib","12":"category-loroum","13":"category-nord","14":"category-passore","15":"category-politique","16":"category-yatenga","17":"category-zondoma"},"jetpack_featured_media_url":"https:\/\/i0.wp.com\/www.aib.media\/wp-content\/uploads\/2026\/01\/FB_IMG_1767301191433.jpg?fit=331%2C437&ssl=1","jetpack_shortlink":"https:\/\/wp.me\/pavbHe-zBB","_links":{"self":[{"href":"https:\/\/www.aib.media\/index.php?rest_route=\/wp\/v2\/posts\/136871","targetHints":{"allow":["GET"]}}],"collection":[{"href":"https:\/\/www.aib.media\/index.php?rest_route=\/wp\/v2\/posts"}],"about":[{"href":"https:\/\/www.aib.media\/index.php?rest_route=\/wp\/v2\/types\/post"}],"author":[{"embeddable":true,"href":"https:\/\/www.aib.media\/index.php?rest_route=\/wp\/v2\/users\/10"}],"replies":[{"embeddable":true,"href":"https:\/\/www.aib.media\/index.php?rest_route=%2Fwp%2Fv2%2Fcomments&post=136871"}],"version-history":[{"count":0,"href":"https:\/\/www.aib.media\/index.php?rest_route=\/wp\/v2\/posts\/136871\/revisions"}],"wp:featuredmedia":[{"embeddable":true,"href":"https:\/\/www.aib.media\/index.php?rest_route=\/wp\/v2\/media\/136872"}],"wp:attachment":[{"href":"https:\/\/www.aib.media\/index.php?rest_route=%2Fwp%2Fv2%2Fmedia&parent=136871"}],"wp:term":[{"taxonomy":"category","embeddable":true,"href":"https:\/\/www.aib.media\/index.php?rest_route=%2Fwp%2Fv2%2Fcategories&post=136871"},{"taxonomy":"post_tag","embeddable":true,"href":"https:\/\/www.aib.media\/index.php?rest_route=%2Fwp%2Fv2%2Ftags&post=136871"}],"curies":[{"name":"wp","href":"https:\/\/api.w.org\/{rel}","templated":true}]}}