{"id":136867,"date":"2026-01-01T20:58:39","date_gmt":"2026-01-01T20:58:39","guid":{"rendered":"https:\/\/www.aib.media\/?p=136867"},"modified":"2026-01-01T20:58:39","modified_gmt":"2026-01-01T20:58:39","slug":"vaillantes-populations-de-la-region-de-yaadga","status":"publish","type":"post","link":"https:\/\/www.aib.media\/?p=136867","title":{"rendered":"Vaillantes populations de la r\u00e9gion de Yaadga,"},"content":{"rendered":"<p>Message du nouvel an de Monsieur le Gouverneur d la r\u00e9gion de Yaadga<\/p>\n<p><strong>Vaillantes populations de la r\u00e9gion de Yaadga,<\/strong><\/p>\n<p>L&rsquo;ann\u00e9e 2025 a \u00e9t\u00e9 celle de la poursuite des actions offensives engag\u00e9es dans le cadre de la reconqu\u00eate du territoire national.<\/p>\n<p>Dans notre r\u00e9gion, malgr\u00e9 les difficult\u00e9s rencontr\u00e9es, les territoires reconquis ont \u00e9t\u00e9 consolid\u00e9s. Les populations ont donn\u00e9 le meilleur d&rsquo;elles m\u00eames face aux difficult\u00e9s quotidiennes li\u00e9es \u00e0 la crise s\u00e9curitaire et humanitaire. Et dans cette r\u00e9silience, elles ont r\u00e9pondu favorablement \u00e0 l&rsquo;effort de paix, \u00e0 l&rsquo;offensive agropastorale et halieutique, ainsi qu\u2019\u00e0 tous les grands chantiers du Chef de l&rsquo;Etat.<\/p>\n<p>C&rsquo;est un engagement qui d\u00e9note de notre attachement \u00e0 notre cher pays et \u00e0 sa souverainet\u00e9.<\/p>\n<p>C&rsquo;est le lieu pour moi, de rendre un vibrant hommage \u00e0 toutes les forces combattantes, pour leur engagement et leur d\u00e9termination<br \/>\nsur le th\u00e9\u00e2tre des op\u00e9rations.<\/p>\n<p>Je m&rsquo;incline devant la m\u00e9moire de tous ceux et celles qui ont consenti le sacrifice supr\u00eame, source de notre r\u00e9silience et de notre d\u00e9termination pour une souverainet\u00e9 totale, et souhaite un prompt r\u00e9tablissement aux bless\u00e9s.<\/p>\n<p>J&rsquo;exprime ma gratitude \u00e0 toute la population qui \u0153uvre inlassablement pour le d\u00e9veloppement socio-\u00e9conomique et le raffermissement de la paix dans la r\u00e9gion.<\/p>\n<p>Dans le cadre de la R\u00e9volution progressiste populaire en marche, je vous exhorte \u00e0 pers\u00e9v\u00e9rer dans la r\u00e9silience en gardant toujours allum\u00e9, la flamme du patriotisme, de la solidarit\u00e9 et de la coh\u00e9sion sociale.<\/p>\n<p>Je formule \u00e0 toutes et \u00e0 tous mes v\u0153ux de paix, de sant\u00e9, de succ\u00e8s et de victoire.<\/p>\n<p>Bonne et heureuse ann\u00e9e 2026 \u00e0 toutes et \u00e0 tous.<\/p>\n<p>Vive la r\u00e9gion de Yaadga<\/p>\n<p>Paix et S\u00e9curit\u00e9 pour le Burkina Faso<\/p>\n<p>La patrie ou la mort, nous vaincrons!<\/p>\n<p>#AIB<\/p>\n","protected":false},"excerpt":{"rendered":"<p>Message du nouvel an de Monsieur le Gouverneur d la r\u00e9gion de Yaadga Vaillantes populations de la r\u00e9gion de Yaadga, L&rsquo;ann\u00e9e 2025 a \u00e9t\u00e9 celle de la poursuite des actions offensives engag\u00e9es dans le cadre de la reconqu\u00eate du territoire national. Dans notre r\u00e9gion, malgr\u00e9 les difficult\u00e9s rencontr\u00e9es, les territoires reconquis ont \u00e9t\u00e9 consolid\u00e9s. Les [&hellip;]<\/p>\n","protected":false},"author":10,"featured_media":136869,"comment_status":"open","ping_status":"open","sticky":false,"template":"","format":"standard","meta":{"advanced_seo_description":"","jetpack_seo_html_title":"","jetpack_seo_noindex":false,"jetpack_post_was_ever_published":false,"footnotes":""},"categories":[173,789,37,93,203,124,51,125,38,126,127],"tags":[],"class_list":{"0":"post-136867","1":"post","2":"type-post","3":"status-publish","4":"format-standard","5":"has-post-thumbnail","7":"category-depeches","8":"category-developpement","9":"category-economie","10":"category-flashinfos","11":"category-la-une-aib","12":"category-loroum","13":"category-nord","14":"category-passore","15":"category-politique","16":"category-yatenga","17":"category-zondoma"},"jetpack_featured_media_url":"https:\/\/i0.wp.com\/www.aib.media\/wp-content\/uploads\/2026\/01\/FB_IMG_1767301009330.jpg?fit=784%2C567&ssl=1","jetpack_shortlink":"https:\/\/wp.me\/pavbHe-zBx","_links":{"self":[{"href":"https:\/\/www.aib.media\/index.php?rest_route=\/wp\/v2\/posts\/136867","targetHints":{"allow":["GET"]}}],"collection":[{"href":"https:\/\/www.aib.media\/index.php?rest_route=\/wp\/v2\/posts"}],"about":[{"href":"https:\/\/www.aib.media\/index.php?rest_route=\/wp\/v2\/types\/post"}],"author":[{"embeddable":true,"href":"https:\/\/www.aib.media\/index.php?rest_route=\/wp\/v2\/users\/10"}],"replies":[{"embeddable":true,"href":"https:\/\/www.aib.media\/index.php?rest_route=%2Fwp%2Fv2%2Fcomments&post=136867"}],"version-history":[{"count":0,"href":"https:\/\/www.aib.media\/index.php?rest_route=\/wp\/v2\/posts\/136867\/revisions"}],"wp:featuredmedia":[{"embeddable":true,"href":"https:\/\/www.aib.media\/index.php?rest_route=\/wp\/v2\/media\/136869"}],"wp:attachment":[{"href":"https:\/\/www.aib.media\/index.php?rest_route=%2Fwp%2Fv2%2Fmedia&parent=136867"}],"wp:term":[{"taxonomy":"category","embeddable":true,"href":"https:\/\/www.aib.media\/index.php?rest_route=%2Fwp%2Fv2%2Fcategories&post=136867"},{"taxonomy":"post_tag","embeddable":true,"href":"https:\/\/www.aib.media\/index.php?rest_route=%2Fwp%2Fv2%2Ftags&post=136867"}],"curies":[{"name":"wp","href":"https:\/\/api.w.org\/{rel}","templated":true}]}}