{"id":136864,"date":"2026-01-01T20:56:26","date_gmt":"2026-01-01T20:56:26","guid":{"rendered":"https:\/\/www.aib.media\/?p=136864"},"modified":"2026-01-01T20:56:26","modified_gmt":"2026-01-01T20:56:26","slug":"tannounyan-le-gouverneur-patrice-yeye-presente-ses-voeux-2026-sous-le-sceau-de-la-victoire-de-la-vigilance-et-de-la-resilience","status":"publish","type":"post","link":"https:\/\/www.aib.media\/?p=136864","title":{"rendered":"Tannounyan : le gouverneur Patrice Y\u00e9y\u00e9 pr\u00e9sente ses v\u0153ux 2026 sous le sceau de la victoire, de la vigilance et de la r\u00e9silience"},"content":{"rendered":"<p><strong>Tannounyan : le gouverneur Patrice Y\u00e9y\u00e9 pr\u00e9sente ses v\u0153ux 2026 sous le sceau de la victoire, de la vigilance et de la r\u00e9silience<\/strong><\/p>\n<p>Banfora, 29 d\u00e9cembre 2025 (AIB) \u2013 \u00c0 l\u2019occasion du Nouvel An 2026, le gouverneur de la r\u00e9gion des Tannounyan, Patrice Y\u00e9y\u00e9, contr\u00f4leur g\u00e9n\u00e9ral de police, a adress\u00e9 ses v\u0153ux aux populations de la r\u00e9gion, dans un message empreint de reconnaissance, d\u2019espoir et d\u2019engagement patriotique.<\/p>\n<p>Le gouverneur est revenu sur l\u2019ann\u00e9e 2025, qualifi\u00e9e d\u2019ann\u00e9e de victoire dans le cadre de la reconqu\u00eate du territoire national. Plusieurs localit\u00e9s de la r\u00e9gion des Tannounyan, autrefois sous la menace terroriste, ont \u00e9t\u00e9 lib\u00e9r\u00e9es, permettant la r\u00e9installation de l\u2019administration et la reprise paisible des activit\u00e9s par les populations.<\/p>\n<p>Patrice Y\u00e9y\u00e9 a rendu un vibrant hommage aux forces combattantes pour leur engagement et leur d\u00e9termination sur le th\u00e9\u00e2tre des op\u00e9rations. Il s\u2019est \u00e9galement inclin\u00e9 devant la m\u00e9moire des martyrs tomb\u00e9s pour la patrie, saluant leur sacrifice supr\u00eame, socle de la r\u00e9silience nationale. Aux bless\u00e9s, il a adress\u00e9 des v\u0153ux de prompt r\u00e9tablissement.<\/p>\n<p>Le gouverneur a, par ailleurs, exprim\u00e9 sa gratitude \u00e0 l\u2019ensemble des acteurs, personnes physiques et morales, qui \u0153uvrent au d\u00e9veloppement socio\u00e9conomique et au raffermissement de la paix dans la r\u00e9gion.<\/p>\n<p>Tout en se f\u00e9licitant des victoires engrang\u00e9es, il a appel\u00e9 les populations \u00e0 maintenir une vigilance constante et \u00e0 pers\u00e9v\u00e9rer dans la r\u00e9silience, en cultivant le patriotisme, la solidarit\u00e9 et la coh\u00e9sion sociale.<\/p>\n<p>S\u2019inscrivant dans la dynamique de la R\u00e9volution progressiste populaire impuls\u00e9e par le Pr\u00e9sident du Faso, le Capitaine Ibrahim Traor\u00e9, le gouverneur a mis en lumi\u00e8re plusieurs initiatives endog\u00e8nes d\u00e9ploy\u00e9es dans la r\u00e9gion, notamment l\u2019offensive agropastorale et halieutique, la transformation et la consommation locales, D\u00e8m\u00e8 Sira et Faso M\u00eabo.<\/p>\n<p>Autant de leviers, selon lui, pour renforcer la souverainet\u00e9 alimentaire et le d\u00e9veloppement durable.<\/p>\n<p>En conclusion, le premier responsable de la r\u00e9gion a invit\u00e9 les forces vives des Tannounyan \u00e0 f\u00e9d\u00e9rer leurs intelligences et leurs \u00e9nergies afin de faire de ces initiatives pr\u00e9sidentielles un succ\u00e8s total. Il a formul\u00e9 des v\u0153ux de paix, de s\u00e9r\u00e9nit\u00e9 et de victoire pour la r\u00e9gion, exhortant les populations \u00e0 c\u00e9l\u00e9brer la nouvelle ann\u00e9e dans la sobri\u00e9t\u00e9 et la solidarit\u00e9.<\/p>\n<p>Bonne et heureuse ann\u00e9e 2026 aux populations des Tannounyan, avec une pens\u00e9e pour la paix et la prosp\u00e9rit\u00e9 du Burkina Faso.<\/p>\n<p>Agence d&rsquo;information du Burkina<br \/>\nJean Paul YEKPAYE \u2013 AIB\/Como\u00e9<\/p>\n<p>#AIB<\/p>\n","protected":false},"excerpt":{"rendered":"<p>Tannounyan : le gouverneur Patrice Y\u00e9y\u00e9 pr\u00e9sente ses v\u0153ux 2026 sous le sceau de la victoire, de la vigilance et de la r\u00e9silience Banfora, 29 d\u00e9cembre 2025 (AIB) \u2013 \u00c0 l\u2019occasion du Nouvel An 2026, le gouverneur de la r\u00e9gion des Tannounyan, Patrice Y\u00e9y\u00e9, contr\u00f4leur g\u00e9n\u00e9ral de police, a adress\u00e9 ses v\u0153ux aux populations de [&hellip;]<\/p>\n","protected":false},"author":10,"featured_media":136865,"comment_status":"open","ping_status":"open","sticky":false,"template":"","format":"standard","meta":{"advanced_seo_description":"","jetpack_seo_html_title":"","jetpack_seo_noindex":false,"jetpack_post_was_ever_published":false,"footnotes":""},"categories":[44,100,60,173,789,37,93,203,101,38],"tags":[],"class_list":{"0":"post-136864","1":"post","2":"type-post","3":"status-publish","4":"format-standard","5":"has-post-thumbnail","7":"category-cascade","8":"category-comoe","9":"category-culture","10":"category-depeches","11":"category-developpement","12":"category-economie","13":"category-flashinfos","14":"category-la-une-aib","15":"category-leraba","16":"category-politique"},"jetpack_featured_media_url":"https:\/\/i0.wp.com\/www.aib.media\/wp-content\/uploads\/2026\/01\/FB_IMG_1767300901624.jpg?fit=992%2C744&ssl=1","jetpack_shortlink":"https:\/\/wp.me\/pavbHe-zBu","_links":{"self":[{"href":"https:\/\/www.aib.media\/index.php?rest_route=\/wp\/v2\/posts\/136864","targetHints":{"allow":["GET"]}}],"collection":[{"href":"https:\/\/www.aib.media\/index.php?rest_route=\/wp\/v2\/posts"}],"about":[{"href":"https:\/\/www.aib.media\/index.php?rest_route=\/wp\/v2\/types\/post"}],"author":[{"embeddable":true,"href":"https:\/\/www.aib.media\/index.php?rest_route=\/wp\/v2\/users\/10"}],"replies":[{"embeddable":true,"href":"https:\/\/www.aib.media\/index.php?rest_route=%2Fwp%2Fv2%2Fcomments&post=136864"}],"version-history":[{"count":0,"href":"https:\/\/www.aib.media\/index.php?rest_route=\/wp\/v2\/posts\/136864\/revisions"}],"wp:featuredmedia":[{"embeddable":true,"href":"https:\/\/www.aib.media\/index.php?rest_route=\/wp\/v2\/media\/136865"}],"wp:attachment":[{"href":"https:\/\/www.aib.media\/index.php?rest_route=%2Fwp%2Fv2%2Fmedia&parent=136864"}],"wp:term":[{"taxonomy":"category","embeddable":true,"href":"https:\/\/www.aib.media\/index.php?rest_route=%2Fwp%2Fv2%2Fcategories&post=136864"},{"taxonomy":"post_tag","embeddable":true,"href":"https:\/\/www.aib.media\/index.php?rest_route=%2Fwp%2Fv2%2Ftags&post=136864"}],"curies":[{"name":"wp","href":"https:\/\/api.w.org\/{rel}","templated":true}]}}