{"id":136732,"date":"2025-12-31T22:36:58","date_gmt":"2025-12-31T22:36:58","guid":{"rendered":"https:\/\/www.aib.media\/?p=136732"},"modified":"2025-12-31T22:36:58","modified_gmt":"2025-12-31T22:36:58","slug":"burkina-le-president-du-faso-met-en-avant-les-economies-dechelle-comme-levier-de-croissance","status":"publish","type":"post","link":"https:\/\/www.aib.media\/?p=136732","title":{"rendered":"Burkina : le Pr\u00e9sident du Faso met en avant les \u00e9conomies d\u2019\u00e9chelle comme levier de croissance"},"content":{"rendered":"<p><strong>Burkina : le Pr\u00e9sident du Faso met en avant les \u00e9conomies d\u2019\u00e9chelle comme levier de croissance<\/strong><\/p>\n<p>Ouagadougou, 31 d\u00e9c. 2025 (AIB)-Le Pr\u00e9sident du Faso, le Capitaine Ibrahim Traor\u00e9, a affirm\u00e9 mercredi, que l\u2019ann\u00e9e 2025 a marqu\u00e9 une \u00e9tape importante dans l\u2019assainissement et la consolidation de l\u2019\u00e9conomie burkinab\u00e8, avec un accent particulier mis sur la r\u00e9alisation d\u2019\u00e9conomies d\u2019\u00e9chelle dans les secteurs strat\u00e9giques.<\/p>\n<p>Dans son message de fin d\u2019ann\u00e9e \u00e0 la Nation, le Chef de l\u2019\u00c9tat a indiqu\u00e9 que la construction des infrastructures par des moyens endog\u00e8nes, notamment dans les domaines de l\u2019agriculture, de la d\u00e9fense et des travaux publics, a permis \u00e0 l\u2019\u00c9tat de r\u00e9duire significativement les co\u00fbts et d\u2019optimiser l\u2019utilisation des ressources publiques.<\/p>\n<p>\u00ab Les efforts consentis dans l\u2019agriculture, la d\u00e9fense et les infrastructures, en construisant nous-m\u00eames nos ouvrages, nous permettent de r\u00e9aliser d\u2019importantes \u00e9conomies d\u2019\u00e9chelle \u00bb, a-t-il d\u00e9clar\u00e9, soulignant que cette approche contribue \u00e0 la ma\u00eetrise des d\u00e9penses de fonctionnement de l\u2019administration.<br \/>\nLe Capitaine Ibrahim Traor\u00e9 a \u00e9galement \u00e9voqu\u00e9 les secteurs de l\u2019\u00e9nergie et de l\u2019eau, o\u00f9 de nouvelles initiatives sont en cours afin de mutualiser les investissements et de renforcer les capacit\u00e9s nationales, dans une logique de r\u00e9duction des co\u00fbts et d\u2019am\u00e9lioration de l\u2019acc\u00e8s des populations aux services de base.<\/p>\n<p>Il a indiqu\u00e9 que les \u00e9conomies d\u2019\u00e9chelle permettent de d\u00e9gager des ressources pour investir dans des domaines structurants.<br \/>\nSelon le Pr\u00e9sident du Faso, cette strat\u00e9gie \u00e9conomique s\u2019inscrit dans une dynamique globale de renforcement de la souverainet\u00e9 \u00e9conomique, soutenue par la digitalisation des r\u00e9gies financi\u00e8res, la lutte contre la fraude et l\u2019introduction prochaine de la facture \u00e9lectronique certifi\u00e9e.<\/p>\n<p>Le Chef de l\u2019\u00c9tat a enfin assur\u00e9 que la poursuite des \u00e9conomies d\u2019\u00e9chelle, combin\u00e9e \u00e0 l\u2019exploitation directe des ressources mini\u00e8res, permettra d\u00e8s 2026 d\u2019accro\u00eetre significativement le produit int\u00e9rieur brut et de poser les bases d\u2019une \u00e9conomie burkinab\u00e8 \u00e9mergente, r\u00e9siliente et tourn\u00e9e vers le d\u00e9veloppement endog\u00e8ne.<\/p>\n<p>Agence d\u2019Information du Burkina<br \/>\nATA\/as<\/p>\n","protected":false},"excerpt":{"rendered":"<p>Burkina : le Pr\u00e9sident du Faso met en avant les \u00e9conomies d\u2019\u00e9chelle comme levier de croissance Ouagadougou, 31 d\u00e9c. 2025 (AIB)-Le Pr\u00e9sident du Faso, le Capitaine Ibrahim Traor\u00e9, a affirm\u00e9 mercredi, que l\u2019ann\u00e9e 2025 a marqu\u00e9 une \u00e9tape importante dans l\u2019assainissement et la consolidation de l\u2019\u00e9conomie burkinab\u00e8, avec un accent particulier mis sur la r\u00e9alisation [&hellip;]<\/p>\n","protected":false},"author":10,"featured_media":136727,"comment_status":"open","ping_status":"open","sticky":false,"template":"","format":"standard","meta":{"advanced_seo_description":"","jetpack_seo_html_title":"","jetpack_seo_noindex":false,"jetpack_post_was_ever_published":false,"footnotes":""},"categories":[42,60,173,789,37,102,203,38],"tags":[],"class_list":{"0":"post-136732","1":"post","2":"type-post","3":"status-publish","4":"format-standard","5":"has-post-thumbnail","7":"category-centre","8":"category-culture","9":"category-depeches","10":"category-developpement","11":"category-economie","12":"category-kadiogo","13":"category-la-une-aib","14":"category-politique"},"jetpack_featured_media_url":"https:\/\/i0.wp.com\/www.aib.media\/wp-content\/uploads\/2025\/12\/FB_IMG_1767216879927.jpg?fit=1024%2C811&ssl=1","jetpack_shortlink":"https:\/\/wp.me\/pavbHe-zzm","_links":{"self":[{"href":"https:\/\/www.aib.media\/index.php?rest_route=\/wp\/v2\/posts\/136732","targetHints":{"allow":["GET"]}}],"collection":[{"href":"https:\/\/www.aib.media\/index.php?rest_route=\/wp\/v2\/posts"}],"about":[{"href":"https:\/\/www.aib.media\/index.php?rest_route=\/wp\/v2\/types\/post"}],"author":[{"embeddable":true,"href":"https:\/\/www.aib.media\/index.php?rest_route=\/wp\/v2\/users\/10"}],"replies":[{"embeddable":true,"href":"https:\/\/www.aib.media\/index.php?rest_route=%2Fwp%2Fv2%2Fcomments&post=136732"}],"version-history":[{"count":0,"href":"https:\/\/www.aib.media\/index.php?rest_route=\/wp\/v2\/posts\/136732\/revisions"}],"wp:featuredmedia":[{"embeddable":true,"href":"https:\/\/www.aib.media\/index.php?rest_route=\/wp\/v2\/media\/136727"}],"wp:attachment":[{"href":"https:\/\/www.aib.media\/index.php?rest_route=%2Fwp%2Fv2%2Fmedia&parent=136732"}],"wp:term":[{"taxonomy":"category","embeddable":true,"href":"https:\/\/www.aib.media\/index.php?rest_route=%2Fwp%2Fv2%2Fcategories&post=136732"},{"taxonomy":"post_tag","embeddable":true,"href":"https:\/\/www.aib.media\/index.php?rest_route=%2Fwp%2Fv2%2Ftags&post=136732"}],"curies":[{"name":"wp","href":"https:\/\/api.w.org\/{rel}","templated":true}]}}