{"id":136698,"date":"2025-12-31T15:14:42","date_gmt":"2025-12-31T15:14:42","guid":{"rendered":"https:\/\/www.aib.media\/?p=136698"},"modified":"2025-12-31T15:14:42","modified_gmt":"2025-12-31T15:14:42","slug":"koulse-faso-mebo-la-1re-legion-de-gendarmerie-de-kaya-participe-a-la-confection-de-paves","status":"publish","type":"post","link":"https:\/\/www.aib.media\/?p=136698","title":{"rendered":"Kouls\u00e9\/Faso M\u00eabo : La 1re L\u00e9gion de gendarmerie de Kaya participe \u00e0 la confection de pav\u00e9s"},"content":{"rendered":"<p><strong>Kouls\u00e9\/Faso M\u00eabo : La 1re L\u00e9gion de gendarmerie de Kaya participe \u00e0 la confection de pav\u00e9s<\/strong><\/p>\n<p>Kaya, 30 d\u00e9c. 2025 (AIB) \u2013 A la suite d\u2019autres unit\u00e9s des forces de d\u00e9fenses et de s\u00e9curit\u00e9, le personnel de la Premi\u00e8re L\u00e9gion de gendarmerie a investi, le mardi le site de Faso M\u00eabo \u00e0 Kaya, pour une journ\u00e9e de travaux d\u2019int\u00e9r\u00eat g\u00e9n\u00e9ral consacr\u00e9e \u00e0 la confection de pav\u00e9s.<\/p>\n<p>Sous l\u2019\u00e9gide du Colonel Th\u00e9ophile Tago, commandant de ladite l\u00e9gion, le personnel de gendarmerie a pour l\u2019occasion, abandonn\u00e9 stylos, sifflets, casques, gilets balistiques et armes au profit des brouettes, pelles et trouelles, afin de participer activement aux op\u00e9rations de production de pav\u00e9s sur le site de Faso M\u00eabo \u00e0 Kaya.<\/p>\n<p>De 8 heures \u00e0 12 heures, ce sont des centaines de pav\u00e9s qui ont \u00e9t\u00e9 fabriqu\u00e9s par les hommes du colonel Tago. A travers cet appui physique, les gendarmes ont t\u00e9moign\u00e9 de leur pleine adh\u00e9sion cette initiative pr\u00e9sidentielle.<\/p>\n<p>Pour le Commandant Th\u00e9ophile Tago, cette initiative est un appel \u00e0 la solidarit\u00e9 des diff\u00e9rentes couches socioprofessionnelles \u00e0 mettre main \u00e0 la p\u00e2te pour acc\u00e9l\u00e9rer le d\u00e9veloppement local.<\/p>\n<p>Cette mobilisation de la L\u00e9gion de gendarmerie a \u00e9t\u00e9 salu\u00e9e par le coordonnateur r\u00e9gional adjoint de Faso M\u00eabo, l\u2019adjudant Soumaila Guiwa. Il a qualifi\u00e9 ce geste de patriotique et a souhait\u00e9 que d&rsquo;autres structures embo\u00eetent le pas.<\/p>\n<p>Agence d\u2019Information du Burkina<br \/>\nAIO\/bak<\/p>\n<p>#AIB<\/p>\n","protected":false},"excerpt":{"rendered":"<p>Kouls\u00e9\/Faso M\u00eabo : La 1re L\u00e9gion de gendarmerie de Kaya participe \u00e0 la confection de pav\u00e9s Kaya, 30 d\u00e9c. 2025 (AIB) \u2013 A la suite d\u2019autres unit\u00e9s des forces de d\u00e9fenses et de s\u00e9curit\u00e9, le personnel de la Premi\u00e8re L\u00e9gion de gendarmerie a investi, le mardi le site de Faso M\u00eabo \u00e0 Kaya, pour une [&hellip;]<\/p>\n","protected":false},"author":10,"featured_media":136699,"comment_status":"open","ping_status":"open","sticky":false,"template":"","format":"standard","meta":{"advanced_seo_description":"","jetpack_seo_html_title":"","jetpack_seo_noindex":false,"jetpack_post_was_ever_published":false,"footnotes":""},"categories":[106,46,60,173,789,37,93,203,107,38,108],"tags":[],"class_list":{"0":"post-136698","1":"post","2":"type-post","3":"status-publish","4":"format-standard","5":"has-post-thumbnail","7":"category-bam","8":"category-centre-nord","9":"category-culture","10":"category-depeches","11":"category-developpement","12":"category-economie","13":"category-flashinfos","14":"category-la-une-aib","15":"category-namentenga","16":"category-politique","17":"category-sanmatenga"},"jetpack_featured_media_url":"https:\/\/i0.wp.com\/www.aib.media\/wp-content\/uploads\/2025\/12\/FB_IMG_1767193999659.jpg?fit=1080%2C736&ssl=1","jetpack_shortlink":"https:\/\/wp.me\/pavbHe-zyO","_links":{"self":[{"href":"https:\/\/www.aib.media\/index.php?rest_route=\/wp\/v2\/posts\/136698","targetHints":{"allow":["GET"]}}],"collection":[{"href":"https:\/\/www.aib.media\/index.php?rest_route=\/wp\/v2\/posts"}],"about":[{"href":"https:\/\/www.aib.media\/index.php?rest_route=\/wp\/v2\/types\/post"}],"author":[{"embeddable":true,"href":"https:\/\/www.aib.media\/index.php?rest_route=\/wp\/v2\/users\/10"}],"replies":[{"embeddable":true,"href":"https:\/\/www.aib.media\/index.php?rest_route=%2Fwp%2Fv2%2Fcomments&post=136698"}],"version-history":[{"count":0,"href":"https:\/\/www.aib.media\/index.php?rest_route=\/wp\/v2\/posts\/136698\/revisions"}],"wp:featuredmedia":[{"embeddable":true,"href":"https:\/\/www.aib.media\/index.php?rest_route=\/wp\/v2\/media\/136699"}],"wp:attachment":[{"href":"https:\/\/www.aib.media\/index.php?rest_route=%2Fwp%2Fv2%2Fmedia&parent=136698"}],"wp:term":[{"taxonomy":"category","embeddable":true,"href":"https:\/\/www.aib.media\/index.php?rest_route=%2Fwp%2Fv2%2Fcategories&post=136698"},{"taxonomy":"post_tag","embeddable":true,"href":"https:\/\/www.aib.media\/index.php?rest_route=%2Fwp%2Fv2%2Ftags&post=136698"}],"curies":[{"name":"wp","href":"https:\/\/api.w.org\/{rel}","templated":true}]}}