{"id":136678,"date":"2025-12-29T09:41:15","date_gmt":"2025-12-29T09:41:15","guid":{"rendered":"https:\/\/www.aib.media\/?p=136678"},"modified":"2025-12-29T09:41:15","modified_gmt":"2025-12-29T09:41:15","slug":"can-2025-les-etalons-trebuchent-face-aux-fennecs-0-1-2","status":"publish","type":"post","link":"https:\/\/www.aib.media\/?p=136678","title":{"rendered":"CAN 2025 : les Etalons tr\u00e9buchent face aux Fennecs (0-1)"},"content":{"rendered":"<p>FOOT-BFA-MAR-ALG-AFR-SPORT-CAF-CAN2025<\/p>\n<p><strong>CAN 2025 : les Etalons tr\u00e9buchent face aux Fennecs (0-1)<\/strong><br \/>\n<strong>Ouagadougou, 28 d\u00e9c. 2025 (AIB)-Les Etalons du Burkina Faso ont \u00e9t\u00e9 battus 1 \u00e0 0 dimanche par les Fennecs d\u2019Alg\u00e9rie au stade Prince Moulaye Hassane de Rabat, comptant pour la 2e journ\u00e9e de la CAN Maroc 2025, dans le groupe E.<\/strong><br \/>\nLes Etalons ont \u00e9t\u00e9 surpris par ce penalty matinal marqu\u00e9 par le capitaine des Fennecs Ryad Mahrez depuis la 23e minute. Apr\u00e8s ce but l\u2019\u00e9quipe burkinab\u00e8 a assi\u00e9g\u00e9 le camp alg\u00e9rien sans parvenir \u00e0 revenir \u00e0 la marque.<br \/>\nMalgr\u00e9 cette d\u00e9faite le Burkina Faso (3 points+0) garde la 2e place du groupe E derri\u00e8re l\u2019Alg\u00e9rie (6 points+4). Auteur d\u2019une victoire face \u00e0 la Guin\u00e9e \u00e9quatoriale (1-0), le Soudan (3 points \u2013 2) est 3e et doit croiser le Burkina Faso le 30 d\u00e9cembre prochain \u00e0 Casablanca lors de la 3e journ\u00e9e du groupe E. Au m\u00eame moment l\u2019Alg\u00e9rie sera face \u00e0 la Guin\u00e9e \u00e9quatoriale.<br \/>\nLa Can Maroc 2025 se joue du 21 d\u00e9cembre 2025 au 18 janvier 2026.<\/p>\n<p><strong>Agence d\u2019information du Burkina<\/strong><br \/>\n<strong>as\/ata<\/strong><\/p>\n","protected":false},"excerpt":{"rendered":"<p>FOOT-BFA-MAR-ALG-AFR-SPORT-CAF-CAN2025 CAN 2025 : les Etalons tr\u00e9buchent face aux Fennecs (0-1) Ouagadougou, 28 d\u00e9c. 2025 (AIB)-Les Etalons du Burkina Faso ont \u00e9t\u00e9 battus 1 \u00e0 0 dimanche par les Fennecs d\u2019Alg\u00e9rie au stade Prince Moulaye Hassane de Rabat, comptant pour la 2e journ\u00e9e de la CAN Maroc 2025, dans le groupe E. Les Etalons ont [&hellip;]<\/p>\n","protected":false},"author":16,"featured_media":136679,"comment_status":"open","ping_status":"open","sticky":false,"template":"","format":"standard","meta":{"advanced_seo_description":"","jetpack_seo_html_title":"","jetpack_seo_noindex":false,"jetpack_post_was_ever_published":false,"footnotes":""},"categories":[55,173,93,71,790,203,39],"tags":[],"class_list":{"0":"post-136678","1":"post","2":"type-post","3":"status-publish","4":"format-standard","5":"has-post-thumbnail","7":"category-afrique","8":"category-depeches","9":"category-flashinfos","10":"category-football","11":"category-international","12":"category-la-une-aib","13":"category-sport"},"jetpack_featured_media_url":"https:\/\/i0.wp.com\/www.aib.media\/wp-content\/uploads\/2025\/12\/01-7.jpeg?fit=1600%2C1495&ssl=1","jetpack_shortlink":"https:\/\/wp.me\/pavbHe-zyu","_links":{"self":[{"href":"https:\/\/www.aib.media\/index.php?rest_route=\/wp\/v2\/posts\/136678","targetHints":{"allow":["GET"]}}],"collection":[{"href":"https:\/\/www.aib.media\/index.php?rest_route=\/wp\/v2\/posts"}],"about":[{"href":"https:\/\/www.aib.media\/index.php?rest_route=\/wp\/v2\/types\/post"}],"author":[{"embeddable":true,"href":"https:\/\/www.aib.media\/index.php?rest_route=\/wp\/v2\/users\/16"}],"replies":[{"embeddable":true,"href":"https:\/\/www.aib.media\/index.php?rest_route=%2Fwp%2Fv2%2Fcomments&post=136678"}],"version-history":[{"count":0,"href":"https:\/\/www.aib.media\/index.php?rest_route=\/wp\/v2\/posts\/136678\/revisions"}],"wp:featuredmedia":[{"embeddable":true,"href":"https:\/\/www.aib.media\/index.php?rest_route=\/wp\/v2\/media\/136679"}],"wp:attachment":[{"href":"https:\/\/www.aib.media\/index.php?rest_route=%2Fwp%2Fv2%2Fmedia&parent=136678"}],"wp:term":[{"taxonomy":"category","embeddable":true,"href":"https:\/\/www.aib.media\/index.php?rest_route=%2Fwp%2Fv2%2Fcategories&post=136678"},{"taxonomy":"post_tag","embeddable":true,"href":"https:\/\/www.aib.media\/index.php?rest_route=%2Fwp%2Fv2%2Ftags&post=136678"}],"curies":[{"name":"wp","href":"https:\/\/api.w.org\/{rel}","templated":true}]}}