{"id":126230,"date":"2025-09-04T12:53:01","date_gmt":"2025-09-04T12:53:01","guid":{"rendered":"https:\/\/www.aib.media\/?p=126230"},"modified":"2025-09-04T16:39:13","modified_gmt":"2025-09-04T16:39:13","slug":"loroum-le-nouveau-vaccin-sur-le-paludisme-integre-dans-la-routine","status":"publish","type":"post","link":"https:\/\/www.aib.media\/?p=126230","title":{"rendered":"Loroum : Le nouveau vaccin sur le paludisme int\u00e9gr\u00e9 dans la routine\u00a0"},"content":{"rendered":"<p>BURKINA-LOROUM-SANTE-PALUDISME-VACCINATION<\/p>\n<p><strong>Loroum : Le nouveau vaccin sur le paludisme int\u00e9gr\u00e9 dans la routine\u00a0<\/strong><\/p>\n<p><strong>Titao, le 3 sept. 2025 (AIB) &#8211; Le secr\u00e9taire g\u00e9n\u00e9ral de la province du Loroum, David Ayoro, a lanc\u00e9 le mardi 02 septembre 2025, le nouveau vaccin sur le paludisme dans l&rsquo;aire sanitaire de Titao.<\/strong><\/p>\n<p>C&rsquo;est au cours d&rsquo;une rencontre tenue avec les acteurs de la sant\u00e9 et les repr\u00e9sentants des communaut\u00e9s, le mardi 2 septembre 2025, que le secr\u00e9taire g\u00e9n\u00e9ral de la province du Loroum, David Ayoro, a lanc\u00e9 officiellement le vaccin sur le paludisme dans le district sanitaire.<\/p>\n<p>\u00ab C&rsquo;est un nouveau vaccin qui est introduit dans la vaccination de routine des enfants de 05 \u00e0 23 mois \u00bb, a expliqu\u00e9 le m\u00e9decin-chef du district sanitaire, Dr Rapha\u00ebl Zoundi, en pr\u00e9cisant que ce n&rsquo;est pas une campagne de vaccination.<\/p>\n<p>Le nouveau vaccin fait alors d\u00e9sormais partie du paquet de la vaccination de routine, et chaque enfant pourra en b\u00e9n\u00e9ficier des doses prescrites.<\/p>\n<p>Les leaders coutumiers et religieux, les organisations de la soci\u00e9t\u00e9 civile, ont \u00e9t\u00e9 invit\u00e9s \u00e0 relayer l&rsquo;information aupr\u00e8s des populations afin que l&rsquo;objectif de l&rsquo;introduction de ce vaccin \u00e0 savoir l&rsquo;\u00e9radication du paludisme soit une r\u00e9alit\u00e9.<\/p>\n<p>Le R21 est le vaccin homologu\u00e9 par l&rsquo;OMS dans la lutte contre le paludisme.<\/p>\n<p>Apr\u00e8s une exp\u00e9rimentation concluante dans 27 districts sanitaires le vaccin antipaludique passe \u00e0 l&rsquo;\u00e9chelle au Burkina Faso en 2025.<\/p>\n<p>L&rsquo;introduction du nouveau vaccin est coupl\u00e9e avec des activit\u00e9s de distribution des moustiquaires impr\u00e9gn\u00e9es et l&rsquo;assainissement du cadre de vie et la destruction des g\u00eetes larvaires.<\/p>\n<p>En rappel, au Burkina Faso, le paludisme demeure la premi\u00e8re cause de consultation dans les services de sant\u00e9.<\/p>\n<p><strong>Agence d&rsquo;information du Burkina\u00a0<\/strong><\/p>\n<p><strong>ASO\/hb\/oo<\/strong><\/p>\n","protected":false},"excerpt":{"rendered":"<p>BURKINA-LOROUM-SANTE-PALUDISME-VACCINATION Loroum : Le nouveau vaccin sur le paludisme int\u00e9gr\u00e9 dans la routine\u00a0 Titao, le 3 sept. 2025 (AIB) &#8211; Le secr\u00e9taire g\u00e9n\u00e9ral de la province du Loroum, David Ayoro, a lanc\u00e9 le mardi 02 septembre 2025, le nouveau vaccin sur le paludisme dans l&rsquo;aire sanitaire de Titao. C&rsquo;est au cours d&rsquo;une rencontre tenue avec [&hellip;]<\/p>\n","protected":false},"author":16,"featured_media":126233,"comment_status":"open","ping_status":"open","sticky":false,"template":"","format":"standard","meta":{"advanced_seo_description":"","jetpack_seo_html_title":"","jetpack_seo_noindex":false,"jetpack_post_was_ever_published":false,"footnotes":""},"categories":[173,789,93,203,124,51,40],"tags":[],"class_list":{"0":"post-126230","1":"post","2":"type-post","3":"status-publish","4":"format-standard","5":"has-post-thumbnail","7":"category-depeches","8":"category-developpement","9":"category-flashinfos","10":"category-la-une-aib","11":"category-loroum","12":"category-nord","13":"category-regions"},"jetpack_featured_media_url":"https:\/\/i0.wp.com\/www.aib.media\/wp-content\/uploads\/2025\/09\/IMG-20250904-WA0087.jpg?fit=1080%2C499&ssl=1","jetpack_shortlink":"https:\/\/wp.me\/pavbHe-wPY","_links":{"self":[{"href":"https:\/\/www.aib.media\/index.php?rest_route=\/wp\/v2\/posts\/126230","targetHints":{"allow":["GET"]}}],"collection":[{"href":"https:\/\/www.aib.media\/index.php?rest_route=\/wp\/v2\/posts"}],"about":[{"href":"https:\/\/www.aib.media\/index.php?rest_route=\/wp\/v2\/types\/post"}],"author":[{"embeddable":true,"href":"https:\/\/www.aib.media\/index.php?rest_route=\/wp\/v2\/users\/16"}],"replies":[{"embeddable":true,"href":"https:\/\/www.aib.media\/index.php?rest_route=%2Fwp%2Fv2%2Fcomments&post=126230"}],"version-history":[{"count":0,"href":"https:\/\/www.aib.media\/index.php?rest_route=\/wp\/v2\/posts\/126230\/revisions"}],"wp:featuredmedia":[{"embeddable":true,"href":"https:\/\/www.aib.media\/index.php?rest_route=\/wp\/v2\/media\/126233"}],"wp:attachment":[{"href":"https:\/\/www.aib.media\/index.php?rest_route=%2Fwp%2Fv2%2Fmedia&parent=126230"}],"wp:term":[{"taxonomy":"category","embeddable":true,"href":"https:\/\/www.aib.media\/index.php?rest_route=%2Fwp%2Fv2%2Fcategories&post=126230"},{"taxonomy":"post_tag","embeddable":true,"href":"https:\/\/www.aib.media\/index.php?rest_route=%2Fwp%2Fv2%2Ftags&post=126230"}],"curies":[{"name":"wp","href":"https:\/\/api.w.org\/{rel}","templated":true}]}}