{"id":118751,"date":"2025-06-15T13:37:54","date_gmt":"2025-06-15T13:37:54","guid":{"rendered":"https:\/\/www.aib.media\/?p=118751"},"modified":"2025-06-15T13:37:54","modified_gmt":"2025-06-15T13:37:54","slug":"mouhoun-le-programme-dassurance-climatique-indicielle-2025-lance-a-safane","status":"publish","type":"post","link":"https:\/\/www.aib.media\/?p=118751","title":{"rendered":"Mouhoun\u00a0: Le programme d&rsquo;assurance climatique indicielle 2025 lanc\u00e9 \u00e0\u00a0Safan\u00e9"},"content":{"rendered":"<p>BURKINA-MOUHOUN-AGRICULTURE-ASSURANCE-CLIMATIQUE-LANCEMENT<\/p>\n<p>Mouhoun\u00a0: Le programme d&rsquo;assurance climatique indicielle 2025 lanc\u00e9 \u00e0\u00a0Safan\u00e9<\/p>\n<p>D\u00e9dougou, le 12 juin 2025 (AIB)- Le Haut-commissaire de la province du Mouhoun, Souleymane Nakanabo, a pr\u00e9sid\u00e9, le jeudi 12 juin 2025 \u00e0 Safan\u00e9, le lancement de la campagne de souscription au Programme de promotion de l&rsquo;assurance climatique indicielle au Burkina Faso (PPACI-BF). Cet \u00e9v\u00e9nement marque une avanc\u00e9e significative dans la protection des producteurs contre les effets du changement climatique.<\/p>\n<p>Face aux al\u00e9as climatiques de plus en plus fr\u00e9quents, les agriculteurs doivent s&rsquo;adapter \u00e0 une r\u00e9alit\u00e9 o\u00f9 les p\u00e9riodes de s\u00e9cheresse et les inondations compromettent la stabilit\u00e9 des rendements agricoles et entraine de nombreuses pertes chez les producteurs.<\/p>\n<p>C\u2019est dans cette optique que le PPACI-BF propose une solution innovante qui est l&rsquo;assurance climatique indicielle (IBWI), un m\u00e9canisme de compensation bas\u00e9 sur des param\u00e8tres m\u00e9t\u00e9orologiques.<\/p>\n<p>Contrairement aux assurances classiques, ce mod\u00e8le d&rsquo;assurance garantit un d\u00e9dommagement rapide et transparent, sans n\u00e9cessiter d&rsquo;expertise individuelle sur les exploitations.<\/p>\n<p>C&rsquo;est une phase-pilote qui concerne trois localit\u00e9s retenues \u00e0 travers deux r\u00e9gions \u00e0 savoir les communes de Safan\u00e9 et Tch\u00e9riba dans la r\u00e9gion de la Boucle du Mouhoun et Dori dans la r\u00e9gion du Sahel.<\/p>\n<p>Elle met l&rsquo;accent sur les populations les plus vuln\u00e9rables, notamment les femmes et les jeunes, qui constituent l\u00e9pine dorsale de nombreuses exploitations agricoles.<\/p>\n<p>En leur permettant d&rsquo;acc\u00e9der \u00e0 une assurance adapt\u00e9e, le programme favorise une agriculture plus s\u00e9curis\u00e9e et encourage linvestissement dans les cultures et stimule la croissance \u00e9conomique locale.<\/p>\n<p>Le pr\u00e9sident de la d\u00e9l\u00e9gation sp\u00e9ciale de la commune de Safan\u00e9, Ali Traor\u00e9, a exprim\u00e9 son engagement ind\u00e9fectible envers ce projet, saluant l&rsquo;implication des partenaires et le choix port\u00e9 sur sa commune pour abriter cette c\u00e9r\u00e9monie de lancement. I<\/p>\n<p>Il a exhort\u00e9 les agriculteurs \u00e0 saisir cette opportunit\u00e9 et \u00e0 se mobiliser massivement, afin que cette initiative b\u00e9n\u00e9ficie pleinement aux communaut\u00e9s locales.<\/p>\n<p>Pour le Haut-commissaire de la province du Mouhoun, Souleymane Nakanabo, la r\u00e9ussite du projet d\u00e9pend de la responsabilit\u00e9 collective.<\/p>\n<p>Pour cela, il a appel\u00e9 chaque acteur \u00e0 devenir un ambassadeur de lassurance indicielle, soulignant que la pr\u00e9vention et lanticipation sont essentielles pour p\u00e9renniser lagriculture burkinab\u00e8.<\/p>\n<p>Le Haut-commissaire de la province du Mouhoun, a salu\u00e9 le soutien strat\u00e9gique du PPACI-BF, du PNUD et de YEELEN Assurance, qui ont permis de faciliter l&rsquo;acc\u00e8s des producteurs \u00e0 une couverture efficace contre les risques climatiques.<\/p>\n<p>Des semences am\u00e9lior\u00e9es et des intrants agricoles ont \u00e9t\u00e9 remis aux producteurs afin de les aider dans leur production.<\/p>\n<p>Le repr\u00e9sentant des b\u00e9n\u00e9ficiaires, Boulaye Gn\u00e9m\u00e9, a r\u00e9affirm\u00e9 la mobilisation des producteurs et leur adh\u00e9sion enthousiaste \u00e0 cette initiative.<\/p>\n<p>Il a invit\u00e9 les producteurs \u00e0 souscrire massivement \u00e0 cette initiative qui leur permet de garantir leur production agricole afin d&rsquo; \u0153uvrer \u00e0 l&rsquo;atteinte de la souverainet\u00e9 alimentaire selon la vision des plus hautes autorit\u00e9s du pays.<\/p>\n<p>En effet, 2 890 producteurs des communes de Dori, Safan\u00e9 et Tch\u00e9riba ont d\u00e9j\u00e0 souscrit \u00e0 l&rsquo;assurance agricole indicielle depuis 2022, t\u00e9moignant de l&rsquo;int\u00e9r\u00eat croissant pour ce dispositif et de son impact tangible sur le terrain.<\/p>\n<p>Agence d\u2019information du Burkina<\/p>\n<p>SB\/hb\/yo<\/p>\n","protected":false},"excerpt":{"rendered":"<p>BURKINA-MOUHOUN-AGRICULTURE-ASSURANCE-CLIMATIQUE-LANCEMENT Mouhoun\u00a0: Le programme d&rsquo;assurance climatique indicielle 2025 lanc\u00e9 \u00e0\u00a0Safan\u00e9 D\u00e9dougou, le 12 juin 2025 (AIB)- Le Haut-commissaire de la province du Mouhoun, Souleymane Nakanabo, a pr\u00e9sid\u00e9, le jeudi 12 juin 2025 \u00e0 Safan\u00e9, le lancement de la campagne de souscription au Programme de promotion de l&rsquo;assurance climatique indicielle au Burkina Faso (PPACI-BF). Cet \u00e9v\u00e9nement [&hellip;]<\/p>\n","protected":false},"author":13,"featured_media":118752,"comment_status":"open","ping_status":"open","sticky":false,"template":"","format":"standard","meta":{"advanced_seo_description":"","jetpack_seo_html_title":"","jetpack_seo_noindex":false,"jetpack_post_was_ever_published":false,"footnotes":""},"categories":[173],"tags":[],"class_list":{"0":"post-118751","1":"post","2":"type-post","3":"status-publish","4":"format-standard","5":"has-post-thumbnail","7":"category-depeches"},"jetpack_featured_media_url":"https:\/\/i0.wp.com\/www.aib.media\/wp-content\/uploads\/2025\/06\/IMG-20250615-WA0017.jpg?fit=1080%2C346&ssl=1","jetpack_shortlink":"https:\/\/wp.me\/pavbHe-uTl","_links":{"self":[{"href":"https:\/\/www.aib.media\/index.php?rest_route=\/wp\/v2\/posts\/118751","targetHints":{"allow":["GET"]}}],"collection":[{"href":"https:\/\/www.aib.media\/index.php?rest_route=\/wp\/v2\/posts"}],"about":[{"href":"https:\/\/www.aib.media\/index.php?rest_route=\/wp\/v2\/types\/post"}],"author":[{"embeddable":true,"href":"https:\/\/www.aib.media\/index.php?rest_route=\/wp\/v2\/users\/13"}],"replies":[{"embeddable":true,"href":"https:\/\/www.aib.media\/index.php?rest_route=%2Fwp%2Fv2%2Fcomments&post=118751"}],"version-history":[{"count":0,"href":"https:\/\/www.aib.media\/index.php?rest_route=\/wp\/v2\/posts\/118751\/revisions"}],"wp:featuredmedia":[{"embeddable":true,"href":"https:\/\/www.aib.media\/index.php?rest_route=\/wp\/v2\/media\/118752"}],"wp:attachment":[{"href":"https:\/\/www.aib.media\/index.php?rest_route=%2Fwp%2Fv2%2Fmedia&parent=118751"}],"wp:term":[{"taxonomy":"category","embeddable":true,"href":"https:\/\/www.aib.media\/index.php?rest_route=%2Fwp%2Fv2%2Fcategories&post=118751"},{"taxonomy":"post_tag","embeddable":true,"href":"https:\/\/www.aib.media\/index.php?rest_route=%2Fwp%2Fv2%2Ftags&post=118751"}],"curies":[{"name":"wp","href":"https:\/\/api.w.org\/{rel}","templated":true}]}}