{"id":11313,"date":"2019-11-27T14:29:23","date_gmt":"2019-11-27T14:29:23","guid":{"rendered":"https:\/\/www.aib.media\/?p=11313"},"modified":"2019-11-27T14:29:23","modified_gmt":"2019-11-27T14:29:23","slug":"burkina-le-festival-ndjonmene-pour-combattre-les-grossesses-precoces-en-milieu-scolaire","status":"publish","type":"post","link":"https:\/\/www.aib.media\/?p=11313","title":{"rendered":"Burkina : le Festival N\u2019Djonm\u00e8n\u00e8 pour combattre les grossesses pr\u00e9coces en milieu scolaire"},"content":{"rendered":"<p>Burkina-Culture-Education-Festival<\/p>\n<p><strong>Burkina\u00a0: le Festival N\u2019Djonm\u00e8n\u00e8 pour combattre les grossesses pr\u00e9coces en milieu scolaire <\/strong><\/p>\n<p><strong>Bobo-Dioulasso, 27 nov. 2019 (AIB)-La deuxi\u00e8me \u00e9dition du Festival N\u2019Djonm\u00e8n\u00e8 (manger et boire en langue Bobo), s\u2019est d\u00e9roul\u00e9e du vendredi au dimanche dernier, \u00e0 Bobo-Dioulasso avec pour objectif, combattre les grossesses pr\u00e9coces en milieu scolaire.<\/strong><\/p>\n<p>C\u2019est sous le th\u00e8me \u00abZ\u00e9ro grossesse pr\u00e9coce en milieu scolaire\u00bb que ce festival s\u2019est tenu \u00e0 Sya dans la capitale \u00e9conomique du Burkina Faso.<\/p>\n<p>Selon le secr\u00e9taire g\u00e9n\u00e9ral de l\u2019Association Koulekan, Mohamed Traor\u00e9, initiateur du Festival, sa structure veut interpeller \u00abla soci\u00e9t\u00e9 sur ce ph\u00e9nom\u00e8ne qui prend une proportion inqui\u00e9tante\u00bb.<\/p>\n<p>\u00ab\u00a0Ce fl\u00e9au qui menace\u00a0 l\u2019avenir de notre jeunesse, a atteint le seuil de\u00a0 6000 cas entre 2012 et 2017\u00bb a-t-il affirm\u00e9.<\/p>\n<p>Le Festival N\u2019Djonm\u00e8n\u00e8 est une r\u00e9jouissance festive pour c\u00e9l\u00e9brer le N\u2019Djonm\u00e8n\u00e8 qui correspond au premier jour calendaire de la soci\u00e9t\u00e9 traditionnelle \u00ab\u00a0Bobo\u00a0\u00bb.<\/p>\n<p>\u00abElle se veut un cadre de valorisation de la culture, de la sauvegarde du patrimoine et de la sensibilisation\u00a0 des jeunes et des filles en particulier\u00bb, a expliqu\u00e9 la cheville ouvri\u00e8re de l\u2019\u00e9v\u00e9nement Mohamed Traor\u00e9.<\/p>\n<p>Cr\u00e9\u00e9, il y a quatre ans, \u00able Festival N\u2019Djonm\u00e8n\u00e8\u00a0est une invite \u00e0 la jeunesse de perp\u00e9tuer une pratique si ch\u00e8re \u00e0 la communaut\u00e9\u00bb a-t-il affirm\u00e9.<\/p>\n<p>Mohamed Traor\u00e9 a rendu hommage \u00e0 Micka\u00ebl Michou Konat\u00e9, l\u2019un des membres fondateurs de l\u2019Association Koulekan, d\u00e9c\u00e9d\u00e9 en mars dernier et \u00e0 l\u2019ensemble des victimes du terrorisme.<\/p>\n<p>La deuxi\u00e8me \u00e9dition \u00e9tait plac\u00e9e sous l\u2019autorit\u00e9 de la chefferie coutumi\u00e8re de Bobo-Dioulasso et a \u00e9t\u00e9 marqu\u00e9e par une parade dans les art\u00e8res de la ville, des causeries d\u00e9bats et des rites d\u2019initiation de jeunes filles.<\/p>\n<p>Le directeur de la maison de la culture Monseigneur Anselme Titianma Sanon,\u00a0 Etienne Lompo qui repr\u00e9sentait le ministre en charge de la culture, ont r\u00e9it\u00e9r\u00e9 la volont\u00e9 de ce dernier, de soutenir ce genre d\u2019initiatives.<br \/>\n<strong>Agence d\u2019Information du Burkina (AIB)<\/strong><br \/>\n<strong>Wis <\/strong><\/p>\n","protected":false},"excerpt":{"rendered":"<p>Burkina-Culture-Education-Festival Burkina\u00a0: le Festival N\u2019Djonm\u00e8n\u00e8 pour combattre les grossesses pr\u00e9coces en milieu scolaire Bobo-Dioulasso, 27 nov. 2019 (AIB)-La deuxi\u00e8me \u00e9dition du Festival N\u2019Djonm\u00e8n\u00e8 (manger et boire en langue Bobo), s\u2019est d\u00e9roul\u00e9e du vendredi au dimanche dernier, \u00e0 Bobo-Dioulasso avec pour objectif, combattre les grossesses pr\u00e9coces en milieu scolaire. C\u2019est sous le th\u00e8me \u00abZ\u00e9ro grossesse pr\u00e9coce [&hellip;]<\/p>\n","protected":false},"author":8,"featured_media":11314,"comment_status":"open","ping_status":"open","sticky":false,"template":"","format":"standard","meta":{"advanced_seo_description":"","jetpack_seo_html_title":"","jetpack_seo_noindex":false,"jetpack_post_was_ever_published":false,"footnotes":""},"categories":[55,56,57,44,42,100,173,58,93,50,121,102,203,41,36],"tags":[],"class_list":{"0":"post-11313","1":"post","2":"type-post","3":"status-publish","4":"format-standard","5":"has-post-thumbnail","7":"category-afrique","8":"category-amerique","9":"category-asie","10":"category-cascade","11":"category-centre","12":"category-comoe","13":"category-depeches","14":"category-europe","15":"category-flashinfos","16":"category-haut-bassins","17":"category-houet","18":"category-kadiogo","19":"category-la-une-aib","20":"category-monde","21":"category-societe"},"jetpack_featured_media_url":"https:\/\/i0.wp.com\/www.aib.media\/wp-content\/uploads\/2019\/11\/Festival.jpg?fit=1040%2C585&ssl=1","jetpack_shortlink":"https:\/\/wp.me\/pavbHe-2Wt","_links":{"self":[{"href":"https:\/\/www.aib.media\/index.php?rest_route=\/wp\/v2\/posts\/11313","targetHints":{"allow":["GET"]}}],"collection":[{"href":"https:\/\/www.aib.media\/index.php?rest_route=\/wp\/v2\/posts"}],"about":[{"href":"https:\/\/www.aib.media\/index.php?rest_route=\/wp\/v2\/types\/post"}],"author":[{"embeddable":true,"href":"https:\/\/www.aib.media\/index.php?rest_route=\/wp\/v2\/users\/8"}],"replies":[{"embeddable":true,"href":"https:\/\/www.aib.media\/index.php?rest_route=%2Fwp%2Fv2%2Fcomments&post=11313"}],"version-history":[{"count":0,"href":"https:\/\/www.aib.media\/index.php?rest_route=\/wp\/v2\/posts\/11313\/revisions"}],"wp:featuredmedia":[{"embeddable":true,"href":"https:\/\/www.aib.media\/index.php?rest_route=\/wp\/v2\/media\/11314"}],"wp:attachment":[{"href":"https:\/\/www.aib.media\/index.php?rest_route=%2Fwp%2Fv2%2Fmedia&parent=11313"}],"wp:term":[{"taxonomy":"category","embeddable":true,"href":"https:\/\/www.aib.media\/index.php?rest_route=%2Fwp%2Fv2%2Fcategories&post=11313"},{"taxonomy":"post_tag","embeddable":true,"href":"https:\/\/www.aib.media\/index.php?rest_route=%2Fwp%2Fv2%2Ftags&post=11313"}],"curies":[{"name":"wp","href":"https:\/\/api.w.org\/{rel}","templated":true}]}}