{"id":111221,"date":"2025-04-01T10:41:37","date_gmt":"2025-04-01T10:41:37","guid":{"rendered":"https:\/\/www.aib.media\/?p=111221"},"modified":"2025-04-01T10:41:37","modified_gmt":"2025-04-01T10:41:37","slug":"gourma-education-la-ceb-de-fada-ngourma-1-renforce-les-capacites-des-agents-au-bureau","status":"publish","type":"post","link":"https:\/\/www.aib.media\/?p=111221","title":{"rendered":"Gourma\/Education : La CEB de Fada N\u2019Gourma 1 renforce les capacit\u00e9s des agents au bureau"},"content":{"rendered":"<p>BURKINA-GOURMA-EDUCATION-FORMATION<\/p>\n<p><strong>Gourma\/Education : La CEB de Fada N\u2019Gourma 1 renforce les capacit\u00e9s des agents au bureau<\/strong><\/p>\n<p>Fada N\u2019Gourma, 27 mars 2025 (AIB)-La Circonscription d\u2019\u00e9ducation de base (CEB) de Fada N\u2019Gourma 1, a form\u00e9, les 25 et 26 mars 2025 \u00e0 Fada N\u2019Gourma, des agents au bureau dans l\u2019\u00e9laboration du programme d\u2019activit\u00e9, pour assurer une \u00e9ducation de qualit\u00e9.<\/p>\n<p>Le renforcement des acteurs de l\u2019\u00e9ducation est bien capital et c\u2019est dans cette lanc\u00e9e que la CEB de Fada N\u2019Gourma 1 a initi\u00e9 une formation les 25 et 26 mars 2025 \u00e0 Fada N\u2019Gourma, pour renforcer la capacit\u00e9 des agents au bureau dans l\u2019\u00e9laboration du programme d\u2019activit\u00e9.<\/p>\n<p>Selon l\u2019encadreur p\u00e9dagogique, Armelle Oumou Sond\u00e9, qui a livr\u00e9 le message du Chef de circonscription de Fada N\u2019Gourma 1, l\u2019initiation de cette formation de 48 heures sur l\u2019\u00e9laboration du programme d\u2019activit\u00e9 r\u00e9sulte d\u2019un constat que les chefs de bureau, bien que r\u00e9cipiendaires de lettres de mission, rencontrent souvent des difficult\u00e9s dans la conception et la planification de leurs activit\u00e9s.<br \/>\nElle a ajout\u00e9 que ce d\u00e9fi compromet parfois la bonne ex\u00e9cution des t\u00e2ches qui leur sont confi\u00e9es et l\u2019atteinte des objectifs assign\u00e9s.<\/p>\n<p>Le formateur par ailleurs chef de service des Etudes de la planification \u00e0 la direction provinciale en charge de l\u2019Education primaire du Gourma, Loukman Ou\u00e9draogo, a laiss\u00e9 entendre que le programme d\u2019activit\u00e9s qui a \u00e9t\u00e9 rendu obligatoire par le l\u00e9gislateur burkinab\u00e8 depuis 2017 est un outil essentiel pour la mise en \u0153uvre et le suivi des activit\u00e9s dans les structures \u00e9ducatives.<\/p>\n<p>Durant ces deux jours de formation, M. Ou\u00e9draogo a revu les concepts li\u00e9s au programme d\u2019activit\u00e9s, les diff\u00e9rentes nomenclatures budg\u00e9taires du minist\u00e8re en charge de l\u2019Education primaire afin que chaque participant en fonction de ses missions puissent d\u00e9crire les actions \u00e0 mener avec des objectifs sp\u00e9cifiques.<br \/>\n\u00ab On avait des activit\u00e9s pour \u00e9laborer un programme d\u2019activit\u00e9s \u00bb, a fait savoir le chef de bureau du pr\u00e9scolaire, Labidi Dahani.<\/p>\n<p>Il a soutenu que la formation est la bienvenue avec un sp\u00e9cialiste du domaine qui a \u00e9clair\u00e9 leurs lanternes sur certains aspects.<br \/>\nAvec ces nouvelles acquises, il a indiqu\u00e9 qu\u2019ils pourront accomplir ais\u00e9ment leurs t\u00e2ches dans le temps avec une bonne planification.<\/p>\n<p>Le chef de bureau des examens et concours, Hamidou Naba, a rench\u00e9ri en soutenant qu\u2019auparavant, ils \u00e9laboraient leur programme d\u2019activit\u00e9s \u00e0 la vol\u00e9e si bien qu\u2019il y avait des failles.<br \/>\n\u00ab Apr\u00e8s cette formation, je suis bien outill\u00e9 pour \u00e9laborer un bon programme d\u2019activit\u00e9s \u00bb, a clam\u00e9 M. Naba.<\/p>\n<p>Agence d\u2019information du Burkina<br \/>\nKAC\/hb \/bz<\/p>\n","protected":false},"excerpt":{"rendered":"<p>BURKINA-GOURMA-EDUCATION-FORMATION Gourma\/Education : La CEB de Fada N\u2019Gourma 1 renforce les capacit\u00e9s des agents au bureau Fada N\u2019Gourma, 27 mars 2025 (AIB)-La Circonscription d\u2019\u00e9ducation de base (CEB) de Fada N\u2019Gourma 1, a form\u00e9, les 25 et 26 mars 2025 \u00e0 Fada N\u2019Gourma, des agents au bureau dans l\u2019\u00e9laboration du programme d\u2019activit\u00e9, pour assurer une \u00e9ducation [&hellip;]<\/p>\n","protected":false},"author":10,"featured_media":111222,"comment_status":"open","ping_status":"open","sticky":false,"template":"","format":"standard","meta":{"advanced_seo_description":"","jetpack_seo_html_title":"","jetpack_seo_noindex":false,"jetpack_post_was_ever_published":false,"footnotes":""},"categories":[60,173,789,37,49,93,116,117,118,119,203,38,120],"tags":[],"class_list":{"0":"post-111221","1":"post","2":"type-post","3":"status-publish","4":"format-standard","5":"has-post-thumbnail","7":"category-culture","8":"category-depeches","9":"category-developpement","10":"category-economie","11":"category-est","12":"category-flashinfos","13":"category-gnagna","14":"category-gourma","15":"category-komandjari","16":"category-kompienga","17":"category-la-une-aib","18":"category-politique","19":"category-tapoa"},"jetpack_featured_media_url":"https:\/\/i0.wp.com\/www.aib.media\/wp-content\/uploads\/2025\/04\/IMG-20250401-WA0027.jpg?fit=960%2C432&ssl=1","jetpack_shortlink":"https:\/\/wp.me\/pavbHe-sVT","_links":{"self":[{"href":"https:\/\/www.aib.media\/index.php?rest_route=\/wp\/v2\/posts\/111221","targetHints":{"allow":["GET"]}}],"collection":[{"href":"https:\/\/www.aib.media\/index.php?rest_route=\/wp\/v2\/posts"}],"about":[{"href":"https:\/\/www.aib.media\/index.php?rest_route=\/wp\/v2\/types\/post"}],"author":[{"embeddable":true,"href":"https:\/\/www.aib.media\/index.php?rest_route=\/wp\/v2\/users\/10"}],"replies":[{"embeddable":true,"href":"https:\/\/www.aib.media\/index.php?rest_route=%2Fwp%2Fv2%2Fcomments&post=111221"}],"version-history":[{"count":0,"href":"https:\/\/www.aib.media\/index.php?rest_route=\/wp\/v2\/posts\/111221\/revisions"}],"wp:featuredmedia":[{"embeddable":true,"href":"https:\/\/www.aib.media\/index.php?rest_route=\/wp\/v2\/media\/111222"}],"wp:attachment":[{"href":"https:\/\/www.aib.media\/index.php?rest_route=%2Fwp%2Fv2%2Fmedia&parent=111221"}],"wp:term":[{"taxonomy":"category","embeddable":true,"href":"https:\/\/www.aib.media\/index.php?rest_route=%2Fwp%2Fv2%2Fcategories&post=111221"},{"taxonomy":"post_tag","embeddable":true,"href":"https:\/\/www.aib.media\/index.php?rest_route=%2Fwp%2Fv2%2Ftags&post=111221"}],"curies":[{"name":"wp","href":"https:\/\/api.w.org\/{rel}","templated":true}]}}