{"id":10690,"date":"2019-10-28T11:29:34","date_gmt":"2019-10-28T11:29:34","guid":{"rendered":"https:\/\/www.aib.media\/?p=10690"},"modified":"2019-10-29T11:33:36","modified_gmt":"2019-10-29T11:33:36","slug":"kaya-sacrifie-a-la-journee-nationale-de-montee-de-couleurs","status":"publish","type":"post","link":"https:\/\/www.aib.media\/?p=10690","title":{"rendered":"Kaya sacrifie \u00e0 la journ\u00e9e nationale de mont\u00e9e de couleurs"},"content":{"rendered":"<p><strong>Kaya, (AIB)-Dans le cadre de la Semaine nationale de la citoyennet\u00e9, la journ\u00e9e nationale de mont\u00e9e des couleurs a \u00e9t\u00e9 c\u00e9l\u00e9br\u00e9e, le lundi 28 octobre 2019, \u00e0 Kaya.<\/strong><\/p>\n<p><strong>Des valeurs de probit\u00e9, de dignit\u00e9, de discipline et de coh\u00e9sion sociale\u2026sont de plus en plus en d\u00e9perdition dans le pays des Hommes int\u00e8gres.<\/strong><\/p>\n<div class=\"text_exposed_show\">\n<p>Pour rectifier le tir, le gouvernement burkinab\u00e8 a d\u00e9di\u00e9, le 28 octobre, comme Journ\u00e9e de mont\u00e9e des couleurs (JMC).<\/p>\n<p>Pour se conformer \u00e0 cette d\u00e9cision, les autorit\u00e9s r\u00e9gionales du Centre-Nord l\u2019ont c\u00e9l\u00e9br\u00e9e, le lundi 28 octobre, \u00e0 Kaya.<\/p>\n<p><img data-recalc-dims=\"1\" loading=\"lazy\" decoding=\"async\" data-attachment-id=\"10692\" data-permalink=\"https:\/\/www.aib.media\/?attachment_id=10692\" data-orig-file=\"https:\/\/i0.wp.com\/www.aib.media\/wp-content\/uploads\/2019\/10\/couleur-1.jpg?fit=1040%2C1436&amp;ssl=1\" data-orig-size=\"1040,1436\" data-comments-opened=\"1\" data-image-meta=\"{&quot;aperture&quot;:&quot;0&quot;,&quot;credit&quot;:&quot;&quot;,&quot;camera&quot;:&quot;&quot;,&quot;caption&quot;:&quot;&quot;,&quot;created_timestamp&quot;:&quot;0&quot;,&quot;copyright&quot;:&quot;&quot;,&quot;focal_length&quot;:&quot;0&quot;,&quot;iso&quot;:&quot;0&quot;,&quot;shutter_speed&quot;:&quot;0&quot;,&quot;title&quot;:&quot;&quot;,&quot;orientation&quot;:&quot;1&quot;}\" data-image-title=\"couleur 1\" data-image-description=\"\" data-image-caption=\"\" data-medium-file=\"https:\/\/i0.wp.com\/www.aib.media\/wp-content\/uploads\/2019\/10\/couleur-1.jpg?fit=217%2C300&amp;ssl=1\" data-large-file=\"https:\/\/i0.wp.com\/www.aib.media\/wp-content\/uploads\/2019\/10\/couleur-1.jpg?fit=696%2C961&amp;ssl=1\" class=\"alignleft wp-image-10692\" src=\"https:\/\/i0.wp.com\/www.aib.media\/wp-content\/uploads\/2019\/10\/couleur-1.jpg?resize=398%2C550&#038;ssl=1\" alt=\"\" width=\"398\" height=\"550\" srcset=\"https:\/\/i0.wp.com\/www.aib.media\/wp-content\/uploads\/2019\/10\/couleur-1.jpg?resize=742%2C1024&amp;ssl=1 742w, https:\/\/i0.wp.com\/www.aib.media\/wp-content\/uploads\/2019\/10\/couleur-1.jpg?resize=217%2C300&amp;ssl=1 217w, https:\/\/i0.wp.com\/www.aib.media\/wp-content\/uploads\/2019\/10\/couleur-1.jpg?resize=768%2C1060&amp;ssl=1 768w, https:\/\/i0.wp.com\/www.aib.media\/wp-content\/uploads\/2019\/10\/couleur-1.jpg?resize=696%2C961&amp;ssl=1 696w, https:\/\/i0.wp.com\/www.aib.media\/wp-content\/uploads\/2019\/10\/couleur-1.jpg?resize=304%2C420&amp;ssl=1 304w, https:\/\/i0.wp.com\/www.aib.media\/wp-content\/uploads\/2019\/10\/couleur-1.jpg?w=1040&amp;ssl=1 1040w\" sizes=\"auto, (max-width: 398px) 100vw, 398px\" \/>Selon le gouverneur de la r\u00e9gion centre-Nord, Casimir S\u00e9gu\u00e9da, les symboles de l\u2019Etat, notamment les couleurs nationales sont sacr\u00e9es et qu\u2019il est temps de les conserver, afin de les l\u00e9guer aux g\u00e9n\u00e9rations futures.<\/p>\n<p>Selon ses dires, cette journ\u00e9e s\u2019inscrit dans le cadre de la Semaine nationale de citoyennet\u00e9 (SNC), plac\u00e9e sous le th\u00e8me : \u00abQuelle contribution du citoyen au renforcement de la d\u00e9mocratie et de l\u2019unit\u00e9 nationale dans un contexte de d\u00e9fi s\u00e9curitaire\u00bb.<\/p>\n<p>Pour M. S\u00e9gu\u00e9da, il s\u2019agit d\u2019un th\u00e8me qui interpelle les Burkinab\u00e8 sur leur responsabilit\u00e9 individuelle et collective et leur r\u00f4le dans le renforcement de la d\u00e9mocratie et la coh\u00e9sion sociale.<\/p>\n<p>\u00abL\u2019objectif vise \u00e0 susciter une meilleure appropriation de la port\u00e9e des messages pr\u00f4n\u00e9s par les symboles du Burkina Faso\u00bb, a-t-il poursuivi.<\/p>\n<p>Dans son discours, il a soulign\u00e9 que la lev\u00e9e et la descente des couleurs expriment la souverainet\u00e9 de la nation et rappellent l\u2019attachement et le d\u00e9vouement des Burkinab\u00e8 \u00e0 cette m\u00eame nation. C\u2019est pourquoi, il a exhort\u00e9 les Corps constitu\u00e9s de sa r\u00e9gion \u00e0 p\u00e9renniser ce geste patriotique dans leurs services.<\/p>\n<p>\u00abLe secteur de l\u2019\u00e9ducation doit aussi inculquer cette valeur cardinale \u00e0 nos enfants qui constituent l\u2019avenir de notre pays\u00bb, a souhait\u00e9 Casimir S\u00e9gu\u00e9da.<\/p>\n<p>Il a mis l\u2019occasion \u00e0 profit pour lancer un appel \u00e0 l\u2019union sacr\u00e9e des populations, afin de bouter les forces du mal hors du Burkina Faso.<\/p>\n<p>Le drapeau du Burkina Faso est constitu\u00e9 de deux bandes horizontales (rouge et verte) de dimension \u00e9gales avec une \u00e9toile dor\u00e9e au milieu \u00e0 cinq branches.<\/p>\n<p>Selon le gouverneur S\u00e9gu\u00e9da, le rouge repr\u00e9sente le sang que les citoyens ont vers\u00e9 pour le triomphe des id\u00e9aux de justice et de libert\u00e9. Le vert est la couleur de l\u2019agriculture et de l\u2019esp\u00e9rance et l\u2019\u00e9toile jaune-or est le guide et le phare de la politique burkinab\u00e8.<br \/>\n<strong>Emil SEGDA<\/strong><\/p>\n<\/div>\n","protected":false},"excerpt":{"rendered":"<p>Kaya, (AIB)-Dans le cadre de la Semaine nationale de la citoyennet\u00e9, la journ\u00e9e nationale de mont\u00e9e des couleurs a \u00e9t\u00e9 c\u00e9l\u00e9br\u00e9e, le lundi 28 octobre 2019, \u00e0 Kaya. Des valeurs de probit\u00e9, de dignit\u00e9, de discipline et de coh\u00e9sion sociale\u2026sont de plus en plus en d\u00e9perdition dans le pays des Hommes int\u00e8gres. Pour rectifier le [&hellip;]<\/p>\n","protected":false},"author":9,"featured_media":10691,"comment_status":"open","ping_status":"open","sticky":false,"template":"","format":"standard","meta":{"advanced_seo_description":"","jetpack_seo_html_title":"","jetpack_seo_noindex":false,"jetpack_post_was_ever_published":false,"footnotes":""},"categories":[46,173,203],"tags":[],"class_list":{"0":"post-10690","1":"post","2":"type-post","3":"status-publish","4":"format-standard","5":"has-post-thumbnail","7":"category-centre-nord","8":"category-depeches","9":"category-la-une-aib"},"jetpack_featured_media_url":"https:\/\/i0.wp.com\/www.aib.media\/wp-content\/uploads\/2019\/10\/Couleur-2.jpg?fit=1000%2C634&ssl=1","jetpack_shortlink":"https:\/\/wp.me\/pavbHe-2Mq","_links":{"self":[{"href":"https:\/\/www.aib.media\/index.php?rest_route=\/wp\/v2\/posts\/10690","targetHints":{"allow":["GET"]}}],"collection":[{"href":"https:\/\/www.aib.media\/index.php?rest_route=\/wp\/v2\/posts"}],"about":[{"href":"https:\/\/www.aib.media\/index.php?rest_route=\/wp\/v2\/types\/post"}],"author":[{"embeddable":true,"href":"https:\/\/www.aib.media\/index.php?rest_route=\/wp\/v2\/users\/9"}],"replies":[{"embeddable":true,"href":"https:\/\/www.aib.media\/index.php?rest_route=%2Fwp%2Fv2%2Fcomments&post=10690"}],"version-history":[{"count":0,"href":"https:\/\/www.aib.media\/index.php?rest_route=\/wp\/v2\/posts\/10690\/revisions"}],"wp:featuredmedia":[{"embeddable":true,"href":"https:\/\/www.aib.media\/index.php?rest_route=\/wp\/v2\/media\/10691"}],"wp:attachment":[{"href":"https:\/\/www.aib.media\/index.php?rest_route=%2Fwp%2Fv2%2Fmedia&parent=10690"}],"wp:term":[{"taxonomy":"category","embeddable":true,"href":"https:\/\/www.aib.media\/index.php?rest_route=%2Fwp%2Fv2%2Fcategories&post=10690"},{"taxonomy":"post_tag","embeddable":true,"href":"https:\/\/www.aib.media\/index.php?rest_route=%2Fwp%2Fv2%2Ftags&post=10690"}],"curies":[{"name":"wp","href":"https:\/\/api.w.org\/{rel}","templated":true}]}}