{"id":101242,"date":"2024-12-10T22:45:28","date_gmt":"2024-12-10T22:45:28","guid":{"rendered":"https:\/\/www.aib.media\/?p=101242"},"modified":"2024-12-10T22:45:28","modified_gmt":"2024-12-10T22:45:28","slug":"defense-la-nation-salue-le-merite-de-155-forces-combattantes","status":"publish","type":"post","link":"https:\/\/www.aib.media\/?p=101242","title":{"rendered":"D\u00e9fense: La Nation salue le m\u00e9rite de 155 Forces combattantes"},"content":{"rendered":"<p>Burkina-D\u00e9fense-D\u00e9coration :<\/p>\n<p>D\u00e9fense: La Nation salue le m\u00e9rite de 155 Forces combattantes<\/p>\n<p>Ouagadougou, 10 d\u00e9c. 2024 (AIB) \u2013 Le minist\u00e8re en charge de la D\u00e9fense a d\u00e9cor\u00e9, lundi, 154 membres des Forces de d\u00e9fense et de s\u00e9curit\u00e9 (FDS) et un Volontaire pour la d\u00e9fense de la patrie (VDP) pour leur d\u00e9vouement \u00e0 la nation dans l\u2019exercice de leurs fonctions.<\/p>\n<p>Au total, 43 agents du minist\u00e8re de la D\u00e9fense ont \u00e9t\u00e9 d\u00e9cor\u00e9s dans l\u2019ordre de l\u2019\u00c9talon et 112 autres dans l\u2019ordre du M\u00e9rite burkinab\u00e8, ce lundi 9 d\u00e9cembre 2024.<\/p>\n<p>\u00ab Ils ont \u00e9t\u00e9 distingu\u00e9s dans plusieurs grades, dont ceux de grands officiers, de commandeurs, d\u2019officiers et de chevaliers, pour leurs ann\u00e9es d\u2019abn\u00e9gation au service de la nation \u00bb, a d\u00e9clar\u00e9 l\u2019ancien ministre en charge de la D\u00e9fense, Kassoum Coulibaly, qui a pr\u00e9sid\u00e9 la c\u00e9r\u00e9monie de d\u00e9coration.<\/p>\n<p>Selon l\u2019ancien ministre, les r\u00e9cipiendaires sont des FDS en activit\u00e9 et des retrait\u00e9s qui se sont d\u00e9marqu\u00e9s par leur travail bien fait et les nombreux sacrifices consentis dans l\u2019exercice de leurs fonctions.<\/p>\n<p>Le g\u00e9n\u00e9ral de brigade Kassoum Coulibaly, saluant les r\u00e9cipiendaires pour cette distinction, a affirm\u00e9 que cette d\u00e9coration symbolise le droit \u00e0 la reconnaissance de la nation envers l\u2019ensemble des filles et fils du pays.<\/p>\n<p>Il a \u00e9galement fait savoir que ces distinctions se poursuivront dans les diff\u00e9rentes r\u00e9gions militaires du Burkina Faso.<\/p>\n<p>Yaya Dima, le seul Volontaire pour la d\u00e9fense de la patrie d\u00e9cor\u00e9 \u00e0 cette occasion, a remerci\u00e9 les autorit\u00e9s pour cette reconnaissance.<\/p>\n<p>Il a par ailleurs invit\u00e9 les Burkinab\u00e8 \u00e0 l\u2019union sacr\u00e9e pour la lib\u00e9ration du pays des groupes arm\u00e9s terroristes.<\/p>\n<p>Agence d\u2019information du Burkina<br \/>\nZO\/ata<\/p>\n","protected":false},"excerpt":{"rendered":"<p>Burkina-D\u00e9fense-D\u00e9coration : D\u00e9fense: La Nation salue le m\u00e9rite de 155 Forces combattantes Ouagadougou, 10 d\u00e9c. 2024 (AIB) \u2013 Le minist\u00e8re en charge de la D\u00e9fense a d\u00e9cor\u00e9, lundi, 154 membres des Forces de d\u00e9fense et de s\u00e9curit\u00e9 (FDS) et un Volontaire pour la d\u00e9fense de la patrie (VDP) pour leur d\u00e9vouement \u00e0 la nation dans [&hellip;]<\/p>\n","protected":false},"author":13,"featured_media":101243,"comment_status":"open","ping_status":"open","sticky":false,"template":"","format":"standard","meta":{"advanced_seo_description":"","jetpack_seo_html_title":"","jetpack_seo_noindex":false,"jetpack_post_was_ever_published":false,"footnotes":""},"categories":[42,173,93,102,203,36],"tags":[],"class_list":{"0":"post-101242","1":"post","2":"type-post","3":"status-publish","4":"format-standard","5":"has-post-thumbnail","7":"category-centre","8":"category-depeches","9":"category-flashinfos","10":"category-kadiogo","11":"category-la-une-aib","12":"category-societe"},"jetpack_featured_media_url":"https:\/\/i0.wp.com\/www.aib.media\/wp-content\/uploads\/2024\/12\/WhatsApp-Image-2024-12-10-at-22.37.15.jpeg?fit=1124%2C750&ssl=1","jetpack_shortlink":"https:\/\/wp.me\/pavbHe-qkW","_links":{"self":[{"href":"https:\/\/www.aib.media\/index.php?rest_route=\/wp\/v2\/posts\/101242","targetHints":{"allow":["GET"]}}],"collection":[{"href":"https:\/\/www.aib.media\/index.php?rest_route=\/wp\/v2\/posts"}],"about":[{"href":"https:\/\/www.aib.media\/index.php?rest_route=\/wp\/v2\/types\/post"}],"author":[{"embeddable":true,"href":"https:\/\/www.aib.media\/index.php?rest_route=\/wp\/v2\/users\/13"}],"replies":[{"embeddable":true,"href":"https:\/\/www.aib.media\/index.php?rest_route=%2Fwp%2Fv2%2Fcomments&post=101242"}],"version-history":[{"count":0,"href":"https:\/\/www.aib.media\/index.php?rest_route=\/wp\/v2\/posts\/101242\/revisions"}],"wp:featuredmedia":[{"embeddable":true,"href":"https:\/\/www.aib.media\/index.php?rest_route=\/wp\/v2\/media\/101243"}],"wp:attachment":[{"href":"https:\/\/www.aib.media\/index.php?rest_route=%2Fwp%2Fv2%2Fmedia&parent=101242"}],"wp:term":[{"taxonomy":"category","embeddable":true,"href":"https:\/\/www.aib.media\/index.php?rest_route=%2Fwp%2Fv2%2Fcategories&post=101242"},{"taxonomy":"post_tag","embeddable":true,"href":"https:\/\/www.aib.media\/index.php?rest_route=%2Fwp%2Fv2%2Ftags&post=101242"}],"curies":[{"name":"wp","href":"https:\/\/api.w.org\/{rel}","templated":true}]}}